{"id":102055,"date":"2025-11-15T00:44:09","date_gmt":"2025-11-15T00:44:09","guid":{"rendered":"https:\/\/www.europesays.com\/pl\/102055\/"},"modified":"2025-11-15T00:44:09","modified_gmt":"2025-11-15T00:44:09","slug":"skandal-na-meczu-z-holandia-race-na-murawie-mecz-przerwany-sport-tvp-pl","status":"publish","type":"post","link":"https:\/\/www.europesays.com\/pl\/102055\/","title":{"rendered":"Skandal na meczu z Holandi\u0105. Race na murawie, mecz przerwany &#8211; sport.tvp.pl"},"content":{"rendered":"<ol>\n<li><a href=\"https:\/\/news.google.com\/rss\/articles\/CBMirgFBVV95cUxQZE9KV1ZCdVd3d094cERfcFJEc0YtWDJzRTUzMW92bzNaTFhBdjhETlBFVmJXbVZlTlN4UTRsNUt5RnhZWmpvTWhERWg0TXhqQldNTUJtMzdZLS1mNGhEb1pEeU16ampPM2tCTHBLcUdjUGdXR29BN3VGbXpINmRxX3pqcVBZTnhtUkQtZGFoMHN4eUttQVNFUDcwa25mZFAxdzlMek80cEhtb1JQUGfSAbMBQVVfeXFMTVV1bFU4UXQxU2twcml5QV96aDVfT1Z2dTRCZ1M3V041TjVyUk5weHNrTjI5Q1lhTk5Lb3ZNQWQ3Z2N3T2REdHNCRWdtNjcySjh2Z3lmQ2NKMHNlMHlDdE1PVU84VFZ2cUlzck5WRGx6WEJjZlBfbHpVcnhFVHRGSFZqVlIxaktTdGlEWVpKazBTNEhjNldVWGhNTEtVaTNoZGUxTGp3MmJKZ01acDE2Y25TYVk?oc=5\" target=\"_blank\" rel=\"nofollow noopener\">Skandal na meczu z Holandi\u0105. Race na murawie, mecz przerwany<\/a>&nbsp;&nbsp;sport.tvp.pl<\/li>\n<li><a href=\"https:\/\/news.google.com\/rss\/articles\/CBMivwFBVV95cUxOUHBXYWZ4aElKUDRHc1RjX094aWt4a3kwQnNVODZ6QjVqbUY1V0FJd0dXUEgzRmdxNlNHdDhXaHpET2gzckhMbl9vVThjdGZkYTVqVF93eTNmc29hOUlTTklTcm1LSXZFWlBEODVGdlJ0dVNxZHZfS1A5elBxSXRFclF4d0tsMTB1MEdnWGFCYUFUUFllYnB0b3ZJNnZudFlydXQ5RW5mbU9yR0dJY3JoUWpqVG1XbnpzOXh0WDA5SQ?oc=5\" target=\"_blank\" rel=\"nofollow noopener\">Tak polscy kibice potraktowali Karola Nawrockiego na meczu Polska \u2014 Holandia<\/a>&nbsp;&nbsp;Przegl\u0105d Sportowy Onet<\/li>\n<li><a href=\"https:\/\/news.google.com\/rss\/articles\/CBMinwFBVV95cUxQYTd5c2RGNzJZdWpWeFVaWW9Ua0hjUWlpbFpLQi1lQ1pUUUFMRzBpdzdUajktalhKMnZkN2M5UEdMUVB2UHdVNVk4X1lNdnFUU3JaM01NcHpLd1o0NWRNbnFBZ3lEYWMxbW82eDVjYUJuZFBQc20xRl9xMWdHX0Jsb3F1U3R2Y0NscW1xbEFyYW9zSW9DMVExNzhscmtfR1E?oc=5\" target=\"_blank\" rel=\"nofollow noopener\">I wszystko jasne. Oto tabela &#8222;polskiej&#8221; grupy<\/a>&nbsp;&nbsp;SportoweFakty<\/li>\n<li><a href=\"https:\/\/news.google.com\/rss\/articles\/CBMiqwFBVV95cUxOWXZ5NWMzeEkwWmNPUzFVMXNwRUtJUDkyRmY3VUMwVW1LZk9rZWlUdWpJQ2oyYkJ0czhwSkVsbDJHZ09tOWpoTjF5VE1oRVZ0VzQtVzlhTWNOcFEwWUdnMXI4UHR3bVRzenZNZHBldGcyeXQ5YjNJei03SV9SN1p0Q1h0bTM1Rmk1ZGhJTEhnd283VU9ScnZsRm5xNVFEWE5FNnlTVnB4RXdYcWs?oc=5\" target=\"_blank\" rel=\"nofollow noopener\">Grali jak r\u00f3wny z r\u00f3wnym. Polska remisuje z Holandi\u0105<\/a>&nbsp;&nbsp;RMF24<\/li>\n<li><a href=\"https:\/\/news.google.com\/rss\/articles\/CBMingFBVV95cUxOdWlqQnpfRHpvVk5QeHNncWIwRDNkRHZJX1FVSGYxX3ZlSXBacW1PRWlqeDFJbzBXaXE0QU5WOXZDQ3J4QVRaRXdGWjVjN2xUd0VWaDBRaHFEQnlSWjZ0ZzdfNzVyWW9DOHpId0xOLVZ4bGhwVkxIc3l3eFRNd2g0aXlqd2I2MUo0ZUExZkJtYl9HRllYUklBc1N3LThnQQ?oc=5\" target=\"_blank\" rel=\"nofollow noopener\">Reprezentacja Polski na PGE Narodowym!<\/a>&nbsp;&nbsp;PGE Narodowy<\/li>\n<\/ol>\n","protected":false},"excerpt":{"rendered":"Skandal na meczu z Holandi\u0105. Race na murawie, mecz przerwany&nbsp;&nbsp;sport.tvp.pl Tak polscy kibice potraktowali Karola Nawrockiego na meczu&hellip;\n","protected":false},"author":2,"featured_media":102056,"comment_status":"","ping_status":"","sticky":false,"template":"","format":"standard","meta":{"footnotes":""},"categories":[24],"tags":[9880,42,38,40,39,41,537,127,334,126],"class_list":{"0":"post-102055","1":"post","2":"type-post","3":"status-publish","4":"format-standard","5":"has-post-thumbnail","7":"category-sport","8":"tag-kibice","9":"tag-pl","10":"tag-poland","11":"tag-polish","12":"tag-polska","13":"tag-polski","14":"tag-reprezentacja-polski","15":"tag-sport","16":"tag-sport-tvp-pl","17":"tag-sports"},"share_on_mastodon":{"url":"https:\/\/pubeurope.com\/@pl\/115550949391326981","error":""},"_links":{"self":[{"href":"https:\/\/www.europesays.com\/pl\/wp-json\/wp\/v2\/posts\/102055","targetHints":{"allow":["GET"]}}],"collection":[{"href":"https:\/\/www.europesays.com\/pl\/wp-json\/wp\/v2\/posts"}],"about":[{"href":"https:\/\/www.europesays.com\/pl\/wp-json\/wp\/v2\/types\/post"}],"author":[{"embeddable":true,"href":"https:\/\/www.europesays.com\/pl\/wp-json\/wp\/v2\/users\/2"}],"replies":[{"embeddable":true,"href":"https:\/\/www.europesays.com\/pl\/wp-json\/wp\/v2\/comments?post=102055"}],"version-history":[{"count":0,"href":"https:\/\/www.europesays.com\/pl\/wp-json\/wp\/v2\/posts\/102055\/revisions"}],"wp:featuredmedia":[{"embeddable":true,"href":"https:\/\/www.europesays.com\/pl\/wp-json\/wp\/v2\/media\/102056"}],"wp:attachment":[{"href":"https:\/\/www.europesays.com\/pl\/wp-json\/wp\/v2\/media?parent=102055"}],"wp:term":[{"taxonomy":"category","embeddable":true,"href":"https:\/\/www.europesays.com\/pl\/wp-json\/wp\/v2\/categories?post=102055"},{"taxonomy":"post_tag","embeddable":true,"href":"https:\/\/www.europesays.com\/pl\/wp-json\/wp\/v2\/tags?post=102055"}],"curies":[{"name":"wp","href":"https:\/\/api.w.org\/{rel}","templated":true}]}}