{"id":102059,"date":"2025-11-15T00:50:11","date_gmt":"2025-11-15T00:50:11","guid":{"rendered":"https:\/\/www.europesays.com\/pl\/102059\/"},"modified":"2025-11-15T00:50:11","modified_gmt":"2025-11-15T00:50:11","slug":"karol-nawrocki-kibicuje-bialo-czerwonym-na-trybunach-pojawil-sie-z-synem","status":"publish","type":"post","link":"https:\/\/www.europesays.com\/pl\/102059\/","title":{"rendered":"Karol Nawrocki kibicuje Bia\u0142o-Czerwonym. Na trybunach pojawi\u0142 si\u0119 z synem"},"content":{"rendered":"<p>Nawrocki zapowiedzia\u0142, \u017ce jedzie na mecz<\/p>\n<p class=\"ods-c-paragraph \">Prezydent Karol Nawrocki poinformowa\u0142 w pi\u0105tek wieczorem, \u017ce po zako\u0144czeniu spotkania z mieszka\u0144cami w Mi\u0144sku Mazowieckim jedzie na mecz pi\u0142karski Polska-Holandia.<\/p>\n<p> Gdzie Karol Nawrocki ogl\u0105da mecz? <\/p>\n<p> Z kim Karol Nawrocki pojawi\u0142 si\u0119 na meczu? <\/p>\n<p> Jakie miejsce zajmuj\u0105 Polacy w grupie G? <\/p>\n<p> Jakie s\u0105 zasady awansu na mundial 2026? <\/p>\n<p class=\"ods-c-paragraph \">\u2014 Dzisiaj jest mecz Polska-Holandia, na kt\u00f3ry jad\u0119, czyli prosto z Mi\u0144ska (Mazowieckiego) na mecz Polska-Holandia. Prezydent musi by\u0107 wsz\u0119dzie tam, gdzie dziej\u0105 si\u0119 rzeczy wa\u017cne, a sport te\u017c jest wa\u017cny \u2014 podkre\u015bli\u0142 Nawrocki.<\/p>\n<p>   <img decoding=\"async\" src=\"https:\/\/www.europesays.com\/pl\/wp-content\/uploads\/2025\/11\/AqOk9lGaHR0cHM6Ly9vY2RuLmV1L3B1bHNjbXMvTURBXy9lOTQ5MmU1Zi02YzljLTQ0MmQtYjZiOC1iODE3ODk3MDQ3MjMuanBlZ.jpeg\" height=\"625\" width=\"940\" alt=\"Prezydent Karol Nawrocki na Stadionie Narodowym \" loading=\"lazy\" class=\"ods-c-image__img ods-c-image__img--viewport-width\"\/><\/p>\n<p>Prezydent Karol Nawrocki na Stadionie NarodowymPAP\/Leszek Szyma\u0144ski<\/p>\n<p class=\"ods-c-paragraph \">Jak doda\u0142, &#8222;za wszystkie sprawy sportowe w Kancelarii Prezydenta odpowiada niezast\u0105piony pan minister \u0141ukasz Witek&#8221;.<\/p>\n<p><img decoding=\"async\" src=\"https:\/\/www.europesays.com\/pl\/wp-content\/uploads\/2025\/11\/QAbk9lGaHR0cHM6Ly9vY2RuLmV1L3B1bHNjbXMvTURBXy9kMDVlZThjNC00YjBkLTQzOGUtYmViZS02NTc3YWE2YTg0MzIuanBlZ.jpeg\" height=\"627\" width=\"940\" alt=\"Prezydent Karol Nawrocki na meczu Polak\u00f3w\" loading=\"lazy\" class=\"ods-c-image__img ods-c-image__img--viewport-width\"\/><\/p>\n<p>Prezydent Karol Nawrocki na meczu Polak\u00f3wPAP\/Leszek Szyma\u0144ski<\/p>\n<p> Polacy walcz\u0105 o awans na mundial<\/p>\n<p class=\"ods-c-paragraph \">Polscy pi\u0142karze na dwie kolejki przed zako\u0144czeniem eliminacji zajmuj\u0105 drug\u0105 pozycj\u0119 w grupie G z dorobkiem 13 punkt\u00f3w i trac\u0105 trzy do Holandii, a o trzy wyprzedzaj\u0105 Finlandi\u0119, kt\u00f3ra rozegra\u0142a jedno spotkanie wi\u0119cej od wy\u017cej plasuj\u0105cych si\u0119 zespo\u0142\u00f3w.<\/p>\n<p class=\"ods-c-paragraph \">Bezpo\u015bredni awans na mundial 2026 wywalcz\u0105 zwyci\u0119zcy grup, za\u015b ekipy z drugich miejsc wyst\u0105pi\u0105 w dwustopniowych bara\u017cach.<\/p>\n","protected":false},"excerpt":{"rendered":"Nawrocki zapowiedzia\u0142, \u017ce jedzie na mecz Prezydent Karol Nawrocki poinformowa\u0142 w pi\u0105tek wieczorem, \u017ce po zako\u0144czeniu spotkania z&hellip;\n","protected":false},"author":2,"featured_media":102060,"comment_status":"","ping_status":"","sticky":false,"template":"","format":"standard","meta":{"footnotes":""},"categories":[5],"tags":[32,33,36,37,27,43,49,34,35,3749,28,31,48,25,46,42,38,40,39,41,47,29,30,26],"class_list":{"0":"post-102059","1":"post","2":"type-post","3":"status-publish","4":"format-standard","5":"has-post-thumbnail","7":"category-naglowki","8":"tag-breaking-news","9":"tag-breakingnews","10":"tag-featured-news","11":"tag-featurednews","12":"tag-headlines","13":"tag-karol_nawrocki","14":"tag-kraj","15":"tag-latest-news","16":"tag-latestnews","17":"tag-mecz","18":"tag-naglowki","19":"tag-najwazniejsze-artykuly","20":"tag-nat_styl","21":"tag-news","22":"tag-omp","23":"tag-pl","24":"tag-poland","25":"tag-polish","26":"tag-polska","27":"tag-polski","28":"tag-screening_general","29":"tag-top-stories","30":"tag-topstories","31":"tag-wiadomosci"},"share_on_mastodon":{"url":"https:\/\/pubeurope.com\/@pl\/115550973226733627","error":""},"_links":{"self":[{"href":"https:\/\/www.europesays.com\/pl\/wp-json\/wp\/v2\/posts\/102059","targetHints":{"allow":["GET"]}}],"collection":[{"href":"https:\/\/www.europesays.com\/pl\/wp-json\/wp\/v2\/posts"}],"about":[{"href":"https:\/\/www.europesays.com\/pl\/wp-json\/wp\/v2\/types\/post"}],"author":[{"embeddable":true,"href":"https:\/\/www.europesays.com\/pl\/wp-json\/wp\/v2\/users\/2"}],"replies":[{"embeddable":true,"href":"https:\/\/www.europesays.com\/pl\/wp-json\/wp\/v2\/comments?post=102059"}],"version-history":[{"count":0,"href":"https:\/\/www.europesays.com\/pl\/wp-json\/wp\/v2\/posts\/102059\/revisions"}],"wp:featuredmedia":[{"embeddable":true,"href":"https:\/\/www.europesays.com\/pl\/wp-json\/wp\/v2\/media\/102060"}],"wp:attachment":[{"href":"https:\/\/www.europesays.com\/pl\/wp-json\/wp\/v2\/media?parent=102059"}],"wp:term":[{"taxonomy":"category","embeddable":true,"href":"https:\/\/www.europesays.com\/pl\/wp-json\/wp\/v2\/categories?post=102059"},{"taxonomy":"post_tag","embeddable":true,"href":"https:\/\/www.europesays.com\/pl\/wp-json\/wp\/v2\/tags?post=102059"}],"curies":[{"name":"wp","href":"https:\/\/api.w.org\/{rel}","templated":true}]}}