{"id":102107,"date":"2025-11-15T02:02:11","date_gmt":"2025-11-15T02:02:11","guid":{"rendered":"https:\/\/www.europesays.com\/pl\/102107\/"},"modified":"2025-11-15T02:02:11","modified_gmt":"2025-11-15T02:02:11","slug":"olejnik-o-filmie-dom-dobry-w-pewnym-momencie-nie-moglam-oddychac","status":"publish","type":"post","link":"https:\/\/www.europesays.com\/pl\/102107\/","title":{"rendered":"Olejnik o filmie &#8222;Dom dobry&#8221;. &#8222;W pewnym momencie nie mog\u0142am oddycha\u0107&#8221;"},"content":{"rendered":"<p class=\"article-p\" data-section=\"detail-body\">Produkcja Smarzowskiego trafi\u0142a do kin w ubieg\u0142ym tygodniu. &#8222;Dom dobry&#8221; przedstawia histori\u0119 kobiety, kt\u00f3ra zakochuje si\u0119 w idealnie prezentuj\u0105cym si\u0119 m\u0119\u017cczy\u017anie, lecz z czasem ich zwi\u0105zek zamienia si\u0119 w piek\u0142o pe\u0142ne agresji. W filmie wyst\u0119puje m.in. Agata Kulesza, kt\u00f3ra r\u00f3wnie\u017c publicznie m\u00f3wi\u0142a o w\u0142asnych prze\u017cyciach zwi\u0105zanych z przemoc\u0105 psychiczn\u0105.<\/p>\n<p>        Monika Olejnik o filmie &#8222;Dom dobry&#8221;. &#8222;To nie s\u0105 wymy\u015blone historie&#8221;<\/p>\n<p class=\"article-p\" data-section=\"detail-body\">Olejnik obejrza\u0142a <a href=\"https:\/\/ludzie.fakt.pl\/tomasz-schuchardt-o-sygnalach-przemocy-to-jest-specyfika-ofiary\/327nl44\" id=\"9b8e8c33-730a-477b-831b-8bf3c9078158\" rel=\"nofollow noopener\" target=\"_blank\">film &#8222;Dom dobry&#8221; i nast\u0119pnego dnia podzieli\u0142a si\u0119 swoimi wra\u017ceniami<\/a> na antenie TVN24. Podkre\u015bli\u0142a, \u017ce to niezwykle realistyczny i trudny obraz, opisuj\u0105cy sytuacje, z kt\u00f3rymi mierz\u0105 si\u0119 tysi\u0105ce kobiet. \u2014 To nie s\u0105 wymy\u015blone historie, kiedy kobiety s\u0105 bite, kiedy stosowana jest wobec nich przemoc. On wys\u0142ucha\u0142, czyta\u0142 akta. Du\u017co si\u0119 dowiedzia\u0142 na ten temat i opowiada\u0142 mi, jak realizowano ten film \u2014 m\u00f3wi\u0142a.<\/p>\n<p class=\"article-p\" data-section=\"detail-body\">Dla dziennikarki ogl\u0105danie filmu by\u0142o szczeg\u00f3lnie obci\u0105\u017caj\u0105ce, poniewa\u017c \u2014 jak wyzna\u0142a \u2014 sama w wieku 20 lat do\u015bwiadczy\u0142a przemocy ze strony m\u0119\u017cczyzny, kt\u00f3rego po\u015blubi\u0142a. \u2014 W pewnym momencie nawet nie mog\u0142am oddycha\u0107 w czasie seansu, bo te\u017c do\u015bwiadczy\u0142am przemocy (&#8230;). Jak mia\u0142am 20 lat, wysz\u0142am za m\u0105\u017c za uroczego ch\u0142opaka, kt\u00f3ry by\u0142 ode mnie kilka lat starszy. Niestety dwa razy pobi\u0142 mnie i zadzwoni\u0142am do rodzic\u00f3w, \u017ce musz\u0119 wr\u00f3ci\u0107. Zabra\u0142am swojego misia, wr\u00f3ci\u0142am do domu. Mia\u0142am rozw\u00f3d, kt\u00f3ry du\u017co mnie kosztowa\u0142, rozw\u00f3d z udowodnieniem winy \u2014 powiedzia\u0142a <a href=\"https:\/\/www.fakt.pl\/temat\/monika-olejnik\" id=\"fd45316a-333d-47b6-9426-80b77e7effe6\" rel=\"nofollow noopener\" target=\"_blank\">Monika Olejnik<\/a> w studiu TVN24.<\/p>\n<p class=\"article-p\" data-section=\"detail-body\">Monika Olejnik zaznaczy\u0142a r\u00f3wnie\u017c, \u017ce dla niej podj\u0119cie decyzji o odej\u015bciu by\u0142o \u0142atwiejsze, poniewa\u017c nie mia\u0142a z partnerem dzieci. \u2014 Te\u017c jest pewnie \u0142atwiej, jak si\u0119 nie ma dzieci \u2014 doda\u0142a.<\/p>\n<p>        Monika Olejnik chce wesprze\u0107 inne kobiety. &#8222;Nic si\u0119 nie zmieni\u0142o&#8221;<\/p>\n<p class=\"article-p\" data-section=\"detail-body\">W trakcie programu wyja\u015bni\u0142a te\u017c, dlaczego zdecydowa\u0142a si\u0119 ujawni\u0107 sw\u00f3j osobisty dramat publicznie. Ma nadziej\u0119, \u017ce jej historia doda odwagi innym kobietom i pomo\u017ce im przerwa\u0107 milczenie. \u2014 Czasami s\u0105 rodzice, kt\u00f3rzy m\u00f3wi\u0105: &#8222;Musisz w tym wytrwa\u0107, on si\u0119 zmieni&#8221;, &#8222;Nie mo\u017cesz zostawi\u0107 m\u0119\u017ca. Co ludzie powiedz\u0105?&#8221;. Tak si\u0119 wydaje, \u017ce \u017cyjemy w XXI wieku, \u017ce si\u0119 zmieni\u0142o, a si\u0119 nie zmieni\u0142o \u2014 podkre\u015bli\u0142a.<\/p>\n<p class=\"article-p\" data-section=\"detail-body\">Osoby w kryzysie mog\u0105 skorzysta\u0107 z bezp\u0142atnych numer\u00f3w wsparcia: 116 123 lub 22 484 88 01.<\/p>\n","protected":false},"excerpt":{"rendered":"Produkcja Smarzowskiego trafi\u0142a do kin w ubieg\u0142ym tygodniu. &#8222;Dom dobry&#8221; przedstawia histori\u0119 kobiety, kt\u00f3ra zakochuje si\u0119 w idealnie&hellip;\n","protected":false},"author":2,"featured_media":102108,"comment_status":"","ping_status":"","sticky":false,"template":"","format":"standard","meta":{"footnotes":""},"categories":[22],"tags":[122,42,38,40,39,41,123],"class_list":{"0":"post-102107","1":"post","2":"type-post","3":"status-publish","4":"format-standard","5":"has-post-thumbnail","7":"category-rozrywka","8":"tag-entertainment","9":"tag-pl","10":"tag-poland","11":"tag-polish","12":"tag-polska","13":"tag-polski","14":"tag-rozrywka"},"share_on_mastodon":{"url":"https:\/\/pubeurope.com\/@pl\/115551256107559168","error":""},"_links":{"self":[{"href":"https:\/\/www.europesays.com\/pl\/wp-json\/wp\/v2\/posts\/102107","targetHints":{"allow":["GET"]}}],"collection":[{"href":"https:\/\/www.europesays.com\/pl\/wp-json\/wp\/v2\/posts"}],"about":[{"href":"https:\/\/www.europesays.com\/pl\/wp-json\/wp\/v2\/types\/post"}],"author":[{"embeddable":true,"href":"https:\/\/www.europesays.com\/pl\/wp-json\/wp\/v2\/users\/2"}],"replies":[{"embeddable":true,"href":"https:\/\/www.europesays.com\/pl\/wp-json\/wp\/v2\/comments?post=102107"}],"version-history":[{"count":0,"href":"https:\/\/www.europesays.com\/pl\/wp-json\/wp\/v2\/posts\/102107\/revisions"}],"wp:featuredmedia":[{"embeddable":true,"href":"https:\/\/www.europesays.com\/pl\/wp-json\/wp\/v2\/media\/102108"}],"wp:attachment":[{"href":"https:\/\/www.europesays.com\/pl\/wp-json\/wp\/v2\/media?parent=102107"}],"wp:term":[{"taxonomy":"category","embeddable":true,"href":"https:\/\/www.europesays.com\/pl\/wp-json\/wp\/v2\/categories?post=102107"},{"taxonomy":"post_tag","embeddable":true,"href":"https:\/\/www.europesays.com\/pl\/wp-json\/wp\/v2\/tags?post=102107"}],"curies":[{"name":"wp","href":"https:\/\/api.w.org\/{rel}","templated":true}]}}