{"id":102312,"date":"2025-11-15T07:48:12","date_gmt":"2025-11-15T07:48:12","guid":{"rendered":"https:\/\/www.europesays.com\/pl\/102312\/"},"modified":"2025-11-15T07:48:12","modified_gmt":"2025-11-15T07:48:12","slug":"rosja-wojsko-cwiczylo-desant-i-wziecie-jencow-manewry-przy-polskiej-granicy","status":"publish","type":"post","link":"https:\/\/www.europesays.com\/pl\/102312\/","title":{"rendered":"Rosja. Wojsko \u0107wiczy\u0142o desant i wzi\u0119cie je\u0144c\u00f3w. Manewry przy polskiej granicy"},"content":{"rendered":"<p>W skr\u00f3cie<\/p>\n<ul class=\"typography ids-typeset-body ids-typeset-body--preset-large list ids-list ids-list--unordered ids-list--size-large \" datatype=\"disc\">\n<li class=\"ids-list-item\">\n<p>Rosyjscy \u017co\u0142nierze przeprowadzili \u0107wiczenia spadochronowe i zak\u0142\u00f3cali \u0142\u0105czno\u015b\u0107 wroga w obwodzie kr\u00f3lewieckim.<\/p>\n<\/li>\n<li class=\"ids-list-item\">\n<p>W manewrach wykorzystano \u015bmig\u0142owce Mi-8, noktowizory oraz bezza\u0142ogowe statki powietrzne z kamer\u0105 termowizyjn\u0105.<\/p>\n<\/li>\n<li class=\"ids-list-item\">\n<p>Flota Ba\u0142tycka \u0107wiczy\u0142a tak\u017ce u\u017cycie systemu rakietowego Bastion i przeprowadzanie atak\u00f3w na symulowane cele morskie.<\/p>\n<\/li>\n<li class=\"ids-list-item\"><\/li>\n<\/ul>\n<p class=\"typography ids-typeset-body ids-typeset-body--preset-large link paragraph ids-paragraph ids-paragraph--default\">O szczeg\u00f3\u0142ach \u0107wicze\u0144 informuje biuro prasowe Floty Ba\u0142tyckiej.<\/p>\n<p class=\"typography ids-typeset-body ids-typeset-body--preset-large link paragraph ids-paragraph ids-paragraph--default\">&#8222;Po wyl\u0105dowaniu, si\u0142y specjalne doskonali\u0142y swoje umiej\u0119tno\u015bci w zakresie\u00a0pojmania je\u0144c\u00f3w, prowadzenia patroli rozpoznawczych, zak\u0142\u00f3cania komunikacji wroga oraz wykorzystywania nowoczesnych system\u00f3w kontroli topograficznej i nawigacji, a tak\u017ce ulepszonych stacji rozpoznawczych kr\u00f3tkiego zasi\u0119gu i przeno\u015bnych naziemnych \u015brodk\u00f3w rozpoznawczych&#8221; &#8211; napisano.<\/p>\n<p>Obw\u00f3d kr\u00f3lewiecki. Rosyjskie manewry si\u0142 specjalnych<\/p>\n<p class=\"typography ids-typeset-body ids-typeset-body--preset-large link paragraph ids-paragraph ids-paragraph--default\">Jak poinformowano, desant, kt\u00f3ry by\u0142 cz\u0119\u015bci\u0105 \u0107wicze\u0144 przeprowadzony zosta\u0142 przy u\u017cyciu r\u00f3\u017cnych system\u00f3w.<\/p>\n<p class=\"typography ids-typeset-body ids-typeset-body--preset-large link paragraph ids-paragraph ids-paragraph--default\">&#8222;Wszyscy uczestnicy szkolenia\u00a0wykonywali skoki w pe\u0142nym rynsztunku bojowym, uzbrojeni, wyposa\u017ceni w bro\u0144 i dodatkowy sprz\u0119t, w zale\u017cno\u015bci od powierzonych zada\u0144. L\u0105dowania odbywa\u0142y si\u0119 z pok\u0142adu \u015bmig\u0142owca transportowo-uderzeniowego Mi-8 lotnictwa morskiego Floty Ba\u0142tyckiej na wysoko\u015bci oko\u0142o 800 metr\u00f3w, w grupach do 20 os\u00f3b, zar\u00f3wno w dzie\u0144, jak i w nocy&#8221; &#8211; opisano.<\/p>\n<p class=\"typography ids-typeset-body ids-typeset-body--preset-large link paragraph ids-paragraph ids-paragraph--default\">&#8222;\u017bo\u0142nierze aktywnie korzystali z noktowizor\u00f3w i bezza\u0142ogowych statk\u00f3w powietrznych z kamer\u0105 termowizyjn\u0105&#8221; &#8211; podsumowano.<\/p>\n<p class=\"typography ids-typeset-body ids-typeset-body--preset-large link paragraph ids-paragraph ids-paragraph--default\">To kolejne w ostatnich dniach \u0107wiczenia przeprowadzane przez Flot\u0119 Ba\u0142tyck\u0105. W poniedzia\u0142ek rosyjska armia informowa\u0142a o przeprowadzeniu \u0107wicze\u0144 z u\u017cyciem systemu rakietowego Bastion.<\/p>\n<p class=\"typography ids-typeset-body ids-typeset-body--preset-large link paragraph ids-paragraph ids-paragraph--default\">&#8222;Za\u0142ogi rakietowe przeszukiwa\u0142y cele na morzu i wystrzeliwa\u0142y elektronicznie sterowane pociski przeciwokr\u0119towe Onyx w kierunku symulowanych cel\u00f3w (&#8230;) symuluj\u0105c w ten spos\u00f3b grup\u0119 wrogich okr\u0119t\u00f3w&#8221; &#8211; stwierdzono w komunikacie.<\/p>\n<p class=\"typography ids-typeset-body ids-typeset-body--preset-large link paragraph ids-paragraph ids-paragraph--default\">Jednocze\u015bnie przypomniano, \u017ce system Bastion zapewnia obron\u0119 wybrze\u017ca na dystansie ponad 600 kilometr\u00f3w. Wyposa\u017cony jest w nadd\u017awi\u0119kowy, samonaprowadzaj\u0105cy si\u0119 pocisk Onyx. Pojedynczy system mo\u017ce przenosi\u0107 do 36 takich rakiet.<\/p>\n<p>&#8222;Polityczny WF&#8221;: Zaplanowane po\u017cegnanie. O co chodzi\u0142o Ho\u0142owni?INTERIA.PL<\/p>\n<p><a class=\"ids-undecorated-link source ids-page-info--source__link\" href=\"https:\/\/www.interia.pl\" rel=\"nofollow noopener\" target=\"_blank\"><img decoding=\"async\" class=\"ids-image-holder__img\" loading=\"lazy\" alt=\"\" title=\"\" height=\"24px\" src=\"https:\/\/www.europesays.com\/pl\/wp-content\/uploads\/2025\/11\/1763129291_425_0009A60QQ5I2TYF7-C202-F4.webp.webp\"\/><\/a><\/p>\n<p>Masz sugestie, uwagi albo widzisz b\u0142\u0105d? Napisz do nas<\/p>\n","protected":false},"excerpt":{"rendered":"W skr\u00f3cie Rosyjscy \u017co\u0142nierze przeprowadzili \u0107wiczenia spadochronowe i zak\u0142\u00f3cali \u0142\u0105czno\u015b\u0107 wroga w obwodzie kr\u00f3lewieckim. W manewrach wykorzystano \u015bmig\u0142owce&hellip;\n","protected":false},"author":2,"featured_media":102313,"comment_status":"","ping_status":"","sticky":false,"template":"","format":"standard","meta":{"footnotes":""},"categories":[14],"tags":[32,33,27,34,35,28,31,25,40,41,80,29,30,26,82,83,84],"class_list":{"0":"post-102312","1":"post","2":"type-post","3":"status-publish","4":"format-standard","5":"has-post-thumbnail","7":"category-swiat","8":"tag-breaking-news","9":"tag-breakingnews","10":"tag-headlines","11":"tag-latest-news","12":"tag-latestnews","13":"tag-naglowki","14":"tag-najwazniejsze-artykuly","15":"tag-news","16":"tag-polish","17":"tag-polski","18":"tag-swiat","19":"tag-top-stories","20":"tag-topstories","21":"tag-wiadomosci","22":"tag-world","23":"tag-world-news","24":"tag-worldnews"},"share_on_mastodon":{"url":"https:\/\/pubeurope.com\/@pl\/115552617000780629","error":""},"_links":{"self":[{"href":"https:\/\/www.europesays.com\/pl\/wp-json\/wp\/v2\/posts\/102312","targetHints":{"allow":["GET"]}}],"collection":[{"href":"https:\/\/www.europesays.com\/pl\/wp-json\/wp\/v2\/posts"}],"about":[{"href":"https:\/\/www.europesays.com\/pl\/wp-json\/wp\/v2\/types\/post"}],"author":[{"embeddable":true,"href":"https:\/\/www.europesays.com\/pl\/wp-json\/wp\/v2\/users\/2"}],"replies":[{"embeddable":true,"href":"https:\/\/www.europesays.com\/pl\/wp-json\/wp\/v2\/comments?post=102312"}],"version-history":[{"count":0,"href":"https:\/\/www.europesays.com\/pl\/wp-json\/wp\/v2\/posts\/102312\/revisions"}],"wp:featuredmedia":[{"embeddable":true,"href":"https:\/\/www.europesays.com\/pl\/wp-json\/wp\/v2\/media\/102313"}],"wp:attachment":[{"href":"https:\/\/www.europesays.com\/pl\/wp-json\/wp\/v2\/media?parent=102312"}],"wp:term":[{"taxonomy":"category","embeddable":true,"href":"https:\/\/www.europesays.com\/pl\/wp-json\/wp\/v2\/categories?post=102312"},{"taxonomy":"post_tag","embeddable":true,"href":"https:\/\/www.europesays.com\/pl\/wp-json\/wp\/v2\/tags?post=102312"}],"curies":[{"name":"wp","href":"https:\/\/api.w.org\/{rel}","templated":true}]}}