{"id":102320,"date":"2025-11-15T07:52:25","date_gmt":"2025-11-15T07:52:25","guid":{"rendered":"https:\/\/www.europesays.com\/pl\/102320\/"},"modified":"2025-11-15T07:52:25","modified_gmt":"2025-11-15T07:52:25","slug":"muniek-staszczyk-latami-zdradzal-zone-ta-w-koncu-przerwala-milczenie","status":"publish","type":"post","link":"https:\/\/www.europesays.com\/pl\/102320\/","title":{"rendered":"Muniek Staszczyk latami zdradza\u0142 \u017con\u0119. Ta w ko\u0144cu przerwa\u0142a milczenie"},"content":{"rendered":"<p class=\"typography ids-typeset-body ids-typeset-body--preset-large link paragraph ids-paragraph ids-paragraph--default\"><a href=\"https:\/\/www.pomponik.pl\/tagi-muniek-staszczyk,tId,145341\" target=\"_self\" rel=\"nofollow noopener\">Muniek Staszczyk<\/a> og\u00f3lnopolsk\u0105 s\u0142aw\u0119 zyska\u0142 na pocz\u0105tku lat 80., a to za spraw\u0105 wyst\u0119powania w zespole T.Love. Muzyk w mig wylansowa\u0142 wiele hit\u00f3w, a du\u017ca cz\u0119\u015b\u0107 publiczno\u015bci do dzi\u015b ochoczo s\u0142ucha piosenki takiej jak: &#8222;Ch\u0142opaki nie p\u0142acz\u0105&#8221;, &#8222;Jest super&#8221;, czy &#8222;Nie, nie, nie&#8221;.<\/p>\n<p class=\"typography ids-typeset-body ids-typeset-body--preset-large link paragraph ids-paragraph ids-paragraph--default\">Nie da si\u0119 ukry\u0107, \u017ce wokalista prowadzi\u0142 bardzo rockandrollowe \u017cycie, a o swoich wybrykach opowiedzia\u0142 w ksi\u0105\u017cce &#8222;Ch\u0142opaki (nie) p\u0142acz\u0105&#8221;, kt\u00f3ra ukaza\u0142a si\u0119 w 2022 roku.<\/p>\n<p class=\"typography ids-typeset-body ids-typeset-body--preset-large link paragraph ids-paragraph ids-paragraph--default\">Teraz piosenkarz zn\u00f3w pokusi\u0142 si\u0119 o szczero\u015b\u0107, a pod koniec pa\u017adziernika na rynku wydawniczym ukaza\u0142a si\u0119 kolejna ksi\u0105\u017cka dotycz\u0105ca przesz\u0142o\u015bci Mu\u0144ka.<\/p>\n<p class=\"typography ids-typeset-body ids-typeset-body--preset-large link paragraph ids-paragraph ids-paragraph--default\">W najnowszej publikacji nie brak rozmowy z \u017con\u0105 Staszczyka, Mart\u0105.<\/p>\n<p class=\"typography ids-typeset-body ids-typeset-body--preset-large link paragraph ids-paragraph ids-paragraph--default\">Kobiet wprost wyzna\u0142a, jak by\u0142a traktowana przez m\u0119\u017ca.<\/p>\n<p>Agnieszka Kaczorowska wskazuje jednego celebryt\u0119 z ogromnym potencja\u0142em do wygranej w &#8222;Ta\u0144cu z gwiazdami&#8221;pomponik.pl<\/p>\n<p>Muniek Staszczyk latami zdradza\u0142 \u017con\u0119<\/p>\n<p class=\"typography ids-typeset-body ids-typeset-body--preset-large link paragraph ids-paragraph ids-paragraph--default\">Muniek Staszczyk w 1985 zwi\u0105za\u0142 si\u0119 z Mart\u0105 Kucharzak, a cztery lata p\u00f3\u017aniej zakochani zdecydowali si\u0119 na \u015blub. Ma\u0142\u017conkowie szybko doczekali si\u0119 dw\u00f3jki dzieci, a domem i wychowaniem pociech zaj\u0119\u0142a si\u0119 Marta, gdy\u017c Muniek rozwija\u0142 karier\u0119 muzyczn\u0105.<\/p>\n<p class=\"typography ids-typeset-body ids-typeset-body--preset-large link paragraph ids-paragraph ids-paragraph--default\">W latach 90. zesp\u00f3\u0142 T. Love na brak popularno\u015bci nie m\u00f3g\u0142 narzeka\u0107, a Staszczyk zach\u0142ysn\u0105\u0142 si\u0119 s\u0142aw\u0105 i w domu by\u0142 tylko go\u015bciem.<\/p>\n<p class=\"typography ids-typeset-body ids-typeset-body--preset-large link paragraph ids-paragraph ids-paragraph--default\">W wydanych ksi\u0105\u017ckach czytamy, \u017ce\u00a0imprezy, balangi do bia\u0142ego rana, a tak\u017ce przelotne romanse z nowo poznanymi kobietami by\u0142y na porz\u0105dku dziennym. W 1998 roku wyda\u0142o si\u0119, \u017ce muzyk nawi\u0105za\u0142 bli\u017csz\u0105 relacj\u0119 z du\u017co m\u0142odsz\u0105 dziewczyn\u0105, jednak \u017cona postanowi\u0142a wybaczy\u0107 mu zdrad\u0119.<\/p>\n<p class=\"typography ids-typeset-body ids-typeset-body--preset-large link paragraph ids-paragraph ids-paragraph--default\">Dekad\u0119 p\u00f3\u017aniej artysta zn\u00f3w mia\u0142 problem z wierno\u015bci\u0105, jednak i tym razem wyrozumia\u0142a Marta da\u0142a mu kolejn\u0105 szans\u0119.\u00a0<\/p>\n<blockquote role=\"blockquote\" class=\"quote ids-quote ids-quote--nosurface--short--medium\"><p>Kiedy by\u0142o naprawd\u0119 trudno, w momentach kulminacyjnych, potrafi\u0142 przeprosi\u0107<\/p><\/blockquote>\n<p class=\"typography ids-typeset-body ids-typeset-body--preset-large link paragraph ids-paragraph ids-paragraph--default\">Dzi\u015b Staszczyk nie kryje, \u017ce zdaje sobie spraw\u0119 z tego,\u00a0jak bardzo skrzywdzi\u0142 ukochan\u0105 i jak \u017ale j\u0105 traktowa\u0142.\u00a0Sama Marta uwa\u017ca, \u017ce Muniek potrafi\u0142 wyrazi\u0107 skruch\u0119 i dlatego postanowi\u0142a walczy\u0107 o ten zwi\u0105zek i dzi\u015b nie \u017ca\u0142uje swojej decyzji.<\/p>\n<blockquote role=\"blockquote\" class=\"quote ids-quote ids-quote--nosurface--short--medium\"><p>Kto\u015b mo\u017ce powiedzie\u0107, \u017ce by\u0142am dla niego zbyt pob\u0142a\u017cliwa, \u017ce przy kolejnej zdradzie faktycznie powinnam go by\u0142a kopn\u0105\u0107. Nie zrobi\u0142am tego i z perspektywy czasu mog\u0119 powiedzie\u0107 z pe\u0142n\u0105 \u015bwiadomo\u015bci\u0105, \u017ce nie \u017ca\u0142uj\u0119 swojej decyzji<\/p><\/blockquote>\n<ul class=\"typography ids-typeset-body ids-typeset-body--preset-small list--article-list ids-list ids-list--unordered ids-list--size-small \" datatype=\"disc\">\n<li class=\"ids-list-item ids-list-item__content brief-list-item\"><a class=\"ids-undecorated-link link ids-link \" data-spons=\"false\" href=\"https:\/\/www.pomponik.pl\/plotki\/news-smutne-wyznanie-munka-staszczyka-to-dlatego-doszlo-do-rozpad,nId,8029791\" rel=\"nofollow noopener\" target=\"_blank\">Smutne wyznanie Mu\u0144ka Staszczyka. To dlatego dosz\u0142o do rozpadu<\/a><\/li>\n<li class=\"ids-list-item ids-list-item__content brief-list-item\"><a class=\"ids-undecorated-link link ids-link \" data-spons=\"false\" href=\"https:\/\/www.pomponik.pl\/porady-i-uroda\/news-burza-i-poruszenie-po-wystepie-munka-w-sopocie-to-cud-ze-sto,nId,8011931\" rel=\"nofollow noopener\" target=\"_blank\">Burza i poruszenie po wyst\u0119pie Mu\u0144ka w Sopocie. &#8222;To cud, \u017ce stoi&#8221;<\/a><\/li>\n<\/ul>\n","protected":false},"excerpt":{"rendered":"Muniek Staszczyk og\u00f3lnopolsk\u0105 s\u0142aw\u0119 zyska\u0142 na pocz\u0105tku lat 80., a to za spraw\u0105 wyst\u0119powania w zespole T.Love. Muzyk&hellip;\n","protected":false},"author":2,"featured_media":102321,"comment_status":"","ping_status":"","sticky":false,"template":"","format":"standard","meta":{"footnotes":""},"categories":[22],"tags":[122,42,38,40,39,41,123],"class_list":{"0":"post-102320","1":"post","2":"type-post","3":"status-publish","4":"format-standard","5":"has-post-thumbnail","7":"category-rozrywka","8":"tag-entertainment","9":"tag-pl","10":"tag-poland","11":"tag-polish","12":"tag-polska","13":"tag-polski","14":"tag-rozrywka"},"share_on_mastodon":{"url":"https:\/\/pubeurope.com\/@pl\/115552632640293079","error":""},"_links":{"self":[{"href":"https:\/\/www.europesays.com\/pl\/wp-json\/wp\/v2\/posts\/102320","targetHints":{"allow":["GET"]}}],"collection":[{"href":"https:\/\/www.europesays.com\/pl\/wp-json\/wp\/v2\/posts"}],"about":[{"href":"https:\/\/www.europesays.com\/pl\/wp-json\/wp\/v2\/types\/post"}],"author":[{"embeddable":true,"href":"https:\/\/www.europesays.com\/pl\/wp-json\/wp\/v2\/users\/2"}],"replies":[{"embeddable":true,"href":"https:\/\/www.europesays.com\/pl\/wp-json\/wp\/v2\/comments?post=102320"}],"version-history":[{"count":0,"href":"https:\/\/www.europesays.com\/pl\/wp-json\/wp\/v2\/posts\/102320\/revisions"}],"wp:featuredmedia":[{"embeddable":true,"href":"https:\/\/www.europesays.com\/pl\/wp-json\/wp\/v2\/media\/102321"}],"wp:attachment":[{"href":"https:\/\/www.europesays.com\/pl\/wp-json\/wp\/v2\/media?parent=102320"}],"wp:term":[{"taxonomy":"category","embeddable":true,"href":"https:\/\/www.europesays.com\/pl\/wp-json\/wp\/v2\/categories?post=102320"},{"taxonomy":"post_tag","embeddable":true,"href":"https:\/\/www.europesays.com\/pl\/wp-json\/wp\/v2\/tags?post=102320"}],"curies":[{"name":"wp","href":"https:\/\/api.w.org\/{rel}","templated":true}]}}