{"id":102324,"date":"2025-11-15T07:54:10","date_gmt":"2025-11-15T07:54:10","guid":{"rendered":"https:\/\/www.europesays.com\/pl\/102324\/"},"modified":"2025-11-15T07:54:10","modified_gmt":"2025-11-15T07:54:10","slug":"pilne-ostrzezenie-gis-w-popularnej-fasoli-jas-wykryto-toksyczny-pestycyd","status":"publish","type":"post","link":"https:\/\/www.europesays.com\/pl\/102324\/","title":{"rendered":"Pilne ostrze\u017cenie GIS. W popularnej fasoli ja\u015b wykryto toksyczny pestycyd"},"content":{"rendered":"<p class=\"article-p\" data-section=\"detail-body\">G\u0142\u00f3wny Inspektor Sanitarny (GIS) w pi\u0105tek, 14 listopada wyda\u0142 pilne ostrze\u017cenie dotycz\u0105ce wykrycia toksycznego pestycydu, czyli chemii u\u017cywanej do zwalczania owad\u00f3w, w jednej z partii fasoli ja\u015b. Spo\u017cycie ska\u017conego produktu mo\u017ce zagra\u017ca\u0107 zdrowiu.<\/p>\n<p class=\"article-p\" data-section=\"detail-body\">Zobacz te\u017c: <a href=\"https:\/\/www.fakt.pl\/wydarzenia\/polska\/wroclaw\/wroclaw-smierc-pacjenta-w-pracowni-rezonansu-prokurator-zabiera-glos\/0wfy109\" id=\"d993e3d8-ec4d-45aa-9918-5c568a13b8c7\" rel=\"nofollow noopener\" target=\"_blank\">Pacjent zmar\u0142, bo personel nie zna\u0142 dobrze j\u0119zyka polskiego? Prokuratura zabiera g\u0142os<\/a><\/p>\n<p>        Toksyczne pestycydy w fasoli ja\u015b. Pilne ostrze\u017cenie GIS<\/p>\n<p class=\"article-p\" data-section=\"detail-body\">Jak informuje G\u0142\u00f3wny Inspektor Sanitarny, problem dotyczy konkretnej partii Fasoli &#8222;Ja\u015b Pi\u0119kny&#8221;, kt\u00f3rej producentem jest F.P.H.U. &#8222;KRAWPAK&#8221; Stanis\u0142aw Krawczyk, Rog\u00f3\u017ano Kolonia 29, 22-600 Tomasz\u00f3w Lubelski. Numer partii to: 29.08.2025, a data minimalnej trwa\u0142o\u015bci: 30.01.2027. Pa\u0144stwowa Inspekcja Sanitarna, podczas rutynowej kontroli, stwierdzi\u0142a w niej przekroczenie najwy\u017cszego dopuszczalnego poziomu pestycydu chlorpiryfosu.<\/p>\n<p class=\"article-p\" data-section=\"detail-body\">Jak oceniaj\u0105 eksperci Narodowego Instytutu Zdrowia Publicznego PZH \u2014 Pa\u0144stwowego Instytutu Badawczego, ka\u017cdy poziom <a href=\"https:\/\/www.fakt.pl\/pieniadze\/trucizna-zamiast-aromatu-sprawdz-czy-masz-te-gozdziki-w-szafce\/br3zcj4\" id=\"23d45123-892d-4358-a24f-a62aad73126d\" rel=\"nofollow noopener\" target=\"_blank\">chlorpiryfosu<\/a> wykraczaj\u0105cy poza obowi\u0105zuj\u0105ce normy mo\u017ce stanowi\u0107 potencjalne zagro\u017cenie dla zdrowia konsument\u00f3w.<\/p>\n<p class=\"article-p\" data-section=\"detail-body\">Je\u015bli dostanie si\u0119 do organizmu w wi\u0119kszej ilo\u015bci, mo\u017ce wywo\u0142a\u0107 m.in. b\u00f3le g\u0142owy, nudno\u015bci, wymioty, zawroty g\u0142owy, skurcze mi\u0119\u015bni, zaburzenia oddychania i objawy zatrucia uk\u0142adu nerwowego. W grupie szczeg\u00f3lnego ryzyka s\u0105 kobiety w ci\u0105\u017cy, ma\u0142e dzieci i osoby z chorobami neurologicznymi.<\/p>\n<p class=\"article-p\" data-section=\"detail-body\">&#8222;KRAWPAK&#8221; po otrzymaniu informacji o zakwestionowaniu partii fasoli natychmiast wdro\u017cy\u0142 procedur\u0119 wycofania produktu z rynku. Firma poinformowa\u0142a swoich odbiorc\u00f3w o sytuacji i rozpocz\u0119\u0142a proces usuwania produktu z obrotu.<\/p>\n<p class=\"article-p\" data-section=\"detail-body\">Nad procesem wycofywania kwestionowanych produkt\u00f3w przez odbiorc\u00f3w na terenie Polski czuwaj\u0105 organy Pa\u0144stwowej Inspekcji Sanitarnej. GIS apeluje do konsument\u00f3w, aby nie spo\u017cywali fasoli ze wskazanej partii.<\/p>\n<p class=\"article-p\" data-section=\"detail-body\">Zobacz te\u017c: <a href=\"https:\/\/www.fakt.pl\/pieniadze\/strajk-w-kauflandzie-na-horyzoncie-zwiazkowcy-stawiaja-ultimatum-sieci\/fep4rdz\" id=\"1fe43a0c-a16b-4569-88c1-79eecd84bc5e\" rel=\"nofollow noopener\" target=\"_blank\">Strajk w Kauflandzie coraz bli\u017cej. Zwi\u0105zkowcy stawiaj\u0105 ultimatum zarz\u0105dowi<\/a><\/p>\n<p>        \/3<\/p>\n<p>                    <img decoding=\"async\" class=\"article-image-img\" loading=\"lazy\" alt=\"\" src=\"https:\/\/www.europesays.com\/pl\/wp-content\/uploads\/2025\/11\/Zffk9kuTURBXy80NDM2NjhlZC0xYWU0LTQ2MjYtYTQ2Mi05NWE1ODk4Y2Y2NGIuanBlZ5GTAs0DSM0B2N4AAqEwAaExAQ.jpeg\" width=\"840\" height=\"472\"\/><\/p>\n<p>                  &#8211; \/ 123RF<\/p>\n<p class=\"article-gallery-p\">\n        Toksyczne pestycydy w fasoli. G\u0142\u00f3wny Inspektor Sanitarny wyda\u0142 pilne ostrze\u017cenie.\n    <\/p>\n<p>        \/3<\/p>\n<p>                    <img decoding=\"async\" class=\"article-image-img\" loading=\"lazy\" alt=\"\" src=\"https:\/\/www.europesays.com\/pl\/wp-content\/uploads\/2025\/11\/k-Mk9ktTURBXy8wNzY0NDNkMy04NTY5LTQ2N2MtOWZmNi00YThlZTUxYzRhNDMucG5nkZMCzQNIzQQO3gACoTABoTEB.jpeg\" width=\"840\" height=\"1038\"\/><\/p>\n<p>                  G\u0142\u00f3wny Inspektorat Sanitarny \/ &#8211;<\/p>\n<p class=\"article-gallery-p\">\n        W Fasoli &#8222;Ja\u015b Pi\u0119kny&#8221; od F.P.H.U. &#8222;KRAWPAK&#8221; Stanis\u0142aw Krawczyk, o numerze partii: 29.08.2025, i dacie minimalnej trwa\u0142o\u015bci: 30.01.2027 wykryto przekroczone normy gro\u017anego pestycydu.\n    <\/p>\n","protected":false},"excerpt":{"rendered":"G\u0142\u00f3wny Inspektor Sanitarny (GIS) w pi\u0105tek, 14 listopada wyda\u0142 pilne ostrze\u017cenie dotycz\u0105ce wykrycia toksycznego pestycydu, czyli chemii u\u017cywanej&hellip;\n","protected":false},"author":2,"featured_media":102325,"comment_status":"","ping_status":"","sticky":false,"template":"","format":"standard","meta":{"footnotes":""},"categories":[16],"tags":[113,112,42,38,40,39,41],"class_list":{"0":"post-102324","1":"post","2":"type-post","3":"status-publish","4":"format-standard","5":"has-post-thumbnail","7":"category-biznes","8":"tag-biznes","9":"tag-business","10":"tag-pl","11":"tag-poland","12":"tag-polish","13":"tag-polska","14":"tag-polski"},"share_on_mastodon":{"url":"https:\/\/pubeurope.com\/@pl\/115552640477977031","error":""},"_links":{"self":[{"href":"https:\/\/www.europesays.com\/pl\/wp-json\/wp\/v2\/posts\/102324","targetHints":{"allow":["GET"]}}],"collection":[{"href":"https:\/\/www.europesays.com\/pl\/wp-json\/wp\/v2\/posts"}],"about":[{"href":"https:\/\/www.europesays.com\/pl\/wp-json\/wp\/v2\/types\/post"}],"author":[{"embeddable":true,"href":"https:\/\/www.europesays.com\/pl\/wp-json\/wp\/v2\/users\/2"}],"replies":[{"embeddable":true,"href":"https:\/\/www.europesays.com\/pl\/wp-json\/wp\/v2\/comments?post=102324"}],"version-history":[{"count":0,"href":"https:\/\/www.europesays.com\/pl\/wp-json\/wp\/v2\/posts\/102324\/revisions"}],"wp:featuredmedia":[{"embeddable":true,"href":"https:\/\/www.europesays.com\/pl\/wp-json\/wp\/v2\/media\/102325"}],"wp:attachment":[{"href":"https:\/\/www.europesays.com\/pl\/wp-json\/wp\/v2\/media?parent=102324"}],"wp:term":[{"taxonomy":"category","embeddable":true,"href":"https:\/\/www.europesays.com\/pl\/wp-json\/wp\/v2\/categories?post=102324"},{"taxonomy":"post_tag","embeddable":true,"href":"https:\/\/www.europesays.com\/pl\/wp-json\/wp\/v2\/tags?post=102324"}],"curies":[{"name":"wp","href":"https:\/\/api.w.org\/{rel}","templated":true}]}}