{"id":102326,"date":"2025-11-15T07:55:09","date_gmt":"2025-11-15T07:55:09","guid":{"rendered":"https:\/\/www.europesays.com\/pl\/102326\/"},"modified":"2025-11-15T07:55:09","modified_gmt":"2025-11-15T07:55:09","slug":"kryzys-z-danii-dociera-do-innych-krajow","status":"publish","type":"post","link":"https:\/\/www.europesays.com\/pl\/102326\/","title":{"rendered":"Kryzys z Danii dociera do innych kraj\u00f3w"},"content":{"rendered":"<p>Kryzys wywo\u0142any pasz\u0105 \u201eklimatyczn\u0105\u201d Bovaer w Danii ma konsekwencje poza granicami kraju. \u015awiadectwa du\u0144skich hodowc\u00f3w \u2013 opisuj\u0105ce gor\u0105czk\u0119, skurcze, infekcje, spadki produkcji mleka i zgony w stadach \u2013 wzbudzi\u0142y niepok\u00f3j w Wielkiej Brytanii. Produkt firmy DSM-Firmenich, promowany w programach \u201enet zero\u201d przez sieci Tesco, Aldi i Morrisons, jest obecnie przedmiotem mi\u0119dzynarodowego nadzoru.<\/p>\n<p>Do\u015bwiadczenia du\u0144skie sk\u0142oni\u0142y brytyjskich rolnik\u00f3w do ostro\u017cnej oceny suplementu, kt\u00f3ry ma zmienia\u0107 trawienie w \u017cwaczu w celu redukcji emisji metanu. Hodowca Anders Ring, uczestnik test\u00f3w organizowanych przez Arla, poinformowa\u0142, \u017ce niekt\u00f3re krowy upad\u0142y, jako\u015b\u0107 bakteriologiczna mleka si\u0119 pogorszy\u0142a, a produkcja stada szybko spad\u0142a. Zrezygnowa\u0142 z suplementu po miesi\u0105cu. Jego relacja wzmocni\u0142a obawy producent\u00f3w obserwuj\u0105cych wyniki zako\u0144czonego w\u0142a\u015bnie badania Arla w Wielkiej Brytanii.<\/p>\n<p>Brytyjska Agencja Norm \u017bywno\u015bciowych (FSA) przyzna\u0142a, \u017ce \u015bledzi incydenty w Danii i ocenia ich mo\u017cliwe skutki dla krajowego sektora mleczarskiego. Zar\u00f3wno FSA, jak i agencja europejska wcze\u015bniej zatwierdzi\u0142y Bovaer jako \u201ebezpieczny\u201d dla zwierz\u0105t i konsument\u00f3w. Wp\u0142yw sprawy dotar\u0142 tak\u017ce do Norwegii, gdzie rz\u0105d planowa\u0142 wprowadzenie Bovaer we wszystkich krowach mlecznych od 2027 roku.<\/p>\n<p>Sp\u00f3\u0142dzielnia pa\u0144stwowa Tine, kontroluj\u0105ca rynek mleczarski, zawiesi\u0142a wdro\u017cenie w celu dok\u0142adnego zbadania doniesie\u0144 z Danii. Firma DSM-Firmenich broni suplementu, wskazuj\u0105c na ponad 15 lat bada\u0144 i brak dowod\u00f3w naukowych na szkody u byd\u0142a. Jednocze\u015bnie przyznaje, \u017ce bada zg\u0142oszone przypadki i wsp\u00f3\u0142pracuje z du\u0144skimi w\u0142adzami oraz Uniwersytetem w Aarhus, kt\u00f3ry analizuje dotkni\u0119te zwierz\u0119ta.<\/p>\n<p>\u00a0<\/p>\n<p dir=\"ltr\">\u0179r\u00f3d\u0142o: Republika<\/p>\n<p dir=\"ltr\">Dzi\u0119kujemy, \u017ce przeczyta\u0142a\u015b\/e\u015b nasz artyku\u0142 do ko\u0144ca.<\/p>\n<p dir=\"ltr\">B\u0105d\u017a na bie\u017c\u0105co!\u00a0<a href=\"https:\/\/news.google.com\/search?q=Tvrepublika.pl&amp;hl=pl&amp;gl=PL&amp;ceid=PL%3Apl\" rel=\"nofollow noopener\" target=\"_blank\">Obserwuj\u00a0<\/a>nas w Wiadomo\u015bciach Google.\u00a0<\/p>\n<p dir=\"ltr\">Jeste\u015bmy na Youtube:\u00a0<a href=\"https:\/\/www.youtube.com\/@Telewizja_Republika\" rel=\"nofollow noopener\" target=\"_blank\">B\u0105d\u017a z nami na Youtube<\/a><\/p>\n<p dir=\"ltr\">Jeste\u015bmy na Facebooku:\u00a0<a href=\"https:\/\/www.facebook.com\/RepublikaTV\" rel=\"nofollow noopener\" target=\"_blank\">B\u0105d\u017a z nami na FB<\/a><\/p>\n<p dir=\"ltr\">Jeste\u015bmy na platformie X:\u00a0<a href=\"https:\/\/x.com\/RepublikaTV\" rel=\"nofollow\">B\u0105d\u017a z nami na X<\/a><\/p>\n","protected":false},"excerpt":{"rendered":"Kryzys wywo\u0142any pasz\u0105 \u201eklimatyczn\u0105\u201d Bovaer w Danii ma konsekwencje poza granicami kraju. \u015awiadectwa du\u0144skich hodowc\u00f3w \u2013 opisuj\u0105ce gor\u0105czk\u0119,&hellip;\n","protected":false},"author":2,"featured_media":102327,"comment_status":"","ping_status":"","sticky":false,"template":"","format":"standard","meta":{"footnotes":""},"categories":[14],"tags":[32,33,27,34,35,28,31,25,40,41,80,29,30,26,82,83,84],"class_list":{"0":"post-102326","1":"post","2":"type-post","3":"status-publish","4":"format-standard","5":"has-post-thumbnail","7":"category-swiat","8":"tag-breaking-news","9":"tag-breakingnews","10":"tag-headlines","11":"tag-latest-news","12":"tag-latestnews","13":"tag-naglowki","14":"tag-najwazniejsze-artykuly","15":"tag-news","16":"tag-polish","17":"tag-polski","18":"tag-swiat","19":"tag-top-stories","20":"tag-topstories","21":"tag-wiadomosci","22":"tag-world","23":"tag-world-news","24":"tag-worldnews"},"share_on_mastodon":{"url":"https:\/\/pubeurope.com\/@pl\/115552644381992498","error":""},"_links":{"self":[{"href":"https:\/\/www.europesays.com\/pl\/wp-json\/wp\/v2\/posts\/102326","targetHints":{"allow":["GET"]}}],"collection":[{"href":"https:\/\/www.europesays.com\/pl\/wp-json\/wp\/v2\/posts"}],"about":[{"href":"https:\/\/www.europesays.com\/pl\/wp-json\/wp\/v2\/types\/post"}],"author":[{"embeddable":true,"href":"https:\/\/www.europesays.com\/pl\/wp-json\/wp\/v2\/users\/2"}],"replies":[{"embeddable":true,"href":"https:\/\/www.europesays.com\/pl\/wp-json\/wp\/v2\/comments?post=102326"}],"version-history":[{"count":0,"href":"https:\/\/www.europesays.com\/pl\/wp-json\/wp\/v2\/posts\/102326\/revisions"}],"wp:featuredmedia":[{"embeddable":true,"href":"https:\/\/www.europesays.com\/pl\/wp-json\/wp\/v2\/media\/102327"}],"wp:attachment":[{"href":"https:\/\/www.europesays.com\/pl\/wp-json\/wp\/v2\/media?parent=102326"}],"wp:term":[{"taxonomy":"category","embeddable":true,"href":"https:\/\/www.europesays.com\/pl\/wp-json\/wp\/v2\/categories?post=102326"},{"taxonomy":"post_tag","embeddable":true,"href":"https:\/\/www.europesays.com\/pl\/wp-json\/wp\/v2\/tags?post=102326"}],"curies":[{"name":"wp","href":"https:\/\/api.w.org\/{rel}","templated":true}]}}