{"id":102354,"date":"2025-11-15T08:13:15","date_gmt":"2025-11-15T08:13:15","guid":{"rendered":"https:\/\/www.europesays.com\/pl\/102354\/"},"modified":"2025-11-15T08:13:15","modified_gmt":"2025-11-15T08:13:15","slug":"anni-frid-lyngstad-z-abby-prawde-o-ojcu-naziscie-odkryla-po-latach","status":"publish","type":"post","link":"https:\/\/www.europesays.com\/pl\/102354\/","title":{"rendered":"Anni-Frid Lyngstad z ABBY. Prawd\u0119 o ojcu-nazi\u015bcie odkry\u0142a po latach"},"content":{"rendered":"<p class=\"ods-c-paragraph \"><a href=\"https:\/\/kultura.onet.pl\/muzyka\/wiadomosci\/abba-wraca-agnetha-bjorn-benny-i-anni-frid-powracaja-po-40-latach\/sfjd45h\" id=\"9a016d95-6a6f-4c15-beb5-188ac96103de\" rel=\"nofollow noopener\" target=\"_blank\">Anni-Frid Synni Lyngstad,<\/a> znana szerzej jako Frida, to jedna z ikon \u015bwiatowej muzyki pop. To jej g\u0142os urzek\u0142 s\u0142uchaczy m.in. w przebojach &#8222;Fernando&#8221; czy &#8222;Money, Money, Money&#8221;, a pierwsza litera jej imienia jest jedn\u0105 z tych umieszczonych w skr\u00f3cie <a href=\"https:\/\/kultura.onet.pl\/abba-zespol\" id=\"d4150dce-b156-4a7a-83d3-d5bf8dfc77c2\" rel=\"nofollow noopener\" target=\"_blank\">ABBA<\/a>. Urodzona 15 listopada 1945 r. w Bj\u00f8rk\u00e5sen w Norwegii przesz\u0142a niezwykle trudn\u0105 drog\u0119, zanim sta\u0142a si\u0119 jedn\u0105 z najbardziej rozpoznawalnych artystek na \u015bwiecie.<\/p>\n<p>Dalszy ci\u0105g artyku\u0142u pod materia\u0142em wideo<br \/>\nFrida z ABBY pozna\u0142a ojca po latach. &#8222;To by\u0142o bardzo dziwne&#8221;   <\/p>\n<p class=\"ods-c-paragraph \">Frida nie wybra\u0142a sobie takiego losu. Przysz\u0142a na \u015bwiat jako c\u00f3rka Synni Lyngstad, Norwe\u017cki, i Alfreda Haase, sier\u017canta z Wehrmachtu. Nazista stacjonowa\u0142 wraz z wojskiem w okupowanym norweskim mie\u015bcie pod koniec wojny. By\u0142 to schy\u0142ek <a href=\"https:\/\/wiadomosci.onet.pl\/kraj\/dzieci-hitlera-historie-urodzonych-w-lebensborn\/1k1ld\" id=\"e35d1619-7bdf-4b5b-b0c6-6c64a5276237\" rel=\"nofollow noopener\" target=\"_blank\">programu Lebensborn [&#8222;\u0179r\u00f3d\u0142o \u017bycia&#8221;]<\/a> z lat 1935-1945 d\u0105\u017c\u0105cego do rozrostu aryjskiej rasy. Nadzorowa\u0142 go Heinrich Himmler, bliski wsp\u00f3\u0142pracownik <a href=\"https:\/\/kultura.onet.pl\/adolf-hitler\" id=\"c8940edc-b77e-4e82-b4ad-4ab283a764cb\" rel=\"nofollow noopener\" target=\"_blank\">Adolfa Hitlera<\/a>.<\/p>\n<p class=\"ods-c-paragraph \">Z za\u0142o\u017cenia by\u0142 to program maj\u0105cy zapewnienie opieki i miejsca do \u017cycia &#8222;warto\u015bciowym rasowo i genetycznie kobietom ci\u0119\u017carnym&#8221;, a tak\u017ce ich ojcom i potomstwu. Program mia\u0142 na celu stworzenie &#8222;czystej rasowo elity&#8221;, nowego pokolenia pan\u00f3w. W trakcie trwania Lebensborn z relacji z \u017co\u0142nierzami nie tylko na \u015bwiat przysz\u0142o wiele wykluczanych p\u00f3\u017aniej przez spo\u0142ecze\u0144stwo dzieci. Wiele zosta\u0142o tak\u017ce ukradzionych w g\u0142\u0105b nazistowskich Niemiec m.in. z tzw. Kraju Warty [teren Wielkopolski i ziemi\u0119 \u0142\u00f3dzk\u0105, cyt. Przystanek Historia].<\/p>\n<p class=\"ods-c-paragraph \">Niekt\u00f3rzy twierdz\u0105, \u017ce matka Fridy by\u0142a przypadkow\u0105 kobiet\u0105 wybran\u0105 przez \u017co\u0142nierza, ale przez lata pojawia\u0142y si\u0119 tak\u017ce teorie, \u017ce w rzeczywisto\u015bci par\u0119 \u0142\u0105czy\u0142 prawdziwy romans i uczucie. M\u0119\u017cczyzna nie przyzna\u0142 si\u0119 jednak m\u0142odej kobiecie, \u017ce jest zaj\u0119ty, a w Niemczech czeka na niego rodzina. Gdy opuszcza\u0142 Norwegi\u0119, mia\u0142 nawet obieca\u0107 rodzinie Lyngstad, \u017ce wr\u00f3ci do niej ju\u017c wkr\u00f3tce \u2014 w rzeczywisto\u015bci zosta\u0142 w ojczy\u017anie i nie planowa\u0142 wraca\u0107.<\/p>\n<p><img decoding=\"async\" src=\"https:\/\/www.europesays.com\/pl\/wp-content\/uploads\/2025\/11\/Xzyk9lBaHR0cHM6Ly9vY2RuLmV1L3B1bHNjbXMvTURBXy8zNjQzMjkzZTY3MGM4ZWEzNmMyZGZkZGFiMTBlOTc4NS5qcGeRlQLNA.jpeg\" height=\"529\" width=\"940\" alt=\"Anni-Frid Lyngstad w 1967 r.\" loading=\"lazy\" class=\"ods-c-image__img ods-c-image__img--vertical\"\/><\/p>\n<p>Anni-Frid Lyngstad w 1967 r.wikimedia<\/p>\n<p class=\"ods-c-paragraph \">Mimo \u017ce Anni-Frid urodzi\u0142a si\u0119 kilka miesi\u0119cy po zako\u0144czeniu II wojny \u015bwiatowej, jej 19-letnia matka zmaga\u0142a si\u0119 ze spo\u0142eczn\u0105 stygm\u0105. Rodzina uwa\u017cana by\u0142a za gorsz\u0105, ze wzgl\u0119du na posiadanie dziecka ze zwi\u0105zku z nazist\u0105. Synni wyzywana by\u0142a od kolaborantek, a Frida nazywana &#8222;nazistowskim pomiotem&#8221;. W 1947 r. wraz z seniork\u0105 rodu, Arntine, opu\u015bci\u0142y Norwegi\u0119, by zacz\u0105\u0107 \u017cycie na nowo w Szwecji. Niespodziewanie ju\u017c po przeprowadzce, jeszcze tego samego roku matka p\u00f3\u017aniejszej gwiazdy ABBY zmar\u0142a w wieku zaledwie 21 lat. Przyczyn\u0105 by\u0142a niewydolno\u015b\u0107 nerek.<\/p>\n<p class=\"ods-c-paragraph \">W kolejnych latach dziewczynka mog\u0142a liczy\u0107 na wsparcie babki oraz ciotki Olive, kt\u00f3re stara\u0142y si\u0119 zapewni\u0107 jej mi\u0142o\u015b\u0107 i poczucie akceptacji. Z powodu ich wzajemnych traum nie by\u0142o to proste.<\/p>\n<blockquote class=\"ods-o-quota\">\n<p class=\"ods-o-quota__paragraph\">By\u0142y\u015bmy dwiema samotnymi osobami. Nie by\u0142o u\u015bcisk\u00f3w ani poca\u0142unk\u00f3w<\/p>\n<\/blockquote>\n<p class=\"ods-c-paragraph \">\u2014 t\u0142umaczy\u0142a wokalistka ch\u0142odne relacje (cyt. z &#8222;The Story of ABBA: Melancholy Undercover&#8221;).<\/p>\n<p class=\"ods-c-paragraph \">Muzyczna kariera Fridy rozpocz\u0119\u0142a si\u0119 w 1967 r., kiedy wygra\u0142a konkurs talent\u00f3w New Faces z piosenk\u0105 &#8222;En ledig dag&#8221;. Wyst\u0119p w telewizji otworzy\u0142 jej drzwi do bran\u017cy muzycznej i doprowadzi\u0142 do podpisania kontraktu z Polar Music, wytw\u00f3rni\u0105 Stiga Andersona, co pozwoli\u0142o na dalszy rozw\u00f3j kariery. W 1969 r. wzi\u0119\u0142a udzia\u0142 w Melodifestivalen, szwedzkim konkursie muzycznym, podczas kt\u00f3rego po dzi\u015b sw\u0105 drog\u0119 do Eurowizji rozpoczynaj\u0105 szwedzkie gwiazdy piosenki. Za kulisami pozna\u0142a Benny&#8217;ego Andersona, a to odmieni\u0142o jej \u017cycie \u2014 po tym prawdziwy prze\u0142om przyszed\u0142 z utworzeniem zespo\u0142u ABBA.<\/p>\n<p class=\"ods-c-paragraph \">Zesp\u00f3\u0142 za\u0142o\u017cony w 1972 r. w sk\u0142ad kt\u00f3rego wchodzili Frida, Benny Andersson, Agnetha F\u00e4ltskog i Bj\u00f6rn Ulvaeus, sta\u0142a si\u0119 jednym z najpopularniejszych zespo\u0142\u00f3w muzycznych w historii. Po zwyci\u0119stwie <a href=\"https:\/\/kultura.onet.pl\/muzyka\/50-lat-temu-powstal-jeden-z-najwiekszych-hitow-abby-eurowizja-zmienila-ich-zycie\/wghwtpc\" id=\"2c2e20b1-7bf7-4e90-bd39-54df3350b16b\" rel=\"nofollow noopener\" target=\"_blank\">w Eurowizji w 1974 r. z piosenk\u0105 &#8222;Waterloo&#8221; <\/a>zapanowa\u0142a prawdziwa &#8222;ABBA-mania&#8221;. W p\u00f3\u017aniejszych latach wydawali przeb\u00f3j za przebojem, b\u0119d\u0105c jednym z najbardziej lubianych europejskich zespo\u0142\u00f3w. Grupa sprzeda\u0142a w sumie ponad 150 mln album\u00f3w i singli na ca\u0142ym \u015bwiecie, a ich hity, takie jak &#8222;Dancing Queen&#8221; czy &#8222;Mamma Mia&#8221;, do dzi\u015b ciesz\u0105 si\u0119 nies\u0142abn\u0105c\u0105 popularno\u015bci\u0105.<\/p>\n<p>   Anni-Frid uwa\u017ca\u0142a ojca za zmar\u0142ego. Prawda wysz\u0142a przez wywiad w gazecie<\/p>\n<p class=\"ods-c-paragraph \">Anni-Frid zna\u0142a jedynie imi\u0119 i nazwisko ojca. Alfred Haase. Przez d\u0142ugi czas po wojnie wierzy\u0142a, \u017ce zgin\u0105\u0142 on podczas konfliktu \u2014 statek z \u017co\u0142nierzem na pok\u0142adzie mia\u0142 zaton\u0105\u0107. Wszystko zmieni\u0142 jeden wywiad, kt\u00f3rego udzieli\u0142a w 1977 r. niemieckiemu magazynowi &#8222;Bravo&#8221;. W rozmowie wokalistka opowiedzia\u0142a o swojej bolesnej przesz\u0142o\u015bci i pochodzeniu. Wspomnia\u0142a o tym, kim naprawd\u0119 jest jej ojciec.<\/p>\n<p class=\"ods-c-paragraph \">Wywiad przeczyta\u0142 niejaki Peter Haase, kt\u00f3ry okaza\u0142 si\u0119 jej przyrodnim bratem. Po przewertowaniu gazety spyta\u0142 ojca, czy stacjonowa\u0142 w Ballangen podczas wojny. Odpowied\u017a by\u0142a twierdz\u0105ca, a po paru miesi\u0105cach Anni-Frid spotka\u0142a si\u0119 z ojcem w Sztokholmie. Towarzyszy\u0142 im \u00f3wczesny m\u0105\u017c wokalistki i cz\u0142onek ABBY, Benny Anderson.<\/p>\n<p class=\"ods-c-paragraph \">Ich spotkanie w domu Lyngstad i Andersona by\u0142o niepowtarzalne. Trwa\u0142o niemal cztery dni, a o tym, co dzia\u0142o si\u0119 w jego trakcie, napisa\u0142 ojciec wokalistki w li\u015bcie do &#8222;Bravo&#8221;. Podzi\u0119kowa\u0142 w ten spos\u00f3b w\u0142a\u015bcicielom gazety i fanom ABBY. W ko\u0144cu dzi\u0119ki nim odzyska\u0142 po latach c\u00f3rk\u0119, o kt\u00f3rej istnieniu nie mia\u0142 poj\u0119cia.<\/p>\n<blockquote class=\"ods-o-quota\">\n<p class=\"ods-o-quota__paragraph\">Wyobra\u017acie sobie, \u017ce dom, w kt\u00f3rym mieszkaj\u0105 Anni-Frid i Benny, jest jak zamek. Kiedy sta\u0142em tam po raz pierwszy, w pi\u0105tek 9 wrze\u015bnia, u podn\u00f3\u017ca wspania\u0142ych schod\u00f3w, z bukietem czerwonych r\u00f3\u017c w d\u0142oni, i zobaczy\u0142em moj\u0105 &#8222;now\u0105&#8221; s\u0142awn\u0105 c\u00f3rk\u0119 stoj\u0105c\u0105 tu\u017c u szczytu tych schod\u00f3w, pomy\u015bla\u0142em, \u017ce \u015bni\u0119. Podeszli\u015bmy do siebie i obj\u0119li\u015bmy si\u0119. W tych pierwszych chwilach nie wypowiedzieli\u015bmy ani s\u0142owa. Po prostu wiedzieli\u015bmy i czuli\u015bmy, \u017ce nie ma \u017cadnych w\u0105tpliwo\u015bci co do naszego pokrewie\u0144stwa. Nigdy nie zapomn\u0119 tej chwili, kiedy po raz pierwszy spojrzeli\u015bmy sobie w oczy. Potem uderzy\u0142o mnie, \u017ce ma takie samo wysokie czo\u0142o jak jej matka, a tak\u017ce wiele podobie\u0144stwa w oczach.<\/p>\n<\/blockquote>\n<p class=\"ods-c-paragraph \">\u2014 pisa\u0142 na \u0142amach &#8222;Bravo&#8221; Haase.<\/p>\n<p class=\"ods-c-paragraph \">Spotkanie by\u0142o niezwykle go\u015bcinne, a Anni-Frid zadeklarowa\u0142a, \u017ce by m\u00f3c rozmawia\u0107 z ojcem bez t\u0142umacza, chce nauczy\u0107 si\u0119 j\u0119zyka niemieckiego. Ojciec by\u0142 oczarowany go\u015bcin\u0105. Haase dosta\u0142 od c\u00f3rki mo\u017cliwo\u015b\u0107 wybrania sobie pokoju, w kt\u00f3rym chcia\u0142by przebywa\u0107 podczas pobytu i zosta\u0142 zapewniony, \u017ce mo\u017ce &#8222;czu\u0107 si\u0119 jak w domu&#8221;.<\/p>\n<blockquote class=\"ods-o-quota\">\n<p class=\"ods-o-quota__paragraph\">Anni-Frid sama przygotowywa\u0142a nam posi\u0142ki i rozpieszcza\u0142a mnie. Na pocz\u0105tku jej ciotka [Olive Lyngstad] t\u0142umaczy\u0142a wszystko, co do siebie m\u00f3wili\u015bmy. Benny te\u017c ca\u0142kiem dobrze m\u00f3wi po niemiecku. Z ka\u017cdym dniem Anni-Frid rozumia\u0142a niemiecki coraz lepiej. Poprosi\u0142a mnie, \u017cebym m\u00f3wi\u0142 bardzo wolno. Zapyta\u0142a, czy przeszkadza mi, \u017ce ci\u0105gle si\u0119 na mnie gapi, bo dla niej to wszystko wci\u0105\u017c by\u0142o jak bajka. Odpowiedzia\u0142em: &#8222;Oczywi\u015bcie, \u017ce nie, dla mnie tak samo&#8221;.<\/p>\n<\/blockquote>\n<p class=\"ods-c-paragraph \">Pierwsze spotkanie zako\u0144czy\u0142o si\u0119 ok. czwartej nad ranem kolejnego dnia. Wokalistka wypytywa\u0142a ojca o wspomnienia zwi\u0105zane z matk\u0105, za to on, nie\u015bwiadomy losu kobiety, pragn\u0105\u0142 dowiedzie\u0107 si\u0119, co dzi\u015b si\u0119 z ni\u0105 dzieje. Wtedy powiedzia\u0142a mu, \u017ce kobieta nie \u017cyje. &#8222;Przez 32 lata nic o tym nie wiedzia\u0142em&#8221; \u2014 pisa\u0142.<\/p>\n<p class=\"ods-c-paragraph \">Podczas wizyty w Sztokholmie m.in. zwiedzili wsp\u00f3lnie star\u00f3wk\u0119 i zjedli wykwintny obiad w jednej z restauracji. Na po\u017cegnanie podarowali prezent dla \u017cony Haase. Przez mnogo\u015b\u0107 zaj\u0119\u0107 m\u0119\u017cczyzna zapomnia\u0142 o terminie odlotu i nie zdo\u0142a\u0142 kupi\u0107 biletu powrotnego do Niemiec, zosta\u0142 przez to w domu c\u00f3rki o jeden dzie\u0144 d\u0142u\u017cej.<\/p>\n<p class=\"ods-c-paragraph \">Cho\u0107 wydawa\u0142oby si\u0119, \u017ce odnowiona relacja b\u0119dzie z czasem jedynie wzrasta\u0107, to po pierwszej gor\u0105cej fali wzajemnych emocji kontakt mi\u0119dzy Frid\u0105 a Haase usta\u0142 na pocz\u0105tku lat 80. By\u0142y \u017co\u0142nierz nadal jednak odbiera\u0142 pochwa\u0142y od fan\u00f3w ABBY i ch\u0119tnie odpisywa\u0142 na ich listy oraz dawa\u0142 autografy. Zmar\u0142 w 2009 r. w wieku 90 lat.<\/p>\n<p class=\"ods-c-paragraph \">&#8222;To wszystko by\u0142o bardzo dziwne. Otrzyma\u0142am list od kogo\u015b, kto podawa\u0142 si\u0119 za mojego przyrodniego brata. Przeczyta\u0142 o mnie i natkn\u0105\u0142 si\u0119 na pewne informacje, kt\u00f3re s\u0142ysza\u0142 r\u00f3wnie\u017c od swojego ojca. Okaza\u0142o si\u0119, \u017ce to rzeczywi\u015bcie by\u0142 m\u00f3j ojciec. Sprawdzi\u0142am go, g\u0142\u00f3wnie z ciekawo\u015bci&#8221;<\/p>\n<blockquote class=\"ods-o-quota\">\n<p class=\"ods-o-quota__paragraph\">Pojawi\u0142 si\u0119 za p\u00f3\u017ano, \u017ceby by\u0107 dla mnie prawdziwym ojcem. By\u0142am doros\u0142\u0105 kobiet\u0105. Jako dziecko m\u00f3g\u0142 co\u015b dla mnie znaczy\u0107, ale teraz ju\u017c nie. Mimo wszystko to spotkanie wiele dla mnie znaczy\u0142o i od tamtej pory utrzymywali\u015bmy kontakt. To by\u0142o bardzo dziwne uczucie, kiedy spotkali\u015bmy si\u0119 oko w oko. Wiecie: to m\u00f3j ojciec. Ale wszystkie emocje z tym zwi\u0105zane by\u0142y dla mnie dziwne. Nie, nigdy go o nic nie wini\u0142am. W ko\u0144cu on te\u017c by\u0142 ofiar\u0105 okoliczno\u015bci. Jako niemiecki oficer nie m\u00f3g\u0142 zosta\u0107 w Norwegii po wojnie<\/p>\n<\/blockquote>\n<p class=\"ods-c-paragraph \">\u2014 m\u00f3wi\u0142a Anni-Frid w rozmowie z magazynem &#8222;Libelle&#8221; w 1985 r.<\/p>\n<p><img decoding=\"async\" src=\"https:\/\/www.europesays.com\/pl\/wp-content\/uploads\/2025\/11\/9n3k9lBaHR0cHM6Ly9vY2RuLmV1L3B1bHNjbXMvTURBXy83YTIzZDIxNjljZWNiZWIxZTJlYzZjZTA4ODVjMDY0Zi5qcGeRlQLNA.jpeg\" height=\"529\" width=\"940\" alt=\"Anni-Frid Lyngstad w 1982 r.\" loading=\"lazy\" class=\"ods-c-image__img ods-c-image__img--vertical\"\/><\/p>\n<p>Anni-Frid Lyngstad w 1982 r.wikimedia<\/p>\n<p class=\"ods-c-paragraph \">W tym samym wywiadzie artystka opowiedzia\u0142a o swoich relacjach z dzie\u0107mi i potrzebie dania im od siebie tego, czego sama jako dziecko nie mia\u0142a. Najwi\u0119kszym brakiem by\u0142a dla niej nieobecno\u015b\u0107 matki, dlatego zawsze stara\u0142a si\u0119 by\u0107 wtedy, gdy jej c\u00f3rka Lotta (zm. 1998) i syn Hans tego potrzebowali.<\/p>\n<p class=\"ods-c-paragraph \">&#8222;Ka\u017cda matka chce da\u0107 swoim dzieciom to, czego sama nie mia\u0142a. Zawsze brakowa\u0142o mi matki, z kt\u00f3r\u0105 mog\u0142abym porozmawia\u0107. Pomimo wszelkich stara\u0144, mojej babci nigdy nie uda\u0142o si\u0119 spe\u0142ni\u0107 tej roli. R\u00f3\u017cnica wieku by\u0142a zbyt du\u017ca. Wiem, \u017ce moje dzieci maj\u0105 tak\u0105 matk\u0119. Nie boimy si\u0119 ze sob\u0105 rozmawia\u0107, nawet je\u015bli chodzi o najbardziej intymne uczucia. To dobrze. \u017be mi ufaj\u0105, nie boj\u0105 si\u0119 do mnie przychodzi\u0107&#8221; \u2014 opowiada\u0142a.<\/p>\n<p class=\"ods-c-paragraph \">Zobacz te\u017c:<\/p>\n","protected":false},"excerpt":{"rendered":"Anni-Frid Synni Lyngstad, znana szerzej jako Frida, to jedna z ikon \u015bwiatowej muzyki pop. To jej g\u0142os urzek\u0142&hellip;\n","protected":false},"author":2,"featured_media":102355,"comment_status":"","ping_status":"","sticky":false,"template":"","format":"standard","meta":{"footnotes":""},"categories":[22],"tags":[22907,22909,122,22908,1252,919,48,3155,46,42,38,40,39,41,123,47,3064],"class_list":{"0":"post-102354","1":"post","2":"type-post","3":"status-publish","4":"format-standard","5":"has-post-thumbnail","7":"category-rozrywka","8":"tag-abba","9":"tag-anni_frid_lyngstad","10":"tag-entertainment","11":"tag-lebensborn","12":"tag-muzyka","13":"tag-najnowsze_wiadomosci_kultura","14":"tag-nat_styl","15":"tag-norwegia","16":"tag-omp","17":"tag-pl","18":"tag-poland","19":"tag-polish","20":"tag-polska","21":"tag-polski","22":"tag-rozrywka","23":"tag-screening_general","24":"tag-wywiady_i_artykuly"},"share_on_mastodon":{"url":"https:\/\/pubeurope.com\/@pl\/115552715503954477","error":""},"_links":{"self":[{"href":"https:\/\/www.europesays.com\/pl\/wp-json\/wp\/v2\/posts\/102354","targetHints":{"allow":["GET"]}}],"collection":[{"href":"https:\/\/www.europesays.com\/pl\/wp-json\/wp\/v2\/posts"}],"about":[{"href":"https:\/\/www.europesays.com\/pl\/wp-json\/wp\/v2\/types\/post"}],"author":[{"embeddable":true,"href":"https:\/\/www.europesays.com\/pl\/wp-json\/wp\/v2\/users\/2"}],"replies":[{"embeddable":true,"href":"https:\/\/www.europesays.com\/pl\/wp-json\/wp\/v2\/comments?post=102354"}],"version-history":[{"count":0,"href":"https:\/\/www.europesays.com\/pl\/wp-json\/wp\/v2\/posts\/102354\/revisions"}],"wp:featuredmedia":[{"embeddable":true,"href":"https:\/\/www.europesays.com\/pl\/wp-json\/wp\/v2\/media\/102355"}],"wp:attachment":[{"href":"https:\/\/www.europesays.com\/pl\/wp-json\/wp\/v2\/media?parent=102354"}],"wp:term":[{"taxonomy":"category","embeddable":true,"href":"https:\/\/www.europesays.com\/pl\/wp-json\/wp\/v2\/categories?post=102354"},{"taxonomy":"post_tag","embeddable":true,"href":"https:\/\/www.europesays.com\/pl\/wp-json\/wp\/v2\/tags?post=102354"}],"curies":[{"name":"wp","href":"https:\/\/api.w.org\/{rel}","templated":true}]}}