{"id":102357,"date":"2025-11-15T08:16:10","date_gmt":"2025-11-15T08:16:10","guid":{"rendered":"https:\/\/www.europesays.com\/pl\/102357\/"},"modified":"2025-11-15T08:16:10","modified_gmt":"2025-11-15T08:16:10","slug":"wojna-ukraina-rosja-atak-na-dniepr-eksplozje-i-wiele-pozarow","status":"publish","type":"post","link":"https:\/\/www.europesays.com\/pl\/102357\/","title":{"rendered":"Wojna Ukraina &#8211; Rosja. Atak na Dniepr. Eksplozje i wiele po\u017car\u00f3w"},"content":{"rendered":"<p class=\"typography ids-typeset-body ids-typeset-body--preset-large link paragraph ids-paragraph ids-paragraph--default\">O rosyjskim ataku przeprowadzonym w nocy z pi\u0105tku na sobot\u0119 poinformowa\u0142a szef w\u0142adz obwodu dniepropietrowskiego W\u0142adys\u0142aw Hajwanienko.<\/p>\n<p class=\"typography ids-typeset-body ids-typeset-body--preset-large link paragraph ids-paragraph ids-paragraph--default\">Jak przekaza\u0142, Rosjanie uderzyli w <a href=\"https:\/\/wydarzenia.interia.pl\/tematy-dniepr,gsbi,5882\" rel=\"nofollow noopener\" target=\"_blank\">Dniepr<\/a> dronami. &#8222;W mie\u015bcie wybuch\u0142o kilka po\u017car\u00f3w. Uszkodzono prywatne przedsi\u0119biorstwa&#8221; &#8211; napisa\u0142 w mediach spo\u0142eczno\u015bciowych.<\/p>\n<p>Ukraina &#8211; Rosja. Atak na Dniepr i Nikopol<\/p>\n<p class=\"typography ids-typeset-body ids-typeset-body--preset-large link paragraph ids-paragraph ids-paragraph--default\">Zaatakowany zosta\u0142 te\u017c Nikopol. Do ostrza\u0142u rejonu nikopolskiego u\u017cyto tak\u017ce artylerii i system\u00f3w Grad.<\/p>\n<p class=\"typography ids-typeset-body ids-typeset-body--preset-large link paragraph ids-paragraph ids-paragraph--default\">&#8222;Zgin\u0105\u0142 65-letni m\u0119\u017cczyzna. Sp\u0142on\u0105\u0142 nieu\u017cywany budynek i samoch\u00f3d. Zniszczono prywatne przedsi\u0119biorstwo, pi\u0119ciopi\u0119trowy budynek, prywatne domy, gazoci\u0105g i samochody&#8221; &#8211; wymienia\u0142 szef lokalnych w\u0142adz.<\/p>\n<p class=\"typography ids-typeset-body ids-typeset-body--preset-large link paragraph ids-paragraph ids-paragraph--default\">W innym regionie ranny zosta\u0142 52-letni m\u0119\u017cczyzna. Sp\u0142on\u0105\u0142 dom kultury oraz kilka prywatnych budynk\u00f3w.<\/p>\n<p class=\"typography ids-typeset-body ids-typeset-body--preset-large link paragraph ids-paragraph ids-paragraph--default\">Ukrai\u0144ska obrona powietrzna tej nocy nad\u00a0obwodem dniepropietrowskim zestrzeli\u0142a 16 dron\u00f3w.<\/p>\n<p>Ukrai\u0144skie drony nad Rosj\u0105. Trafiona rafineria w Riazaniu<\/p>\n<p class=\"typography ids-typeset-body ids-typeset-body--preset-large link paragraph ids-paragraph ids-paragraph--default\">Z kolei rosyjski resort obrony poinformowa\u0142, \u017ce ich obrona powietrzna str\u0105ci\u0142a w pi\u0105tek wieczorem 64 drony nad dziewi\u0119cioma obwodami i Tatarstanem.<\/p>\n<p class=\"typography ids-typeset-body ids-typeset-body--preset-large link paragraph ids-paragraph ids-paragraph--default\">W mediach spo\u0142eczno\u015bciowych pojawia\u0142y si\u0119 nagrania, kt\u00f3re mia\u0142y ukazywa\u0107 atak na rafineri\u0119 w Riazaniu. Wed\u0142ug relacji mieszka\u0144c\u00f3w miasta, obiekt mia\u0142 zosta\u0107 trafiony.<\/p>\n<p class=\"typography ids-typeset-body ids-typeset-body--preset-large link paragraph ids-paragraph ids-paragraph--default\">Rosjanie poinformowali, \u017ce najwi\u0119cej bezza\u0142ogowc\u00f3w &#8211; 25 &#8211; zestrzelili w\u0142a\u015bnie nad obwodem riaza\u0144skim.<\/p>\n<p>&#8222;Polityczny WF&#8221;: Razem i Matysiak ju\u017c nie razem. Dlaczego j\u0105 wyrzucono?interiaINTERIA.PL<\/p>\n<p><a class=\"ids-undecorated-link source ids-page-info--source__link\" href=\"https:\/\/www.interia.pl\" rel=\"nofollow noopener\" target=\"_blank\"><img decoding=\"async\" class=\"ids-image-holder__img\" loading=\"lazy\" alt=\"\" title=\"\" height=\"24px\" src=\"https:\/\/www.europesays.com\/pl\/wp-content\/uploads\/2025\/11\/1763129291_425_0009A60QQ5I2TYF7-C202-F4.webp.webp\"\/><\/a><\/p>\n<p>Masz sugestie, uwagi albo widzisz b\u0142\u0105d? Napisz do nas<\/p>\n","protected":false},"excerpt":{"rendered":"O rosyjskim ataku przeprowadzonym w nocy z pi\u0105tku na sobot\u0119 poinformowa\u0142a szef w\u0142adz obwodu dniepropietrowskiego W\u0142adys\u0142aw Hajwanienko. Jak&hellip;\n","protected":false},"author":2,"featured_media":102358,"comment_status":"","ping_status":"","sticky":false,"template":"","format":"standard","meta":{"footnotes":""},"categories":[14],"tags":[32,33,27,34,35,28,31,25,40,41,80,29,30,26,82,83,84],"class_list":{"0":"post-102357","1":"post","2":"type-post","3":"status-publish","4":"format-standard","5":"has-post-thumbnail","7":"category-swiat","8":"tag-breaking-news","9":"tag-breakingnews","10":"tag-headlines","11":"tag-latest-news","12":"tag-latestnews","13":"tag-naglowki","14":"tag-najwazniejsze-artykuly","15":"tag-news","16":"tag-polish","17":"tag-polski","18":"tag-swiat","19":"tag-top-stories","20":"tag-topstories","21":"tag-wiadomosci","22":"tag-world","23":"tag-world-news","24":"tag-worldnews"},"share_on_mastodon":{"url":"https:\/\/pubeurope.com\/@pl\/115552727024726705","error":""},"_links":{"self":[{"href":"https:\/\/www.europesays.com\/pl\/wp-json\/wp\/v2\/posts\/102357","targetHints":{"allow":["GET"]}}],"collection":[{"href":"https:\/\/www.europesays.com\/pl\/wp-json\/wp\/v2\/posts"}],"about":[{"href":"https:\/\/www.europesays.com\/pl\/wp-json\/wp\/v2\/types\/post"}],"author":[{"embeddable":true,"href":"https:\/\/www.europesays.com\/pl\/wp-json\/wp\/v2\/users\/2"}],"replies":[{"embeddable":true,"href":"https:\/\/www.europesays.com\/pl\/wp-json\/wp\/v2\/comments?post=102357"}],"version-history":[{"count":0,"href":"https:\/\/www.europesays.com\/pl\/wp-json\/wp\/v2\/posts\/102357\/revisions"}],"wp:featuredmedia":[{"embeddable":true,"href":"https:\/\/www.europesays.com\/pl\/wp-json\/wp\/v2\/media\/102358"}],"wp:attachment":[{"href":"https:\/\/www.europesays.com\/pl\/wp-json\/wp\/v2\/media?parent=102357"}],"wp:term":[{"taxonomy":"category","embeddable":true,"href":"https:\/\/www.europesays.com\/pl\/wp-json\/wp\/v2\/categories?post=102357"},{"taxonomy":"post_tag","embeddable":true,"href":"https:\/\/www.europesays.com\/pl\/wp-json\/wp\/v2\/tags?post=102357"}],"curies":[{"name":"wp","href":"https:\/\/api.w.org\/{rel}","templated":true}]}}