{"id":102366,"date":"2025-11-15T08:23:09","date_gmt":"2025-11-15T08:23:09","guid":{"rendered":"https:\/\/www.europesays.com\/pl\/102366\/"},"modified":"2025-11-15T08:23:09","modified_gmt":"2025-11-15T08:23:09","slug":"rosja-nastolatek-skazany-na-17-lat-kolonii-karnej-sad-nie-mial-litosci","status":"publish","type":"post","link":"https:\/\/www.europesays.com\/pl\/102366\/","title":{"rendered":"Rosja. Nastolatek skazany na 17 lat kolonii karnej. S\u0105d nie mia\u0142 lito\u015bci"},"content":{"rendered":"<p>&#13;<br \/>\n        \t&#8222;Drugi Wschodni Okr\u0119gowy\u00a0S\u0105d Wojenny skaza\u0142 na 17 lat pozbawienia wolno\u015bci ucznia technikum z Barnau\u0142u Artioma Konstatninowa&#8221; &#8211; poinformowa\u0142a Mediazona. Nastolatek zosta\u0142 zatrzymany w zesz\u0142ym roku pod zarzutem przygotowania zamachu terrorystycznego. W wyrazie sprzeciwu wobec polityki Federacji Rosyjskiej, m\u0119\u017cczyzna pr\u00f3bowa\u0142 podpali\u0107 budynek komisji poborowej.&#13;\n        \t<\/p>\n<p>&#8222;18-latek zosta\u0142 zatrzymany wieczorem 16 grudnia 2024 roku przed budynkiem komendy wojskowej. Wed\u0142ug FSB mieszkaniec Barnau\u0142u zamierza\u0142 podpali\u0107 budynek, aby uniemo\u017cliwi\u0107 wys\u0142anie \u017co\u0142nierzy do strefy dzia\u0142a\u0144 wojennych&#8221; &#8211; poda\u0142a Mediazona.\u00a0<\/p>\n<p>\u00a0<\/p>\n<p>S\u0105d zakwalifikowa\u0142 pr\u00f3b\u0119 podpalenia budynku jako dzia\u0142alno\u015b\u0107 terrorystyczn\u0105. W uzasadnieniu wyroku czytamy, \u017ce m\u0119\u017cczyzna 18-latek mia\u0142 nagra\u0107 film, w kt\u00f3rym deklaruje ch\u0119\u0107 do\u0142\u0105czenia do organizacji &#8222;Legion Wolno\u015b\u0107 Rosji&#8221; wpisanej przez S\u0105d Najwy\u017cszy Federacji Rosyjskiej na list\u0119 organizacji terrorystycznych.<\/p>\n<p>\u00a0<\/p>\n<p>ZOBACZ: <a href=\"https:\/\/www.polsatnews.pl\/wiadomosc\/2025-11-13\/rosjanie-postawia-na-szantaz-wystarczyloby-ze-zaatakowaliby-litwe-lub-lotwe\/\" target=\"_blank\" rel=\"noopener noreferrer nofollow\">Rosjanie postawi\u0105 na szanta\u017c? &#8222;Wystarczy\u0142oby, \u017ce zaatakowaliby Litw\u0119 lub \u0141otw\u0119&#8221;<\/a><\/p>\n<p>\u00a0<\/p>\n<p>&#8222;Wype\u0142ni\u0142 i przes\u0142a\u0142 ankiet\u0119 osobow\u0105 i nagra\u0142 film z przysi\u0119g\u0105 na wierno\u015b\u0107 organizacji terrorystycznej, w kt\u00f3rym potwierdzi\u0142 swoj\u0105 gotowo\u015b\u0107 do dzia\u0142ania w jej szeregach przeciw bezpiecze\u0144stwu Federacji Rosyjskiej, a tak\u017ce wyjecha\u0107 na terytorium Ukrainy w celu uczestniczenia w dzia\u0142aniach wojennych po stronie Ukrainy&#8221; &#8211; czytamy w komunikacie s\u0105du.<\/p>\n<p>17 lat wi\u0119zienia dla 18-latka. Wi\u0119kszo\u015b\u0107 sp\u0119dzi w kolonii o zaostrzonym rygorze<\/p>\n<p>Wed\u0142ug s\u0105du Konstantinow za namow\u0105 rzekomego &#8222;kuratora&#8221; z organizacji mia\u0142 fotografowa\u0107 budynki rz\u0105dowe w celu przygotowania zamach\u00f3w. Od cz\u0142onka &#8222;Legion Wolno\u015b\u0107 Rosji&#8221; mia\u0142 otrzyma\u0107 pieni\u0105dze i instrukcje przygotowania \u0142adunk\u00f3w wybuchowych w warunkach domowych.<\/p>\n<p>\u00a0<\/p>\n<p>ZOBACZ: <a href=\"https:\/\/geekweek.interia.pl\/militaria\/news-rosja-produkuje-btr-y-na-gigantyczna-skale-nie-widziano-tego,nId,22450048\" target=\"_blank\" rel=\"noopener noreferrer nofollow\">Rosja produkuje BTR-y na gigantyczn\u0105 skal\u0119. Wr\u00f3ci\u0142y czasy zimnej wojny<\/a><\/p>\n<p>\u00a0<\/p>\n<p>&#8222;16 grudnia 2024 roku Konstantinow przyby\u0142 do wojskowego biura poboru, aby dokona\u0107 aktu terrorystycznego poprzez podpalenie. Zosta\u0142 jednak zatrzymany przez funkcjonariuszy organ\u00f3w \u015bcigania, co uniemo\u017cliwi\u0142o mu zrealizowanie zamiaru pope\u0142nienia aktu terrorystycznego&#8221; &#8211; przekaza\u0142 s\u0105d.\u00a0<\/p>\n<p>\u00a0<\/p>\n<p>Ucze\u0144 technikum, kt\u00f3ry w momencie og\u0142oszenia wyroku mia\u0142 18 lat, zosta\u0142 skazany\u00a0 na 17 lat pozbawienia wolno\u015bci. Pierwsze 3 lata ma sp\u0119dzi\u0107 w wi\u0119zieniu, a pozosta\u0142\u0105 cz\u0119\u015b\u0107 kary ma odby\u0107 w kolonii poprawczej o zaostrzonym rygorze. Przez pierwsze dwa lata b\u0119dzie pozbawiony przywilej\u00f3w w\u0142a\u015bciwych zak\u0142adom p\u00f3\u0142otwartym.<\/p>\n<p>\u00a0<\/p>\n<p>Widzia\u0142e\u015b co\u015b wa\u017cnego? Przy\u015blij zdj\u0119cie, film lub napisz, co si\u0119 sta\u0142o. Skorzystaj z naszej <a href=\"https:\/\/www.polsatnews.pl\/platforma-widzow\/\" target=\"_blank\" rel=\"noopener noreferrer nofollow\">Wrzutni<\/a><\/p>\n<p>                <img decoding=\"async\" src=\"https:\/\/www.europesays.com\/pl\/wp-content\/uploads\/2025\/11\/1762960465_676_k23xxtpc64rfcdqt18ao5qreo5j3i1db.jpg\" alt=\"\" itemprop=\"contentUrl\" style=\"position:absolute; width: 100%; max-height: 100%;\"\/><video controls=\"\" controlslist=\"nodownload\" poster=\"https:\/\/www.europesays.com\/pl\/wp-content\/uploads\/2025\/11\/1762960465_676_k23xxtpc64rfcdqt18ao5qreo5j3i1db.jpg\" class=\"videoPlayer player6854457 news__video\" data-id=\"6854457\">Twoja przegl\u0105darka nie wspiera odtwarzacza wideo&#8230;<\/video><\/p>\n<p>                <a class=\"news__read-more-button\" href=\"https:\/\/www.polsatnews.pl\/\" rel=\"nofollow noopener\" target=\"_blank\">Czytaj wi\u0119cej<\/a><\/p>\n<p>\t\t\tChcesz by\u0107 na bie\u017c\u0105co z najnowszymi newsami?<\/p>\n<p class=\"app-ad__preview\">Jeste\u015bmy w aplikacji na Tw\u00f3j telefon. Sprawd\u017a\u00a0nas!<\/p>\n","protected":false},"excerpt":{"rendered":"&#13; &#8222;Drugi Wschodni Okr\u0119gowy\u00a0S\u0105d Wojenny skaza\u0142 na 17 lat pozbawienia wolno\u015bci ucznia technikum z Barnau\u0142u Artioma Konstatninowa&#8221; &#8211;&hellip;\n","protected":false},"author":2,"featured_media":102367,"comment_status":"","ping_status":"","sticky":false,"template":"","format":"standard","meta":{"footnotes":""},"categories":[14],"tags":[32,33,27,34,35,28,31,25,40,41,80,29,30,26,82,83,84],"class_list":{"0":"post-102366","1":"post","2":"type-post","3":"status-publish","4":"format-standard","5":"has-post-thumbnail","7":"category-swiat","8":"tag-breaking-news","9":"tag-breakingnews","10":"tag-headlines","11":"tag-latest-news","12":"tag-latestnews","13":"tag-naglowki","14":"tag-najwazniejsze-artykuly","15":"tag-news","16":"tag-polish","17":"tag-polski","18":"tag-swiat","19":"tag-top-stories","20":"tag-topstories","21":"tag-wiadomosci","22":"tag-world","23":"tag-world-news","24":"tag-worldnews"},"share_on_mastodon":{"url":"https:\/\/pubeurope.com\/@pl\/115552754589909511","error":""},"_links":{"self":[{"href":"https:\/\/www.europesays.com\/pl\/wp-json\/wp\/v2\/posts\/102366","targetHints":{"allow":["GET"]}}],"collection":[{"href":"https:\/\/www.europesays.com\/pl\/wp-json\/wp\/v2\/posts"}],"about":[{"href":"https:\/\/www.europesays.com\/pl\/wp-json\/wp\/v2\/types\/post"}],"author":[{"embeddable":true,"href":"https:\/\/www.europesays.com\/pl\/wp-json\/wp\/v2\/users\/2"}],"replies":[{"embeddable":true,"href":"https:\/\/www.europesays.com\/pl\/wp-json\/wp\/v2\/comments?post=102366"}],"version-history":[{"count":0,"href":"https:\/\/www.europesays.com\/pl\/wp-json\/wp\/v2\/posts\/102366\/revisions"}],"wp:featuredmedia":[{"embeddable":true,"href":"https:\/\/www.europesays.com\/pl\/wp-json\/wp\/v2\/media\/102367"}],"wp:attachment":[{"href":"https:\/\/www.europesays.com\/pl\/wp-json\/wp\/v2\/media?parent=102366"}],"wp:term":[{"taxonomy":"category","embeddable":true,"href":"https:\/\/www.europesays.com\/pl\/wp-json\/wp\/v2\/categories?post=102366"},{"taxonomy":"post_tag","embeddable":true,"href":"https:\/\/www.europesays.com\/pl\/wp-json\/wp\/v2\/tags?post=102366"}],"curies":[{"name":"wp","href":"https:\/\/api.w.org\/{rel}","templated":true}]}}