{"id":102378,"date":"2025-11-15T08:31:04","date_gmt":"2025-11-15T08:31:04","guid":{"rendered":"https:\/\/www.europesays.com\/pl\/102378\/"},"modified":"2025-11-15T08:31:04","modified_gmt":"2025-11-15T08:31:04","slug":"agresywny-mezczyzna-zmarl-w-trakcie-interwencji-policji","status":"publish","type":"post","link":"https:\/\/www.europesays.com\/pl\/102378\/","title":{"rendered":"Agresywny m\u0119\u017cczyzna zmar\u0142 w trakcie interwencji policji!"},"content":{"rendered":"<p>39-letni m\u0119\u017cczyzna zmar\u0142 w\u00a0trakcie wczorajszej interwencji policji w\u00a0Koninie (woj. wielkopolskie) \u2013 poinformowa\u0142a asp. Sylwia Kr\u00f3l z\u00a0Komendy Miejskiej Policji w\u00a0Koninie. Sytuacj\u0119 wyja\u015bniaj\u0105 wydzia\u0142y kontroli komendy wojew\u00f3dzkiej i\u00a0g\u0142\u00f3wnej policji oraz\u00a0prokuratura.<\/p>\n<p>Wczoraj koni\u0144scy funkcjonariusze zostali wezwani do\u00a0agresywnie zachowuj\u0105cego si\u0119 39-latka w\u00a0Gos\u0142awicach (dzielnica Konina). Zg\u0142aszaj\u0105c\u0105 by\u0142a matka m\u0119\u017cczyzny, kt\u00f3ra przekaza\u0142a policji, \u017ce\u00a0boi si\u0119 zachowania syna. Po\u00a0przybyciu patrolu na\u00a0miejsce 39-latek poszczu\u0142 policjant\u00f3w psem, a\u00a0jednego z\u00a0nich uderzy\u0142 metalow\u0105 rurk\u0105 \u2013 poinformowa\u0142a\u00a0Kr\u00f3l.<\/p>\n<p>Policjanci obezw\u0142adnili m\u0119\u017cczyzn\u0119 i\u00a0za\u0142o\u017cyli mu\u00a0kajdanki. Na\u00a0miejsce \u2013 jak doda\u0142a Kr\u00f3l \u2013 wezwana zosta\u0142a karetka pogotowia. Ratownicy zauwa\u017cyli, \u017ce\u00a039-latek traci przytomno\u015b\u0107. Podj\u0119li reanimacj\u0119, ale mimo udzielonej pomocy m\u0119\u017cczyzna\u00a0zmar\u0142.<\/p>\n<blockquote>\n<p>Podkre\u015blamy, \u017ce\u00a0policjanci poza si\u0142\u0105 fizyczn\u0105, miotaczem gazu pieprzowego i\u00a0kajdanek nie u\u017cywali \u017cadnych innych \u015brodk\u00f3w. Przebieg interwencji by\u0142 rejestrowany przez kamery nasobne\u00a0funkcjonariuszy <\/p>\n<\/blockquote>\n<p>\u2014 przekaza\u0142a rzeczniczka prasowa koni\u0144skiej\u00a0policji.<\/p>\n<p>Kr\u00f3l doda\u0142a, \u017ce\u00a0sytuacja jest wyja\u015bniana przez wydzia\u0142y kontroli Komendy Wojew\u00f3dzkiej Policji w\u00a0Poznaniu i\u00a0Komendy G\u0142\u00f3wnej Policji. Interwencj\u0119 bada te\u017c Prokuratura Rejonowa\u00a0w\u00a0Koninie.<\/p>\n<p>tkwl\/PAP<\/p>\n","protected":false},"excerpt":{"rendered":"39-letni m\u0119\u017cczyzna zmar\u0142 w\u00a0trakcie wczorajszej interwencji policji w\u00a0Koninie (woj. wielkopolskie) \u2013 poinformowa\u0142a asp. Sylwia Kr\u00f3l z\u00a0Komendy Miejskiej Policji&hellip;\n","protected":false},"author":2,"featured_media":102379,"comment_status":"","ping_status":"","sticky":false,"template":"","format":"standard","meta":{"footnotes":""},"categories":[12],"tags":[32,33,36,37,27,34,35,28,31,25,42,38,40,39,41,29,30,26],"class_list":{"0":"post-102378","1":"post","2":"type-post","3":"status-publish","4":"format-standard","5":"has-post-thumbnail","7":"category-polska","8":"tag-breaking-news","9":"tag-breakingnews","10":"tag-featured-news","11":"tag-featurednews","12":"tag-headlines","13":"tag-latest-news","14":"tag-latestnews","15":"tag-naglowki","16":"tag-najwazniejsze-artykuly","17":"tag-news","18":"tag-pl","19":"tag-poland","20":"tag-polish","21":"tag-polska","22":"tag-polski","23":"tag-top-stories","24":"tag-topstories","25":"tag-wiadomosci"},"share_on_mastodon":{"url":"https:\/\/pubeurope.com\/@pl\/115552785867250738","error":""},"_links":{"self":[{"href":"https:\/\/www.europesays.com\/pl\/wp-json\/wp\/v2\/posts\/102378","targetHints":{"allow":["GET"]}}],"collection":[{"href":"https:\/\/www.europesays.com\/pl\/wp-json\/wp\/v2\/posts"}],"about":[{"href":"https:\/\/www.europesays.com\/pl\/wp-json\/wp\/v2\/types\/post"}],"author":[{"embeddable":true,"href":"https:\/\/www.europesays.com\/pl\/wp-json\/wp\/v2\/users\/2"}],"replies":[{"embeddable":true,"href":"https:\/\/www.europesays.com\/pl\/wp-json\/wp\/v2\/comments?post=102378"}],"version-history":[{"count":0,"href":"https:\/\/www.europesays.com\/pl\/wp-json\/wp\/v2\/posts\/102378\/revisions"}],"wp:featuredmedia":[{"embeddable":true,"href":"https:\/\/www.europesays.com\/pl\/wp-json\/wp\/v2\/media\/102379"}],"wp:attachment":[{"href":"https:\/\/www.europesays.com\/pl\/wp-json\/wp\/v2\/media?parent=102378"}],"wp:term":[{"taxonomy":"category","embeddable":true,"href":"https:\/\/www.europesays.com\/pl\/wp-json\/wp\/v2\/categories?post=102378"},{"taxonomy":"post_tag","embeddable":true,"href":"https:\/\/www.europesays.com\/pl\/wp-json\/wp\/v2\/tags?post=102378"}],"curies":[{"name":"wp","href":"https:\/\/api.w.org\/{rel}","templated":true}]}}