{"id":102521,"date":"2025-11-15T10:28:08","date_gmt":"2025-11-15T10:28:08","guid":{"rendered":"https:\/\/www.europesays.com\/pl\/102521\/"},"modified":"2025-11-15T10:28:08","modified_gmt":"2025-11-15T10:28:08","slug":"kolejna-podwyzka-na-rachunku-za-prad-tym-razem-oplata-kogeneracyjna","status":"publish","type":"post","link":"https:\/\/www.europesays.com\/pl\/102521\/","title":{"rendered":"Kolejna podwy\u017cka na rachunku za pr\u0105d. Tym razem op\u0142ata kogeneracyjna"},"content":{"rendered":"<p class=\"lead\">Po podwy\u017cce op\u0142aty mocowej i op\u0142aty OZE, wzrosn\u0105\u0107 ma r\u00f3wnie\u017c kolejny komponent na rachunkach za pr\u0105d &#8211; op\u0142ata kogeneracyjna. Stawka ma wzrosn\u0105\u0107 o ok. 50 proc. &#8211; z 3 z\u0142 za MWh do 4,36 z\u0142\/MWh. Projekt rozporz\u0105dzenia opublikowano na stronach Rz\u0105dowego Centrum Legislacji.<\/p>\n<p>Stawka op\u0142aty kogeneracyjnej w przysz\u0142ym roku ma wzrosn\u0105\u0107 do 4,36 z\u0142\/MWh &#8211; poinformowano w ocenie skutk\u00f3w regulacji projektu rozporz\u0105dzenia opublikowanego w pi\u0105tek na stronach RCL. Obowi\u0105zuj\u0105ca do ko\u0144ca roku stawka wynosi 3 z\u0142\/MWh.<\/p>\n<p>Jak wyja\u015bniono w ocenie skutk\u00f3w regulacji (OSR), proponowana stawka ma na celu wspieranie wysokosprawnej kogeneracji, czyli r\u00f3wnoczesnej produkcji ciep\u0142a i energii elektrycznej. Dodano, \u017ce regulacja nie wp\u0142ynie negatywnie na przedsi\u0119biorc\u00f3w ani gospodarstwa domowe, a jej wysoko\u015b\u0107 uwzgl\u0119dnia ulg\u0119 dla odbiorc\u00f3w przemys\u0142owych.<\/p>\n<p>P\u0142atnikami op\u0142aty kogeneracyjnej s\u0105 operatorzy system\u00f3w dystrybucyjnych, kt\u00f3rzy pobieraj\u0105 j\u0105 m.in. od odbiorc\u00f3w ko\u0144cowych (st\u0105d taka pozycja na rachunkach za energi\u0119 elektryczn\u0105).<\/p>\n<p>Jak wyja\u015bnia Urz\u0105d Regulacji Energetyki, wytwarzanie energii elektrycznej i ciep\u0142a w jednym procesie jest bardziej efektywne, umo\u017cliwia bowiem lepsze wykorzystanie paliw oraz mniejsz\u0105 emisj\u0119 zanieczyszcze\u0144. Wsparcie producent\u00f3w wytwarzaj\u0105cych energi\u0119 w wysokosprawnej kogeneracji wynika z wy\u017cszych koszt\u00f3w tej technologii.<\/p>\n<p>To kolejny sk\u0142adnik rachunk\u00f3w za energi\u0119, kt\u00f3ry idzie w g\u00f3r\u0119.<\/p>\n<p>Wcze\u015bniej URE informowa\u0142 o podwy\u017cce od 1 stycznia 2026 r. op\u0142aty mocowej (\u015brednio o ok. 50 proc.) oraz op\u0142aty OZE (o 100 proc.). Co to oznacza dla gospodarstwa domowego o \u015brednim rocznym zu\u017cyciu na poziomie 2000 kWh? \u0141\u0105czn\u0105 podwy\u017ck\u0119 o ok. 19 z\u0142otych miesi\u0119cznie.<\/p>\n<p>\u00a0<\/p>\n","protected":false},"excerpt":{"rendered":"Po podwy\u017cce op\u0142aty mocowej i op\u0142aty OZE, wzrosn\u0105\u0107 ma r\u00f3wnie\u017c kolejny komponent na rachunkach za pr\u0105d &#8211; op\u0142ata&hellip;\n","protected":false},"author":2,"featured_media":85657,"comment_status":"","ping_status":"","sticky":false,"template":"","format":"standard","meta":{"footnotes":""},"categories":[16],"tags":[113,112,42,38,40,39,41,2832],"class_list":{"0":"post-102521","1":"post","2":"type-post","3":"status-publish","4":"format-standard","5":"has-post-thumbnail","7":"category-biznes","8":"tag-biznes","9":"tag-business","10":"tag-pl","11":"tag-poland","12":"tag-polish","13":"tag-polska","14":"tag-polski","15":"tag-twoj-portfel"},"share_on_mastodon":{"url":"https:\/\/pubeurope.com\/@pl\/115553245887393985","error":""},"_links":{"self":[{"href":"https:\/\/www.europesays.com\/pl\/wp-json\/wp\/v2\/posts\/102521","targetHints":{"allow":["GET"]}}],"collection":[{"href":"https:\/\/www.europesays.com\/pl\/wp-json\/wp\/v2\/posts"}],"about":[{"href":"https:\/\/www.europesays.com\/pl\/wp-json\/wp\/v2\/types\/post"}],"author":[{"embeddable":true,"href":"https:\/\/www.europesays.com\/pl\/wp-json\/wp\/v2\/users\/2"}],"replies":[{"embeddable":true,"href":"https:\/\/www.europesays.com\/pl\/wp-json\/wp\/v2\/comments?post=102521"}],"version-history":[{"count":0,"href":"https:\/\/www.europesays.com\/pl\/wp-json\/wp\/v2\/posts\/102521\/revisions"}],"wp:featuredmedia":[{"embeddable":true,"href":"https:\/\/www.europesays.com\/pl\/wp-json\/wp\/v2\/media\/85657"}],"wp:attachment":[{"href":"https:\/\/www.europesays.com\/pl\/wp-json\/wp\/v2\/media?parent=102521"}],"wp:term":[{"taxonomy":"category","embeddable":true,"href":"https:\/\/www.europesays.com\/pl\/wp-json\/wp\/v2\/categories?post=102521"},{"taxonomy":"post_tag","embeddable":true,"href":"https:\/\/www.europesays.com\/pl\/wp-json\/wp\/v2\/tags?post=102521"}],"curies":[{"name":"wp","href":"https:\/\/api.w.org\/{rel}","templated":true}]}}