{"id":102559,"date":"2025-11-15T10:57:11","date_gmt":"2025-11-15T10:57:11","guid":{"rendered":"https:\/\/www.europesays.com\/pl\/102559\/"},"modified":"2025-11-15T10:57:11","modified_gmt":"2025-11-15T10:57:11","slug":"donald-trump-kontra-bbc-musze-to-zrobic","status":"publish","type":"post","link":"https:\/\/www.europesays.com\/pl\/102559\/","title":{"rendered":"Donald Trump kontra BBC. &#8222;Musz\u0119 to zrobi\u0107&#8221;"},"content":{"rendered":"<p class=\"Paragraph_desktopParagraph__U31Gm\">\u2014 Pozwiemy ich o sum\u0119 mi\u0119dzy 1 a 5 mld dol. najpewniej jako\u015b w przysz\u0142ym tygodniu. Musz\u0119 to zrobi\u0107. Nawet przyznali, \u017ce oszukali \u2014 o\u015bwiadczy\u0142 Trump w rozmowie z dziennikarzami na pok\u0142adzie prezydenckiego samolotu.<\/p>\n<p class=\"VideoPlayerText_videoPlayerText__iDwyz\">Dalszy ci\u0105g materia\u0142u pod wideo<\/p>\n<p class=\"Paragraph_desktopParagraph__U31Gm\">\u2014 Ludzie w Wielkiej Brytanii s\u0105 bardzo \u017ali z powodu tego, co si\u0119 wydarzy\u0142o. (&#8230;) Bo to pokazuje, \u017ce BBC to fake news \u2014 doda\u0142.<\/p>\n<ul class=\"OchatFollowUps_wrapper__1ry7X\">\n<li class=\"OchatFollowUps_item__Dhyly OchatFollowUps_itemDesktop__R6aBv\">Kiedy Donald Trump zamierza pozwa\u0107 BBC?<\/li>\n<li class=\"OchatFollowUps_item__Dhyly OchatFollowUps_itemDesktop__R6aBv\">Jak\u0105 kwot\u0119 odszkodowania Trump domaga si\u0119 od BBC?<\/li>\n<li class=\"OchatFollowUps_item__Dhyly OchatFollowUps_itemDesktop__R6aBv\">Co robi BBC w odpowiedzi na oskar\u017cenia Trumpa?<\/li>\n<li class=\"OchatFollowUps_item__Dhyly OchatFollowUps_itemDesktop__R6aBv\">Z jakiego powodu Trump zamierza pozwa\u0107 BBC?<\/li>\n<\/ul>\n<p class=\"Paragraph_desktopParagraph__U31Gm\">Zapowiedzia\u0142, \u017ce w weekend zamierza rozmawia\u0107 z brytyjskim premierem Keirem Starmerem. Oceni\u0142, \u017ce Wielka Brytania jest &#8222;bardzo, bardzo zawstydzona tym, co zrobi\u0142o BBC&#8221;.<\/p>\n<p class=\"Paragraph_desktopParagraph__U31Gm\">Brytyjski nadawca wystosowa\u0142 przeprosiny wobec prezydenta USA za zmanipulowanie jego wypowiedzi w spos\u00f3b sugeruj\u0105cy, \u017ce polityk pod\u017cega\u0142 w 2021 r. do zamieszek na Kapitolu.<\/p>\n<p class=\"Paragraph_desktopParagraph__U31Gm\">&#8222;Chocia\u017c BBC szczerze \u017ca\u0142uje sposobu, w jaki zmontowano to nagranie wideo, stanowczo nie zgadza si\u0119 z twierdzeniem, \u017ce istniej\u0105 podstawy do wniesienia pozwu o znies\u0142awienie&#8221; \u2014 o\u015bwiadczy\u0142a stacja.<\/p>\n<p>Donald Trump kontra BBC <\/p>\n<p class=\"Paragraph_desktopParagraph__U31Gm\">Prawnicy prezydenta USA zagrozili w niedziel\u0119 pozwem przeciwko BBC o odszkodowanie w wysoko\u015bci do 1 mld dol., je\u015bli nadawca nie wycofa materia\u0142u, nie przeprosi prezydenta i nie zrekompensuje mu &#8222;szk\u00f3d finansowych i wizerunkowych&#8221;.<\/p>\n<p class=\"Paragraph_desktopParagraph__U31Gm\">W programie &#8222;Panorama&#8221; wyemitowanym w pa\u017adzierniku 2024 r., przed wyborami prezydenckimi w USA, zmontowano trzy fragmenty wyst\u0105pie\u0144 Trumpa ze stycznia 2021 r. w spos\u00f3b sugeruj\u0105cy, \u017ce polityk w jednej, ci\u0105g\u0142ej wypowiedzi jednoznacznie zach\u0119ca\u0142 swoich zwolennik\u00f3w do szturmu i zamieszek na Kapitolu.<\/p>\n","protected":false},"excerpt":{"rendered":"\u2014 Pozwiemy ich o sum\u0119 mi\u0119dzy 1 a 5 mld dol. najpewniej jako\u015b w przysz\u0142ym tygodniu. Musz\u0119 to&hellip;\n","protected":false},"author":2,"featured_media":102560,"comment_status":"","ping_status":"","sticky":false,"template":"","format":"standard","meta":{"footnotes":""},"categories":[14],"tags":[22990,21990,32,33,58,27,67,34,35,28,31,53,25,1883,52,68,51,55,40,41,47,80,29,30,65,50,26,82,83,84],"class_list":{"0":"post-102559","1":"post","2":"type-post","3":"status-publish","4":"format-standard","5":"has-post-thumbnail","7":"category-swiat","8":"tag-atak_na_kapitol_w_waszyngtonie_6_stycznia_2021_r","9":"tag-bbc_radio_telewizja_i_serwis","10":"tag-breaking-news","11":"tag-breakingnews","12":"tag-donald_trump_prezydent_usa","13":"tag-headlines","14":"tag-intextvideo_splayer","15":"tag-latest-news","16":"tag-latestnews","17":"tag-naglowki","18":"tag-najwazniejsze-artykuly","19":"tag-new_header","20":"tag-news","21":"tag-odszkodowanie","22":"tag-onet3","23":"tag-onet3d","24":"tag-onet3d_2i","25":"tag-phx","26":"tag-polish","27":"tag-polski","28":"tag-screening_general","29":"tag-swiat","30":"tag-top-stories","31":"tag-topstories","32":"tag-update_me","33":"tag-v2021","34":"tag-wiadomosci","35":"tag-world","36":"tag-world-news","37":"tag-worldnews"},"share_on_mastodon":{"url":"https:\/\/pubeurope.com\/@pl\/115553359959408325","error":""},"_links":{"self":[{"href":"https:\/\/www.europesays.com\/pl\/wp-json\/wp\/v2\/posts\/102559","targetHints":{"allow":["GET"]}}],"collection":[{"href":"https:\/\/www.europesays.com\/pl\/wp-json\/wp\/v2\/posts"}],"about":[{"href":"https:\/\/www.europesays.com\/pl\/wp-json\/wp\/v2\/types\/post"}],"author":[{"embeddable":true,"href":"https:\/\/www.europesays.com\/pl\/wp-json\/wp\/v2\/users\/2"}],"replies":[{"embeddable":true,"href":"https:\/\/www.europesays.com\/pl\/wp-json\/wp\/v2\/comments?post=102559"}],"version-history":[{"count":0,"href":"https:\/\/www.europesays.com\/pl\/wp-json\/wp\/v2\/posts\/102559\/revisions"}],"wp:featuredmedia":[{"embeddable":true,"href":"https:\/\/www.europesays.com\/pl\/wp-json\/wp\/v2\/media\/102560"}],"wp:attachment":[{"href":"https:\/\/www.europesays.com\/pl\/wp-json\/wp\/v2\/media?parent=102559"}],"wp:term":[{"taxonomy":"category","embeddable":true,"href":"https:\/\/www.europesays.com\/pl\/wp-json\/wp\/v2\/categories?post=102559"},{"taxonomy":"post_tag","embeddable":true,"href":"https:\/\/www.europesays.com\/pl\/wp-json\/wp\/v2\/tags?post=102559"}],"curies":[{"name":"wp","href":"https:\/\/api.w.org\/{rel}","templated":true}]}}