{"id":102618,"date":"2025-11-15T12:11:08","date_gmt":"2025-11-15T12:11:08","guid":{"rendered":"https:\/\/www.europesays.com\/pl\/102618\/"},"modified":"2025-11-15T12:11:08","modified_gmt":"2025-11-15T12:11:08","slug":"zdjecie-z-pistoletem-i-grozba-w-strone-prezydenta-policja-reaguje","status":"publish","type":"post","link":"https:\/\/www.europesays.com\/pl\/102618\/","title":{"rendered":"Zdj\u0119cie z pistoletem i gro\u017aba w stron\u0119 prezydenta. Policja reaguje"},"content":{"rendered":"<p class=\"ods-c-paragraph \">Usuni\u0119ty p\u00f3\u017aniej wpis zosta\u0142 zamieszczony w pi\u0105tek wieczorem przez jednego z u\u017cytkownik\u00f3w portalu X; by\u0142a to odpowied\u017a na post na profilu &#8222;\u0141\u0105czy nas Pi\u0142ka&#8221;, zarz\u0105dzanym przez PZPN, w kt\u00f3rym zamieszczono zdj\u0119cie przedstawiaj\u0105ce prezydenta Nawrockiego, obserwuj\u0105cego na Stadionie Narodowym pi\u0105tkowy mecz Polska-Holandia.<\/p>\n<p>Dalszy ci\u0105g artyku\u0142u pod materia\u0142em wideo<\/p>\n<p> Co zawiera\u0142o usuni\u0119te zdj\u0119cie na platformie X? <\/p>\n<p> Kto by\u0142 adresatem gro\u017aby w internecie? <\/p>\n<p> Jakie dzia\u0142ania podj\u0119\u0142a policja w tej sprawie? <\/p>\n<p> Czy zdj\u0119cie z pistoletem by\u0142o wcze\u015bniej publikowane? <\/p>\n<p class=\"ods-c-paragraph \">Zrzuty ekranu przedstawiaj\u0105ce usuni\u0119ty wpis anonimowego u\u017cytkownika, zawieraj\u0105cy zdj\u0119cie z pistoletem i podpis &#8222;do zobaczenia Karolku&#8221;, mo\u017cna jednak znale\u017a\u0107 na portalach internetowych.<\/p>\n<p>    Grozi\u0142 prezydentowi w internecie. Policja prowadzi czynno\u015bci<\/p>\n<p class=\"ods-c-paragraph \">Do sprawy odnios\u0142a si\u0119 w sobot\u0119 rano komunikacie na X Komenda Sto\u0142eczna Policji. Jak czytamy, KSP &#8222;niezw\u0142ocznie po pozyskaniu informacji zwi\u0105zanych z wpisem na platformie X podj\u0119\u0142a czynno\u015bci w tej sprawie&#8221;. &#8222;Pozostaj\u0105 one w toku&#8221; \u2014 czytamy.<\/p>\n<p class=\"ods-c-paragraph \">Jak dodano, zdj\u0119cie z pistoletem, kt\u00f3re wykorzystano w usuni\u0119tym po\u015bcie z gro\u017ab\u0105 wobec prezydenta, by\u0142o wcze\u015bniej publikowane w innym kontek\u015bcie, na innych stronach i w serwisach spo\u0142eczno\u015bciowych.<\/p>\n","protected":false},"excerpt":{"rendered":"Usuni\u0119ty p\u00f3\u017aniej wpis zosta\u0142 zamieszczony w pi\u0105tek wieczorem przez jednego z u\u017cytkownik\u00f3w portalu X; by\u0142a to odpowied\u017a na&hellip;\n","protected":false},"author":2,"featured_media":102619,"comment_status":"","ping_status":"","sticky":false,"template":"","format":"standard","meta":{"footnotes":""},"categories":[24],"tags":[3308,43,49,48,46,42,38,414,40,39,41,47,127,126],"class_list":{"0":"post-102618","1":"post","2":"type-post","3":"status-publish","4":"format-standard","5":"has-post-thumbnail","7":"category-sport","8":"tag-grozby","9":"tag-karol_nawrocki","10":"tag-kraj","11":"tag-nat_styl","12":"tag-omp","13":"tag-pl","14":"tag-poland","15":"tag-policja","16":"tag-polish","17":"tag-polska","18":"tag-polski","19":"tag-screening_general","20":"tag-sport","21":"tag-sports"},"share_on_mastodon":{"url":"https:\/\/pubeurope.com\/@pl\/115553650927010114","error":""},"_links":{"self":[{"href":"https:\/\/www.europesays.com\/pl\/wp-json\/wp\/v2\/posts\/102618","targetHints":{"allow":["GET"]}}],"collection":[{"href":"https:\/\/www.europesays.com\/pl\/wp-json\/wp\/v2\/posts"}],"about":[{"href":"https:\/\/www.europesays.com\/pl\/wp-json\/wp\/v2\/types\/post"}],"author":[{"embeddable":true,"href":"https:\/\/www.europesays.com\/pl\/wp-json\/wp\/v2\/users\/2"}],"replies":[{"embeddable":true,"href":"https:\/\/www.europesays.com\/pl\/wp-json\/wp\/v2\/comments?post=102618"}],"version-history":[{"count":0,"href":"https:\/\/www.europesays.com\/pl\/wp-json\/wp\/v2\/posts\/102618\/revisions"}],"wp:featuredmedia":[{"embeddable":true,"href":"https:\/\/www.europesays.com\/pl\/wp-json\/wp\/v2\/media\/102619"}],"wp:attachment":[{"href":"https:\/\/www.europesays.com\/pl\/wp-json\/wp\/v2\/media?parent=102618"}],"wp:term":[{"taxonomy":"category","embeddable":true,"href":"https:\/\/www.europesays.com\/pl\/wp-json\/wp\/v2\/categories?post=102618"},{"taxonomy":"post_tag","embeddable":true,"href":"https:\/\/www.europesays.com\/pl\/wp-json\/wp\/v2\/tags?post=102618"}],"curies":[{"name":"wp","href":"https:\/\/api.w.org\/{rel}","templated":true}]}}