{"id":102636,"date":"2025-11-15T12:26:08","date_gmt":"2025-11-15T12:26:08","guid":{"rendered":"https:\/\/www.europesays.com\/pl\/102636\/"},"modified":"2025-11-15T12:26:08","modified_gmt":"2025-11-15T12:26:08","slug":"marcelina-zawadzka-ujawnia-prawde-o-biuscie-nikt-nie-wiedzial","status":"publish","type":"post","link":"https:\/\/www.europesays.com\/pl\/102636\/","title":{"rendered":"Marcelina Zawadzka ujawnia prawd\u0119 o biu\u015bcie. Nikt nie wiedzia\u0142"},"content":{"rendered":"<p>Marcelina Zawadzka karier\u0119 zacz\u0119\u0142a jako Miss Polonia 2011, co otworzy\u0142o jej drzwi do \u015bwiata show biznesu. Przez kilka lat zwi\u0105zana by\u0142a z\u00a0Telewizj\u0105 Polsk\u0105, gdzie prowadzi\u0142a takie programy jak &#8222;The Voice of Poland&#8221; czy <a href=\"https:\/\/www.pudelek.pl\/tag\/pytanie+na+%C5%9Bniadanie\/\" rel=\"noopener noreferrer nofollow\" target=\"_blank\">&#8222;Pytanie na \u015aniadanie&#8221;.<\/a> Po tym jak odesz\u0142a z\u00a0TVP, zwi\u0105za\u0142a si\u0119 z\u00a0Polsatem, gdzie wsp\u00f3\u0142prowadzi m.in. reality show <a href=\"https:\/\/www.pudelek.pl\/farma-marcelina-zawadzka-wzrusza-sie-do-lez-krowim-porodem-to-jest-cud-wideo-6734774730754752a\" rel=\"noopener noreferrer nofollow\" target=\"_blank\">&#8222;Farma&#8221;.<\/a><\/p>\n<p>Syn Marceliny Zawadzkiej b\u0119dzie od\u00a0ma\u0142ego uczony TRZECH J\u0118ZYK\u00d3W: &#8222;Mam nadziej\u0119, \u017ce da\u00a0rad\u0119&#8221; <\/p>\n<p>Ostatnio na instagramowym profilu Zawadzkiej pojawi\u0142o si\u0119 zdj\u0119cie, do kt\u00f3rego zapozowa\u0142a w\u00a0ultrakusym topie uwydatniaj\u0105cym jej biust. Do kadru do\u0142\u0105czy\u0142a podpis, w\u00a0kt\u00f3rym nieoczekiwanie wyzna\u0142a, \u017ce piersi d\u0142ugo by\u0142y jej kompleksem.<\/p>\n<p>Kiedy\u015b m\u00f3j ogromny kompleks&#8230; &#8211;\u00a0zacz\u0119\u0142a na Instastories, wspominaj\u0105c:<\/p>\n<p>W\u0142a\u015bnie przez biust przegrywa\u0142am cz\u0119sto castingi do pokaz\u00f3w mody du\u017cych projektant\u00f3w. Tak, by\u0142y takie czasy, \u017ce to si\u0119 nie wpisywa\u0142o w\u00a0kanon &#8222;pi\u0119kna&#8221;, kanon modelki &#8211; otworzy\u0142a si\u0119, kontynuuj\u0105c temat:<\/p>\n<p> Ja od 14. roku \u017cycia pracowa\u0142am w\u00a0agencji modelek i\u00a0pami\u0119tam, jak nas mierzyli, wa\u017cyli i\u00a0sprawdzali centymetry. I\u00a0to by\u0142a zawsze du\u017ca presja. (&#8230;) Czy kto\u015b ci\u0119 we\u017amie do pracy czy nie. Zawsze musia\u0142a\u015b by\u0107 jaka\u015b i\u00a0zawsze jaka\u015b &#8222;za ma\u0142o&#8221;, &#8222;za du\u017co&#8221;, za co\u015b tam&#8230; &#8211; ubolewa\u0142a.<\/p>\n<p>36-latka doda\u0142a jednak, \u017ce po tym jak urodzi\u0142a syna, zmieni\u0142a swoje podej\u015bcie do wielu kwestii.<\/p>\n<p>A teraz sam napis na obudowie telefonu m\u00f3wi za siebie. To mnie te\u017c wyleczy\u0142o z\u00a0wielu kompleks\u00f3w &#8211;\u00a0czytamy pod zdj\u0119ciem, na kt\u00f3rym wida\u0107 obudow\u0119 z\u00a0napisem &#8222;mama&#8221;.<\/p>\n<p>Doceniacie tego typu wyznania celebrytek?<\/p>\n","protected":false},"excerpt":{"rendered":"Marcelina Zawadzka karier\u0119 zacz\u0119\u0142a jako Miss Polonia 2011, co otworzy\u0142o jej drzwi do \u015bwiata show biznesu. Przez kilka&hellip;\n","protected":false},"author":2,"featured_media":102637,"comment_status":"","ping_status":"","sticky":false,"template":"","format":"standard","meta":{"footnotes":""},"categories":[22],"tags":[122,42,38,40,39,41,123],"class_list":{"0":"post-102636","1":"post","2":"type-post","3":"status-publish","4":"format-standard","5":"has-post-thumbnail","7":"category-rozrywka","8":"tag-entertainment","9":"tag-pl","10":"tag-poland","11":"tag-polish","12":"tag-polska","13":"tag-polski","14":"tag-rozrywka"},"share_on_mastodon":{"url":"https:\/\/pubeurope.com\/@pl\/115553710292229937","error":""},"_links":{"self":[{"href":"https:\/\/www.europesays.com\/pl\/wp-json\/wp\/v2\/posts\/102636","targetHints":{"allow":["GET"]}}],"collection":[{"href":"https:\/\/www.europesays.com\/pl\/wp-json\/wp\/v2\/posts"}],"about":[{"href":"https:\/\/www.europesays.com\/pl\/wp-json\/wp\/v2\/types\/post"}],"author":[{"embeddable":true,"href":"https:\/\/www.europesays.com\/pl\/wp-json\/wp\/v2\/users\/2"}],"replies":[{"embeddable":true,"href":"https:\/\/www.europesays.com\/pl\/wp-json\/wp\/v2\/comments?post=102636"}],"version-history":[{"count":0,"href":"https:\/\/www.europesays.com\/pl\/wp-json\/wp\/v2\/posts\/102636\/revisions"}],"wp:featuredmedia":[{"embeddable":true,"href":"https:\/\/www.europesays.com\/pl\/wp-json\/wp\/v2\/media\/102637"}],"wp:attachment":[{"href":"https:\/\/www.europesays.com\/pl\/wp-json\/wp\/v2\/media?parent=102636"}],"wp:term":[{"taxonomy":"category","embeddable":true,"href":"https:\/\/www.europesays.com\/pl\/wp-json\/wp\/v2\/categories?post=102636"},{"taxonomy":"post_tag","embeddable":true,"href":"https:\/\/www.europesays.com\/pl\/wp-json\/wp\/v2\/tags?post=102636"}],"curies":[{"name":"wp","href":"https:\/\/api.w.org\/{rel}","templated":true}]}}