{"id":102658,"date":"2025-11-15T12:40:10","date_gmt":"2025-11-15T12:40:10","guid":{"rendered":"https:\/\/www.europesays.com\/pl\/102658\/"},"modified":"2025-11-15T12:40:10","modified_gmt":"2025-11-15T12:40:10","slug":"maryla-rodowicz-w-szczerym-wywiadzie-mowi-o-nowej-plycie-i-potwierdza-sensacyjne-doniesienia-o-filmie","status":"publish","type":"post","link":"https:\/\/www.europesays.com\/pl\/102658\/","title":{"rendered":"Maryla Rodowicz w szczerym wywiadzie. M\u00f3wi o nowej p\u0142ycie i potwierdza sensacyjne doniesienia o filmie"},"content":{"rendered":"<p>Nowa p\u0142yta Maryli Rodowicz. &#8222;Tutaj urodzi\u0142 si\u0119 ten projekt&#8221;<\/p>\n<p class=\"typography ids-typeset-body ids-typeset-body--preset-large link paragraph ids-paragraph ids-paragraph--default\">14 listopada, po dziewi\u0119ciu latach, ukaza\u0142a si\u0119 nowa p\u0142yta Maryli Rodowicz. &#8222;Niech \u017cyje bal&#8221; to album sk\u0142adaj\u0105cy si\u0119 z najwi\u0119kszych przeboj\u00f3w artystki w zupe\u0142nie nowych aran\u017cacjach, wykonywanych z najwi\u0119kszymi artystami m\u0142odego pokolenia, m.in. Igorem Herbutem, Mrozu, Krzysztofem Zalewskim, Roxie W\u0119giel, Dawidem Kwiatkowskim, Lanberry i Ralphem Kami\u0144skim. Z tej okazji z ikon\u0105 polskiej muzyki spotka\u0142 si\u0119 Krzysztof Ibisz, a miejsce tego spotkania okaza\u0142o si\u0119 niezwykle znacz\u0105ce.<\/p>\n<p class=\"typography ids-typeset-body ids-typeset-body--preset-large link paragraph ids-paragraph ids-paragraph--default\">&#8222;Taki pomys\u0142 przyszed\u0142 nam do g\u0142owy. [&#8230;] W\u0142a\u015bnie tutaj, w tym hotelu. Siedzieli\u015bmy przy stole i wymy\u015blili\u015bmy. Zosta\u0142y wypisane zaproszenia na czerwonym papierze, z\u0142otym flamastrem, zaproszenia do m\u0142odych artyst\u00f3w. Tutaj urodzi\u0142 si\u0119 ten projekt&#8221;, zdradzi\u0142a Maryla Rodowicz w wywiadzie Krzysztofa Ibisza.<\/p>\n<p><img decoding=\"async\" class=\"ids-image-holder__img\" loading=\"lazy\" alt=\"Krzysztof Ibisz rozmawia\u0142 z Maryl\u0105 Rodowicz nie tylko o nowej p\u0142ycie\" title=\"\" width=\"1280\" height=\"800\" src=\"https:\/\/www.europesays.com\/pl\/wp-content\/uploads\/2025\/11\/000LXGAM2JJ69S7L-C322-F4.webp.webp\"\/><\/p>\n<p>Krzysztof Ibisz rozmawia\u0142 z Maryl\u0105 Rodowicz nie tylko o nowej p\u0142yciePolsat<\/p>\n<p>Odda\u0142a ster m\u0142odym. To oni zadecydowali o brzmieniu nowej p\u0142yty Maryli Rodowicz<\/p>\n<p class=\"typography ids-typeset-body ids-typeset-body--preset-large link paragraph ids-paragraph ids-paragraph--default\">Trudno uwierzy\u0107, \u017ce artystka 8 grudnia sko\u0144czy 80 lat, ale jeszcze trudniej da\u0107 wiar\u0119 w to, \u017ce zdecydowa\u0142a si\u0119 ca\u0142kowicie zaufa\u0107 m\u0142odym artystom i to w\u0142a\u015bnie oni zadecydowali o tym, jak wygl\u0105da jej nowa p\u0142yta.<\/p>\n<p class=\"typography ids-typeset-body ids-typeset-body--preset-large link paragraph ids-paragraph ids-paragraph--default\">&#8222;Arty\u015bci zaproszeni wybierali sobie repertuar i po ich stronie le\u017ca\u0142a produkcja muzyczna. [&#8230;] Dla mnie to by\u0142y nowe wra\u017cenia, nowe doznania, pozna\u0142am nowych ludzi, nowych producent\u00f3w&#8221;, przyzna\u0142a.<\/p>\n<p class=\"typography ids-typeset-body ids-typeset-body--preset-large link paragraph ids-paragraph ids-paragraph--default\">Nie jest to zwyk\u0142y album. To kompilacja utwor\u00f3w, kt\u00f3re zna ca\u0142a Polska, w zupe\u0142nie nowych aran\u017cacjach, kt\u00f3rych fragmenty, wraz z teledyskami mogli\u015bmy zobaczy\u0107 w trakcie wywiadu Krzysztofa Ibisza. Nasz prowadz\u0105cy mia\u0142 ju\u017c okazj\u0119 przes\u0142ucha\u0107 album, a jego wra\u017cenia s\u0105 \u015bwietn\u0105 recenzj\u0105.<\/p>\n<p>&#8222;Niech \u017cyje bal&#8221; &#8211; wielkie przeboje w nowych wersjach. Krzysztof Ibisz mia\u0142 \u0142zy w oczach<\/p>\n<p class=\"typography ids-typeset-body ids-typeset-body--preset-large link paragraph ids-paragraph ids-paragraph--default\">&#8222;Kiedy s\u0142ucha\u0142em twojej p\u0142yty, prze\u017cy\u0142em ca\u0142y wachlarz emocji, od takiej nostalgii, po wspomnienia te\u017c dobrej zabawy, czu\u0142em w sobie taki chodz\u0105cy rytm imprezowy, a\u017c do \u0142ez, kt\u00f3re pojawi\u0142y mi si\u0119 w oczach, gdy pos\u0142ucha\u0142em jak z Igorem Herbutem i innymi \u015bpiewasz \u00bbNiech \u017cyje bal\u00ab&#8221;, opowiada\u0142 prowadz\u0105cy &#8222;halo tu polsat&#8221;, po czym zapyta\u0142, jak samej Maryli s\u0142ucha\u0142o si\u0119 jej wielkich przeboj\u00f3w w wersjach zupe\u0142nie nowych i takich, na kt\u00f3re w zasadzie nie mia\u0142a \u017cadnego wp\u0142ywu.<\/p>\n<p class=\"typography ids-typeset-body ids-typeset-body--preset-large link paragraph ids-paragraph ids-paragraph--default\">&#8222;To s\u0105 \u015bwietni arty\u015bci, kt\u00f3rzy mieli \u015bwiadomo\u015b\u0107 tego, \u017ce to s\u0105 jednak takie ikoniczne utwory, znane wszystkim ludziom i nie mo\u017cna psu\u0107 czego\u015b, co jest dobre, co jest doskona\u0142e. Ale zrobili to fantastycznie, \u015bwietnie wyprodukowali i ja jestem bardzo szcz\u0119\u015bliwa. Po pierwsze, \u017ce oni si\u0119 zgodzili, jednak mogli si\u0119 nie zgodzi\u0107. I prze\u017cy\u0142am tak\u0105 niesamowit\u0105 przygod\u0119&#8221;, odpowiedzia\u0142a, chocia\u017c w to, czy zaproszeni arty\u015bci mogli si\u0119 nie zgodzi\u0107 \u015bmiemy w\u0105tpi\u0107 &#8211; trudno wyobrazi\u0107 sobie kogokolwiek, kto odm\u00f3wi\u0142by przyj\u0119cia tak zaszczytnego zaproszenia.<\/p>\n<p>Maryla Rodowicz o swojej nowej p\u0142ycie. &#8222;Ja tak potulnie wesz\u0142am do studia&#8221;<\/p>\n<p class=\"typography ids-typeset-body ids-typeset-body--preset-large link paragraph ids-paragraph ids-paragraph--default\">Krzysztof Ibisz by\u0142 ciekaw, czy w tej mi\u0119dzypokoleniowej wsp\u00f3\u0142pracy obydwie strony mog\u0142y czego\u015b si\u0119 od siebie nauczy\u0107.<\/p>\n<p class=\"typography ids-typeset-body ids-typeset-body--preset-large link paragraph ids-paragraph ids-paragraph--default\">&#8222;Czego oni mogli si\u0119 ode mnie nauczy\u0107, co ty? Ja po prostu wchodzi\u0142am do studia, zupe\u0142nie si\u0119 im podda\u0142am, troch\u0119 by\u0142am na pocz\u0105tku przera\u017cona. Bo pierwszy utw\u00f3r to by\u0142 \u00bbSing, Sing\u00ab z Mrozem. Ja tak potulnie wesz\u0142am do studia, on mi dawa\u0142 jakie\u015b uwagi&#8230; Ja m\u00f3wi\u0119 &#8211; dlaczego ty \u015bpiewasz Sing, Sing, taki refren to przecie\u017c jest moja partia. A on m\u00f3wi &#8211; \u00bbnie, teraz b\u0119d\u0119 ja \u015bpiewa\u0142\u00ab. No i my\u015bl\u0119 sobie no, trudno, musz\u0119 si\u0119 z tym pogodzi\u0107&#8221;, odpowiedzia\u0142a Maryla Rodowicz.<\/p>\n<p>Jej muzyk\u0119 kochaj\u0105 ca\u0142e pokolenia. Co motywuje dzisiaj Maryl\u0119 Rodowicz?<\/p>\n<p class=\"typography ids-typeset-body ids-typeset-body--preset-large link paragraph ids-paragraph ids-paragraph--default\">Maryla debiutowa\u0142a w latach 60. Przez przesz\u0142o 40 lat kariery, jak m\u00f3wi\u0142 Krzysztof Ibisz, zdoby\u0142a wszystko. Nagra\u0142a 25 album\u00f3w, zosta\u0142a odznaczona najwa\u017cniejszymi medalami, jakie przyznaje si\u0119 w Polsce artystom (m.in. Z\u0142otym Medalem &#8222;Zas\u0142u\u017cony Kulturze Gloria Artis&#8221;), zagra\u0142a kultow\u0105 rol\u0119 w uwielbianym przez widz\u00f3w serialu &#8222;Rodzina zast\u0119pcza&#8221;, stworzy\u0142a jeden z najbardziej charakterystycznych wizerunk\u00f3w w \u015bwiecie gwiazd muzyki, a co najwa\u017cniejsze &#8211; jej piosenki s\u0105 znane, i to na pami\u0119\u0107, przynajmniej trzem pokoleniom. Jak dzisiaj, z takim baga\u017cem sukces\u00f3w, wyznacza sobie nowe cele? Co j\u0105 motywuje?<\/p>\n<p class=\"typography ids-typeset-body ids-typeset-body--preset-large link paragraph ids-paragraph ids-paragraph--default\">&#8222;To si\u0119 samo rodzi, wiesz? [&#8230;] Ci\u0105gle gram koncerty, ci\u0105gle gram do\u015b\u0107 du\u017co tych koncert\u00f3w, mam widowni\u0119, a\u017c si\u0119 dziwie. I to m\u0142oda widownia, ci\u0105gle m\u0142odsi przychodz\u0105 na moje koncerty i to jest wielka rado\u015b\u0107. Ale te\u017c wielka satysfakcja, widz\u0105c, jak oni reaguj\u0105 spontanicznie, z rado\u015bci\u0105 czy wzruszeniem&#8221;, odpowiedzia\u0142a.<\/p>\n<p>Maryla Rodowicz zdradzi\u0142a, dlaczego osobi\u015bcie autoryzuje wszystkie zdj\u0119cia<\/p>\n<p class=\"typography ids-typeset-body ids-typeset-body--preset-large link paragraph ids-paragraph ids-paragraph--default\">Maryla Rodowicz zdradzi\u0142a Krzysztofowi Ibiszowi, \u017ce mimo tego, \u017ce ci\u0105gle koncertuje w ca\u0142ej Polsce, to bardzo rzadko sypia w hotelach. Prawie zawsze wraca do w\u0142asnego domu, aby m\u00f3c wyspa\u0107 si\u0119 w swoim \u0142\u00f3\u017cku. \u00d3w sen jest dla niej bardzo wa\u017cny, je\u015bli nie najwa\u017cniejszy. Podobnie wielk\u0105 wag\u0119 przywi\u0105zuje do swojego wizerunku, chocia\u017c podchodzi do niego zupe\u0142nie inaczej, ni\u017c mogliby\u015bmy si\u0119 spodziewa\u0107.<\/p>\n<p class=\"typography ids-typeset-body ids-typeset-body--preset-large link paragraph ids-paragraph ids-paragraph--default\">&#8222;\u015api\u0119, bo musz\u0119 spa\u0107 d\u0142ugo. Sen to jest uroda i wokal. Ale te\u017c ca\u0142y mental. Du\u017co czytam i to czytanie, wtedy kiedy nie musz\u0119 si\u0119 skoncentrowa\u0107 na sobie, kiedy nie musz\u0119 wej\u015b\u0107 w swoj\u0105 poczt\u0119 i odpowiedzie\u0107 na wa\u017cne maile, czy zrobi\u0107 autoryzacj\u0119 zdj\u0119\u0107 &#8211; tu jestem bardzo rygorystyczna. Na og\u00f3\u0142 wszystkie zdj\u0119cia s\u0105 do wyrzucenia, bo ja jestem bardzo krytyczna, poniewa\u017c nie cierpi\u0119 ogl\u0105da\u0107 siebie. Ani na ekranie, ani na zdj\u0119ciach&#8221;, przyzna\u0142a artystka.<\/p>\n<p>Sport do niedawna by\u0142 wa\u017cn\u0105 cz\u0119\u015bci\u0105 \u017cycia Maryli Rodowicz. &#8222;Przegi\u0119\u0142am&#8221;<\/p>\n<p class=\"typography ids-typeset-body ids-typeset-body--preset-large link paragraph ids-paragraph ids-paragraph--default\">Do niedawna istotn\u0105 cz\u0119\u015bci\u0105 jej \u017cycia by\u0142 te\u017c sport. Warto przypomnie\u0107, \u017ce Maryla Rodowicz w m\u0142odo\u015bci by\u0142a lekkoatletk\u0105, zdoby\u0142a br\u0105zowy medal w biegu na 80 metr\u00f3w przez p\u0142otki i zdoby\u0142a tytu\u0142 mistrzyni Polski P\u00f3\u0142nocnej w tej samej dziedzinie i pierwsze miejsce w sztafecie 4 x 100 metr\u00f3w na Lekkoatletycznych Mistrzostwach Polski M\u0142odzik\u00f3w. W doros\u0142ym \u017cyciu za to pokocha\u0142a tenisa.<\/p>\n<p class=\"typography ids-typeset-body ids-typeset-body--preset-large link paragraph ids-paragraph ids-paragraph--default\">&#8222;Sport jest bardzo wa\u017cny, ale dwa lata temu przesta\u0142am gra\u0107 w tenisa. Przegi\u0119\u0142am, wiesz? Gra\u0142am codziennie dwie godziny. Naderwa\u0142am sobie mi\u0119sie\u0144, operacja kolana&#8230;&#8221;, zdradzi\u0142a Maryla, ale zaznaczy\u0142a te\u017c, \u017ce nadal jest bardzo aktywna fizycznie, do czego przydaje jej si\u0119 m.in. domowy rowerek stacjonarny.<\/p>\n<p>To nie by\u0142y plotki. Naprawd\u0119 powstaje film o Maryli Rodowicz<\/p>\n<p class=\"typography ids-typeset-body ids-typeset-body--preset-large link paragraph ids-paragraph ids-paragraph--default\">Krzysztof Ibisz zapyta\u0142 Maryl\u0119 Rodowicz o to, czy s\u0105 w jej \u017cyciu ludzie, kt\u00f3rym jest szczeg\u00f3lnie wdzi\u0119czna, tacy, kt\u00f3rzy wnie\u015bli co\u015b szczeg\u00f3lnie znacz\u0105cego do jej \u017cycia. &#8222;Przede wszystkim jestem wdzi\u0119czna autorom za to, \u017ce mam takie piosenki, \u017ce mam tak pi\u0119kne teksty, \u017ce mam tak pi\u0119kn\u0105 muzyk\u0119, \u017ce ja mam muzyk\u00f3w, kt\u00f3rzy ze mn\u0105 pracuj\u0105 po 20 lat i oni wytrzymuj\u0105 moje r\u00f3\u017cne chumory. Bo ja nie jestem \u0142atwa, \u017ceby\u015b nie my\u015bla\u0142. A reszta to ju\u017c przychodzi sama&#8221;, odpar\u0142a piosenkarka.<\/p>\n<p class=\"typography ids-typeset-body ids-typeset-body--preset-large link paragraph ids-paragraph ids-paragraph--default\">Na koniec nasz prowadz\u0105cy poruszy\u0142 jeszcze jeden, niezwykle interesuj\u0105cy w\u0105tek. Jaki\u015b czas temu w mediach pojawi\u0142y si\u0119 bowiem doniesienia, \u017ce powstanie film o Maryli Rodowicz &#8211; najlepiej wi\u0119c rozwia\u0107 ewentualne wiadomo\u015bci u samego \u017ar\u00f3d\u0142a.<\/p>\n<p class=\"typography ids-typeset-body ids-typeset-body--preset-large link paragraph ids-paragraph ids-paragraph--default\">&#8222;Tak! I w\u0142a\u015bnie nie dokument, tylko fabu\u0142a &#8211; normalnie aktorzy, castingi na Maryl\u0119&#8230;&#8221;, potwierdzi\u0142a, po czym doda\u0142a ze \u015bmiechem: &#8222;Ale nie tylko wszystkich, nie wiem kogo, elektryzuje, ale te\u017c elektryzuje moje kole\u017canki, bo one my\u015bl\u0105 sobie &#8211; \u00bba dlaczego nie o mnie film?\u00ab Ja wiem, \u017ce ju\u017c takie akcje prowadz\u0105, \u017ce te\u017c zapowiadaj\u0105 &#8211; \u00bbchyba b\u0119dzie film r\u00f3wnie\u017c o mnie\u00ab!&#8221;.<\/p>\n<p class=\"typography ids-typeset-body ids-typeset-body--preset-large link paragraph ids-paragraph ids-paragraph--default\">Na koniec rozmowy Krzysztof Ibisz chcia\u0142 wr\u0119czy\u0107 Maryli Rodowicz kwiaty w zwi\u0105zku z jej zbli\u017caj\u0105cymi si\u0119 urodzinami, ale gdy wyzna\u0142a, \u017ce nigdy nie obchodzi urodzin, uzna\u0142, \u017ce bukiet czerwonych r\u00f3\u017c b\u0119dzie wi\u0119c podzi\u0119kowaniem za t\u0119 niezwyk\u0142\u0105 rozmow\u0119, kt\u00f3r\u0105 w ca\u0142o\u015bci mo\u017cecie zobaczy\u0107 na platformie\u00a0<a href=\"https:\/\/polsatboxgo.pl\/pakiety\/premium?ktw=eyJhbGciOiJIUzI1NiJ9.WzUzLDMwMywxNF0.ukCIr2mHBdx2wqHGBjYdad4sC21vEn_6fB3Y3ud8X1g\" rel=\"nofollow noopener\" target=\"_blank\">Polsat Box Go<\/a>, podobnie jak wszystkie odcinki &#8222;halo tu polsat&#8221;.<\/p>\n<p>Materia\u0142 zawiera\u0142 linki partner\u00f3w reklamowych.<\/p>\n<p>Masz sugestie, uwagi albo widzisz b\u0142\u0105d? Napisz do nas<\/p>\n","protected":false},"excerpt":{"rendered":"Nowa p\u0142yta Maryli Rodowicz. &#8222;Tutaj urodzi\u0142 si\u0119 ten projekt&#8221; 14 listopada, po dziewi\u0119ciu latach, ukaza\u0142a si\u0119 nowa p\u0142yta&hellip;\n","protected":false},"author":2,"featured_media":102659,"comment_status":"","ping_status":"","sticky":false,"template":"","format":"standard","meta":{"footnotes":""},"categories":[22],"tags":[122,42,38,40,39,41,123],"class_list":{"0":"post-102658","1":"post","2":"type-post","3":"status-publish","4":"format-standard","5":"has-post-thumbnail","7":"category-rozrywka","8":"tag-entertainment","9":"tag-pl","10":"tag-poland","11":"tag-polish","12":"tag-polska","13":"tag-polski","14":"tag-rozrywka"},"share_on_mastodon":{"url":"https:\/\/pubeurope.com\/@pl\/115553765038415136","error":""},"_links":{"self":[{"href":"https:\/\/www.europesays.com\/pl\/wp-json\/wp\/v2\/posts\/102658","targetHints":{"allow":["GET"]}}],"collection":[{"href":"https:\/\/www.europesays.com\/pl\/wp-json\/wp\/v2\/posts"}],"about":[{"href":"https:\/\/www.europesays.com\/pl\/wp-json\/wp\/v2\/types\/post"}],"author":[{"embeddable":true,"href":"https:\/\/www.europesays.com\/pl\/wp-json\/wp\/v2\/users\/2"}],"replies":[{"embeddable":true,"href":"https:\/\/www.europesays.com\/pl\/wp-json\/wp\/v2\/comments?post=102658"}],"version-history":[{"count":0,"href":"https:\/\/www.europesays.com\/pl\/wp-json\/wp\/v2\/posts\/102658\/revisions"}],"wp:featuredmedia":[{"embeddable":true,"href":"https:\/\/www.europesays.com\/pl\/wp-json\/wp\/v2\/media\/102659"}],"wp:attachment":[{"href":"https:\/\/www.europesays.com\/pl\/wp-json\/wp\/v2\/media?parent=102658"}],"wp:term":[{"taxonomy":"category","embeddable":true,"href":"https:\/\/www.europesays.com\/pl\/wp-json\/wp\/v2\/categories?post=102658"},{"taxonomy":"post_tag","embeddable":true,"href":"https:\/\/www.europesays.com\/pl\/wp-json\/wp\/v2\/tags?post=102658"}],"curies":[{"name":"wp","href":"https:\/\/api.w.org\/{rel}","templated":true}]}}