{"id":102660,"date":"2025-11-15T12:43:13","date_gmt":"2025-11-15T12:43:13","guid":{"rendered":"https:\/\/www.europesays.com\/pl\/102660\/"},"modified":"2025-11-15T12:43:13","modified_gmt":"2025-11-15T12:43:13","slug":"tragedia-w-sztokholmie-bus-wjechal-w-przystanek-sa-ofiary-smiertelne","status":"publish","type":"post","link":"https:\/\/www.europesays.com\/pl\/102660\/","title":{"rendered":"Tragedia w Sztokholmie. Bus wjecha\u0142 w przystanek, s\u0105 ofiary \u015bmiertelne"},"content":{"rendered":"\n<p>&#13;<br \/>\nDo zdarzenia dosz\u0142o w\u00a0centrum Sztokholmu, na\u00a0ulicy Valhallav\u00e4gen w\u00a0dzielnicy \u00d6stermalm. Oko\u0142o godziny 15:24 czasu lokalnego autobus wjecha\u0142 w\u00a0wiat\u0119 przystankow\u0105. &#13;\n<\/p>\n<p>&#13;<br \/>\nJak poinformowa\u0142 dziennik &#8222;Aftonbladet&#8221;, &#8222;kilka os\u00f3b zgin\u0119\u0142o, a\u00a0wiele zosta\u0142o rannych&#8221;. Te\u00a0wst\u0119pne doniesienia potwierdzi\u0142y zar\u00f3wno policja, jak i\u00a0s\u0142u\u017cby medyczne. \u2013\u00a0Na miejscu s\u0105 ranni. Niekt\u00f3rzy s\u0105 w\u00a0stanie ci\u0119\u017ckim \u2013\u00a0przekaza\u0142 Oscar Davila, kieruj\u0105cy zespo\u0142em pogotowia. &#13;\n<\/p>\n<p>&#13;<br \/>\nZ relacji &#8222;Aftonbladet&#8221; wynika, \u017ce\u00a0w\u00a0rejonie zdarzenia dzia\u0142a wiele jednostek ratunkowych. &#8222;Na miejscu obecna jest du\u017ca liczba policjant\u00f3w, karetek pogotowia i\u00a0jednostek s\u0142u\u017cb ratunkowych, a\u00a0droga w\u00a0kierunku metra jest zablokowana&#8221; \u2013 relacjonuje gazeta. Stra\u017c po\u017carna dodaje, \u017ce\u00a0panuje tam du\u017ce zamieszanie. \u2013\u00a0To godziny szczytu. Jest tam mn\u00f3stwo ludzi \u2013\u00a0powiedzia\u0142 Davila. Jak dodaje, w\u00a0zwi\u0105zku z\u00a0intensywnym ruchem na\u00a0miejscu wypadku &#8222;panuje chaos&#8221;. &#13;\n<\/p>\n<p>&#13;<br \/>\nW\u0142adze podkre\u015blaj\u0105, \u017ce\u00a0jest zbyt wcze\u015bnie, by\u00a0m\u00f3wi\u0107 o\u00a0liczbie ofiar. &#8222;Na chwil\u0119 obecn\u0105 policja nie\u00a0komentuje informacji o\u00a0liczbie, p\u0142ci ani wieku ofiar&#8221; \u2013\u00a0poinformowano w\u00a0policyjnym komunikacie. &#13;\n<\/p>\n<p>Kierowca zosta\u0142 zatrzymany<\/p>\n<p>&#13;<br \/>\nJak doprecyzowa\u0142y s\u0142u\u017cby, pojazd by\u0142 autobusem pi\u0119trowym i\u00a0kursowa\u0142 na\u00a0regularnej linii. W\u00a0chwili uderzenia w\u00a0wiat\u0119 nie\u00a0przewozi\u0142 pasa\u017cer\u00f3w. &#13;\n<\/p>\n<p>&#13;<br \/>\nPolicja na\u00a0razie nie\u00a0informuje, co\u00a0ostatecznie doprowadzi\u0142o do\u00a0wypadku. \u2013\u00a0Zobaczymy, co\u00a0z\u00a0tego wyjdzie \u2013\u00a0powiedzia\u0142 mediom Nadya Norton, przedstawiciel s\u0142u\u017cb. W\u0142adze nie\u00a0chcia\u0142y udziela\u0107 \u017cadnych dalszych informacji. &#13;\n<\/p>\n<p>&#13;<br \/>\nWed\u0142ug ustale\u0144 dziennika kierowca autobusu zosta\u0142 zatrzymany. Na\u00a0obecn\u0105 chwil\u0119 nadal nie\u00a0wiadomo, kim jest, ani jakie motywy nim kierowa\u0142y. Wypadek jest obecnie dopiero badany przez s\u0142u\u017cby, jednak \u2013\u00a0jak donosz\u0105 lokalne media \u2013\u00a0nie\u00a0mo\u017cna wykluczy\u0107, \u017ce\u00a0pi\u0105tkowy wypadek m\u00f3g\u0142 by\u0107 form\u0105 zab\u00f3jstwa ze\u00a0szczeg\u00f3lnym okrucie\u0144stwem. &#13;\n<\/p>\n<p>&#13;<br \/>\nCzytaj te\u017c:<br \/><a href=\"https:\/\/dorzeczy.pl\/kraj\/806160\/ukraincy-i-bialorusini-w-klinice-nie-znali-jezyka-polskiego-pacjent-nie-zyje.html\" rel=\"follow nofollow noopener\" data-schema=\"DORZECZY\" data-image=\"https:\/\/img.dorzeczy.pl\/_thumb\/cc\/4e\/2962447f0e9737aacff7fc4023f0.jpeg\" target=\"_blank\">Tragedia we\u00a0Wroc\u0142awiu. Pacjent zmar\u0142 poniewa\u017c personel medyczny nie\u00a0zna\u0142 polskiego<\/a>Czytaj te\u017c:<br \/><a href=\"https:\/\/rozrywka.dorzeczy.pl\/gwiazdy\/806016\/sledztwo-ws-smierci-zony-rynkowskiego-jest-decyzja-prokuratury.html\" rel=\"follow nofollow noopener\" data-schema=\"DORZECZY\" data-image=\"https:\/\/img.dorzeczy.pl\/_thumb\/ba\/74\/706e20a70a941dcea374e2361ca6.jpeg\" target=\"_blank\">\u015aledztwo ws. \u015bmierci \u017cony znanego muzyka. Jest decyzja prokuratury<\/a>&#13;<\/p>\n","protected":false},"excerpt":{"rendered":"&#13; Do zdarzenia dosz\u0142o w\u00a0centrum Sztokholmu, na\u00a0ulicy Valhallav\u00e4gen w\u00a0dzielnicy \u00d6stermalm. Oko\u0142o godziny 15:24 czasu lokalnego autobus wjecha\u0142 w\u00a0wiat\u0119&hellip;\n","protected":false},"author":2,"featured_media":102661,"comment_status":"","ping_status":"","sticky":false,"template":"","format":"standard","meta":{"footnotes":""},"categories":[14],"tags":[612,32,33,98,27,34,35,28,31,25,17178,40,41,3756,80,3196,547,29,30,26,82,83,84,2588],"class_list":{"0":"post-102660","1":"post","2":"type-post","3":"status-publish","4":"format-standard","5":"has-post-thumbnail","7":"category-swiat","8":"tag-autobus","9":"tag-breaking-news","10":"tag-breakingnews","11":"tag-dorzeczy","12":"tag-headlines","13":"tag-latest-news","14":"tag-latestnews","15":"tag-naglowki","16":"tag-najwazniejsze-artykuly","17":"tag-news","18":"tag-ofiary","19":"tag-polish","20":"tag-polski","21":"tag-przystanek","22":"tag-swiat","23":"tag-sztokholm","24":"tag-szwecja","25":"tag-top-stories","26":"tag-topstories","27":"tag-wiadomosci","28":"tag-world","29":"tag-world-news","30":"tag-worldnews","31":"tag-wypadek"},"share_on_mastodon":{"url":"https:\/\/pubeurope.com\/@pl\/115553776757319994","error":""},"_links":{"self":[{"href":"https:\/\/www.europesays.com\/pl\/wp-json\/wp\/v2\/posts\/102660","targetHints":{"allow":["GET"]}}],"collection":[{"href":"https:\/\/www.europesays.com\/pl\/wp-json\/wp\/v2\/posts"}],"about":[{"href":"https:\/\/www.europesays.com\/pl\/wp-json\/wp\/v2\/types\/post"}],"author":[{"embeddable":true,"href":"https:\/\/www.europesays.com\/pl\/wp-json\/wp\/v2\/users\/2"}],"replies":[{"embeddable":true,"href":"https:\/\/www.europesays.com\/pl\/wp-json\/wp\/v2\/comments?post=102660"}],"version-history":[{"count":0,"href":"https:\/\/www.europesays.com\/pl\/wp-json\/wp\/v2\/posts\/102660\/revisions"}],"wp:featuredmedia":[{"embeddable":true,"href":"https:\/\/www.europesays.com\/pl\/wp-json\/wp\/v2\/media\/102661"}],"wp:attachment":[{"href":"https:\/\/www.europesays.com\/pl\/wp-json\/wp\/v2\/media?parent=102660"}],"wp:term":[{"taxonomy":"category","embeddable":true,"href":"https:\/\/www.europesays.com\/pl\/wp-json\/wp\/v2\/categories?post=102660"},{"taxonomy":"post_tag","embeddable":true,"href":"https:\/\/www.europesays.com\/pl\/wp-json\/wp\/v2\/tags?post=102660"}],"curies":[{"name":"wp","href":"https:\/\/api.w.org\/{rel}","templated":true}]}}