{"id":102682,"date":"2025-11-15T12:59:17","date_gmt":"2025-11-15T12:59:17","guid":{"rendered":"https:\/\/www.europesays.com\/pl\/102682\/"},"modified":"2025-11-15T12:59:17","modified_gmt":"2025-11-15T12:59:17","slug":"mlodziezowe-slowo-roku-2025-oto-finalowa-15-stka-zaglosuj-wroclaw-pl","status":"publish","type":"post","link":"https:\/\/www.europesays.com\/pl\/102682\/","title":{"rendered":"M\u0142odzie\u017cowe S\u0142owo Roku 2025. Oto fina\u0142owa 15-stka. Zag\u0142osuj! &#8211; wroclaw.pl"},"content":{"rendered":"<ol>\n<li><a href=\"https:\/\/news.google.com\/rss\/articles\/CBMiogFBVV95cUxNYU1VQVRiUjlLX1ZuUXE1NG5EQjB1NnVhU1NVU3JIYkR4ZWhuMlRDU0R1RklzVHVLN1ZBb1dUbml4Z1FNYUpNZE4xZ2VUZk1TZlgyX2VqZTBzaDhHQ24ySHJTYUloZ2h2ZW01amVkR29GZ0VxbEpldFNZQVU3UEJiX3REa1BtazRnZXlKbzJZRjVodV9qbFhldzRJNHVnSTQxUEE?oc=5\" target=\"_blank\" rel=\"nofollow noopener\">M\u0142odzie\u017cowe S\u0142owo Roku 2025. Oto fina\u0142owa 15-stka. Zag\u0142osuj!<\/a>&nbsp;&nbsp;wroclaw.pl<\/li>\n<li><a href=\"https:\/\/news.google.com\/rss\/articles\/CBMiowFBVV95cUxNT3l4aVB3S09jT3M3SDFxVlBfXzAyaUxxemxoVVkzUURlVDdQUklNb21qdlRYS0liZkFnLXFUQzNhOEhMdXMxM19XOXMwamtUb2lGY09pdDRJWUtKU1BzTk9GMVVGOVExS1VMdzVFemJSYjd5aDNQRFpPYktsMm9DM1dQYzJCWUtMZnlhbVpyb1hJZFcxOHNqQ0JPd0dVVW5xb2FB?oc=5\" target=\"_blank\" rel=\"nofollow noopener\">&#8222;Slay&#8221;, &#8222;skibidi&#8221;, &#8222;tuff&#8221; \u2013 nowe j\u0119zykowe hity m\u0142odych. Czy rozumiesz ich znaczenie?<\/a>&nbsp;&nbsp;Kobieta Onet<\/li>\n<li><a href=\"https:\/\/news.google.com\/rss\/articles\/CBMiqgFBVV95cUxNZUY3WERBVlMtZEtzZm9SSGVjdEtGVkVwUFBiU3NCX1V1RVU2MVZKdEZMUmxyUndWRXhoUmVhT0J5cUdhcjZLOHJURTd3ZGFoWFRTVmZpZ0FxS3F3M3c3OHV3MDZMdXozb1dnMmpFczVCTFdlNTRVZUpzNkVJSkNzWkJHcGFYQ3lvSFIyZktqRHE0YkRzUS0zSFR3OTNMNVB1MUVYYmM5eFY3dw?oc=5\" target=\"_blank\" rel=\"nofollow noopener\">&#8222;Przepi\u0119knie brzmi&#8221;. Polonista o swoim faworycie na M\u0142odzie\u017cowe S\u0142owo Roku<\/a>&nbsp;&nbsp;TVN24<\/li>\n<li><a href=\"https:\/\/news.google.com\/rss\/articles\/CBMirgFBVV95cUxQMkV6a3BUbWFYeU82YXdiRXVVdzV3LVBQMnlWd3NSRE5sZTdqd0FTbUJRdjM2TGJZOGxlMDNMczNMQTBHcGxsdFFzaHdGZUc2VGYxaEk3WGc5VHlVcmcyMnlWLTlrdXdBTEJBa3dob1JnSjhudklsZ0JwM1B5MC1HTXpqMmk3bWxRSnJPVk1ldnpvT2J1RkxES2V2THFNc1BjM3dXd3ZSTXRpNHgtM3c?oc=5\" target=\"_blank\" rel=\"nofollow noopener\">M\u0142odzie\u017cowe S\u0142owo Roku 2025. Poznali\u015bmy propozycje<\/a>&nbsp;&nbsp;Business Insider Polska<\/li>\n<li><a href=\"https:\/\/news.google.com\/rss\/articles\/CBMi4AFBVV95cUxQYkZYdnlreHByN3pDMTBiNVdDUk1BSjBSX2JTRFV0SEg2eVcyeW42eTdHNlZaTHk4NExBM3NrTHlaaEgzTlFqN0w1bXdSbmp3ekVkX09HT09NNnA1SzBjLXI5cUp3M3hoelhxdV95WGhtemFXY0RSazlvUnpocFV2Sng2YzRCaVk4MkpNaFFtb3J1NkJIc0M0eHFMOUhuZkJGWnVmVzFXb2g5S0hkV1NtM0tXMV9NQ05yUER2bVlScDFEQ2xWMjdOYUgxRUVJMmMzWDhnUHZUVVRYMG9YT2NLWg?oc=5\" target=\"_blank\" rel=\"nofollow noopener\">Co znaczy lowkey, skibidi i tuf? M\u0142odzie\u017cowe S\u0142owo Roku 2025. Oto fina\u0142owa pi\u0119tnastka<\/a>&nbsp;&nbsp;Dziennik.pl Edukacja<\/li>\n<\/ol>\n","protected":false},"excerpt":{"rendered":"M\u0142odzie\u017cowe S\u0142owo Roku 2025. Oto fina\u0142owa 15-stka. Zag\u0142osuj!&nbsp;&nbsp;wroclaw.pl &#8222;Slay&#8221;, &#8222;skibidi&#8221;, &#8222;tuff&#8221; \u2013 nowe j\u0119zykowe hity m\u0142odych. Czy rozumiesz&hellip;\n","protected":false},"author":2,"featured_media":78377,"comment_status":"","ping_status":"","sticky":false,"template":"","format":"standard","meta":{"footnotes":""},"categories":[5],"tags":[32,33,36,37,27,34,35,28,31,25,42,38,40,39,41,29,30,26],"class_list":{"0":"post-102682","1":"post","2":"type-post","3":"status-publish","4":"format-standard","5":"has-post-thumbnail","7":"category-naglowki","8":"tag-breaking-news","9":"tag-breakingnews","10":"tag-featured-news","11":"tag-featurednews","12":"tag-headlines","13":"tag-latest-news","14":"tag-latestnews","15":"tag-naglowki","16":"tag-najwazniejsze-artykuly","17":"tag-news","18":"tag-pl","19":"tag-poland","20":"tag-polish","21":"tag-polska","22":"tag-polski","23":"tag-top-stories","24":"tag-topstories","25":"tag-wiadomosci"},"share_on_mastodon":{"url":"https:\/\/pubeurope.com\/@pl\/115553839556827451","error":""},"_links":{"self":[{"href":"https:\/\/www.europesays.com\/pl\/wp-json\/wp\/v2\/posts\/102682","targetHints":{"allow":["GET"]}}],"collection":[{"href":"https:\/\/www.europesays.com\/pl\/wp-json\/wp\/v2\/posts"}],"about":[{"href":"https:\/\/www.europesays.com\/pl\/wp-json\/wp\/v2\/types\/post"}],"author":[{"embeddable":true,"href":"https:\/\/www.europesays.com\/pl\/wp-json\/wp\/v2\/users\/2"}],"replies":[{"embeddable":true,"href":"https:\/\/www.europesays.com\/pl\/wp-json\/wp\/v2\/comments?post=102682"}],"version-history":[{"count":0,"href":"https:\/\/www.europesays.com\/pl\/wp-json\/wp\/v2\/posts\/102682\/revisions"}],"wp:featuredmedia":[{"embeddable":true,"href":"https:\/\/www.europesays.com\/pl\/wp-json\/wp\/v2\/media\/78377"}],"wp:attachment":[{"href":"https:\/\/www.europesays.com\/pl\/wp-json\/wp\/v2\/media?parent=102682"}],"wp:term":[{"taxonomy":"category","embeddable":true,"href":"https:\/\/www.europesays.com\/pl\/wp-json\/wp\/v2\/categories?post=102682"},{"taxonomy":"post_tag","embeddable":true,"href":"https:\/\/www.europesays.com\/pl\/wp-json\/wp\/v2\/tags?post=102682"}],"curies":[{"name":"wp","href":"https:\/\/api.w.org\/{rel}","templated":true}]}}