{"id":102745,"date":"2025-11-15T13:50:11","date_gmt":"2025-11-15T13:50:11","guid":{"rendered":"https:\/\/www.europesays.com\/pl\/102745\/"},"modified":"2025-11-15T13:50:11","modified_gmt":"2025-11-15T13:50:11","slug":"iwona-pavlovic-rozbila-pierwsze-malzenstwo-meza-zabiera-glos","status":"publish","type":"post","link":"https:\/\/www.europesays.com\/pl\/102745\/","title":{"rendered":"Iwona Pavlovi\u0107 rozbi\u0142a pierwsze ma\u0142\u017ce\u0144stwo m\u0119\u017ca? Zabiera g\u0142os"},"content":{"rendered":"<p class=\"Paragraph_desktopParagraph__U31Gm\">Pasja do ta\u0144ca towarzyszy <a href=\"https:\/\/plejada.pl\/iwona-pavlovic\" id=\"690a0557-a443-4f37-a7b5-f25f485ff6ea\" rel=\"nofollow noopener\" target=\"_blank\">Iwonie Pavlovi\u0107<\/a> od najm\u0142odszych lat. Ju\u017c jako dziewczynka marzy\u0142a o wyst\u0119pach na scenie, a z czasem jej talent przerodzi\u0142 si\u0119 w zawodow\u0105 karier\u0119. Cho\u0107 zako\u0144czy\u0142a aktywne ta\u0144czenie, nie odesz\u0142a od swojej pasji \u2014 zdoby\u0142a uprawnienia s\u0119dziowskie i zacz\u0119\u0142a ocenia\u0107 uczestnik\u00f3w turniej\u00f3w w kraju i za granic\u0105. Swoj\u0105 wiedz\u0119 i do\u015bwiadczenie przekazuje r\u00f3wnie\u017c kolejnym pokoleniom, szkol\u0105c zar\u00f3wno m\u0142odych tancerzy, jak i trener\u00f3w.<\/p>\n<p class=\"Paragraph_desktopParagraph__U31Gm\">Polecamy: <a href=\"https:\/\/plejada.pl\/newsy\/iwona-pavlovic-jest-z-mezem-od-16-lat-na-pewne-rzeczy-reaguje-impulsywnie\/td8wqvd\" id=\"ecdc3899-b294-438a-89a5-2f0b3cd5efa5\" rel=\"nofollow noopener\" target=\"_blank\">Iwona Pavlovi\u0107 jest z m\u0119\u017cem od 16 lat. &#8222;Na pewne rzeczy reaguje impulsywnie&#8221;<\/a><\/p>\n<p class=\"Paragraph_desktopParagraph__U31Gm\">Prywatnie Iwona Pavlovi\u0107 odnalaz\u0142a szcz\u0119\u015bcie u boku przedsi\u0119biorcy Wojciecha O\u015bwi\u0119cimskiego. Tworz\u0105 zwi\u0105zek od oko\u0142o 20 lat, a od 16 lat s\u0105 ma\u0142\u017ce\u0144stwem. W 2025 r. obchodzili swoj\u0105 16. rocznic\u0119 \u015blubu. Jak sama jurorka podkre\u015bla \u2014 jest dla niej ostoj\u0105 spokoju po latach intensywnej pracy zawodowej.<\/p>\n<p class=\"Paragraph_desktopParagraph__U31Gm\">Gwiazda tym razem zawita\u0142a do studia serwisu Party, gdzie w rozmowie z Joann\u0105 Racewicz podzieli\u0142a si\u0119 szczeg\u00f3\u0142ami ze swojego \u017cycia prywatnego i zawodowego.<\/p>\n<ul class=\"OchatFollowUps_wrapper__1ry7X\">\n<li class=\"OchatFollowUps_item__Dhyly OchatFollowUps_itemDesktop__R6aBv\">Iwona Pavlovi\u0107 od jak dawna jest w zwi\u0105zku z Wojciechem O\u015bwi\u0119cimskim?<\/li>\n<li class=\"OchatFollowUps_item__Dhyly OchatFollowUps_itemDesktop__R6aBv\">Jak d\u0142ugo Iwona Pavlovi\u0107 jest w ma\u0142\u017ce\u0144stwie?<\/li>\n<li class=\"OchatFollowUps_item__Dhyly OchatFollowUps_itemDesktop__R6aBv\">Co Iwona Pavlovi\u0107 s\u0105dzi o rozpadzie ma\u0142\u017ce\u0144stw?<\/li>\n<li class=\"OchatFollowUps_item__Dhyly OchatFollowUps_itemDesktop__R6aBv\">Jakie do\u015bwiadczenie ma Iwona Pavlovi\u0107 w ta\u0144cu?<\/li>\n<\/ul>\n<p class=\"Paragraph_desktopParagraph__U31Gm\">Poznali si\u0119 w okresie, gdy ka\u017cde z nich by\u0142o w innej relacji. Z tego powodu jurorka &#8222;Ta\u0144ca z gwiazdami&#8221; musia\u0142a mierzy\u0107 si\u0119 z oskar\u017ceniami, \u017ce przyczyni\u0142a si\u0119 do zako\u0144czenia dw\u00f3ch ma\u0142\u017ce\u0144stw.<\/p>\n<blockquote>\n<p class=\"Paragraph_desktopParagraph__U31Gm\">Nic nie rozbi\u0142am tak naprawd\u0119. To ju\u017c by\u0142o rozbite, bo moim zdaniem, i to b\u0119d\u0119 zawsze m\u00f3wi\u0142a, je\u017celi w zwi\u0105zku jest dobrze, to nikt nie wejdzie w ten zwi\u0105zek. Je\u017celi co\u015b kuleje, to jest szczelina i kto\u015b mo\u017ce wej\u015b\u0107. Ja mam nadziej\u0119, \u017ce w moim zwi\u0105zku z Wojtkiem nie ma tej szczeliny<\/p>\n<\/blockquote>\n<p class=\"Paragraph_desktopParagraph__U31Gm\">\u2014 opowiada\u0142a.<\/p>\n<p class=\"Paragraph_desktopParagraph__U31Gm\">Polecamy: <a href=\"https:\/\/plejada.pl\/newsy\/iwona-pavlovic-jest-z-mezem-od-16-lat-na-pewne-rzeczy-reaguje-impulsywnie\/td8wqvd\" id=\"6fe1ffed-a54d-40c7-ad30-e5353d7cfba6\" rel=\"nofollow noopener\" target=\"_blank\">Iwona Pavlovi\u0107 jest z m\u0119\u017cem od 16 lat. &#8222;Na pewne rzeczy reaguje impulsywnie&#8221;<\/a><\/p>\n<p class=\"Paragraph_desktopParagraph__U31Gm\">Pavlovi\u0107 wr\u00f3ci\u0142a tak\u017ce do pocz\u0105tk\u00f3w swojej relacji z Wojciechem i opowiedzia\u0142a o pierwszych momentach, gdy ich znajomo\u015b\u0107 zaczyna\u0142a si\u0119 rozwija\u0107.<\/p>\n<blockquote>\n<p class=\"Paragraph_desktopParagraph__U31Gm\">Ja po prostu zakocha\u0142am si\u0119 jak taka naprawd\u0119 18-latka w g\u0142osie, ja straci\u0142am rozum. Ja si\u0119 \u015bmiej\u0119, ale jak kto\u015b kocha, to nie my\u015bli. Nie my\u015bli logicznie, nie my\u015bli nad niczym. Dla mnie to by\u0142o jak obuch. Co\u015b tak w tym g\u0142osie by\u0142o niesamowitego, a potem jeszcze przyjecha\u0142, jak ja go zobaczy\u0142am, to po prostu&#8230; Oczywi\u015bcie, \u017ce rozum mi m\u00f3wi\u0142: pionizuj si\u0119, kobieto, masz m\u0119\u017ca. Ale to by\u0142o silniejsze ode mnie. Widocznie tak mia\u0142o by\u0107, bo jeste\u015bmy razem 20 lat, wi\u0119c co\u015b jest na rzeczy<\/p>\n<\/blockquote>\n<p class=\"Paragraph_desktopParagraph__U31Gm\">\u2014 doda\u0142a.<\/p>\n<p><img decoding=\"async\" class=\"Image_image__0tuHp \" height=\"587\" width=\"391\" src=\"https:\/\/www.europesays.com\/pl\/wp-content\/uploads\/2025\/11\/iLuk9kpTURBXy9jNmRiZjVlZjIwMGI3MWU3ZDBhMDE4OTQwZTQwMjdjMi5qcGeSlQLNA6wAwsOVAgDNAkvCw94AA6EwAaExAaEzw.jpeg\" alt=\"Iwona Pavlovi\u0107\" loading=\"lazy\" \/>MW Media<\/p>\n<p>Iwona Pavlovi\u0107<\/p>\n<p class=\"Paragraph_desktopParagraph__U31Gm\">Dzi\u0119kujemy, \u017ce przeczyta\u0142a\u015b\/e\u015b nasz artyku\u0142 do ko\u0144ca. W serwisie Plejada.pl ka\u017cdego dnia piszemy o najwa\u017cniejszych wydarzeniach show-biznesowych. B\u0105d\u017a na bie\u017c\u0105co! <a rel=\"nofollow noopener\" href=\"https:\/\/news.google.com\/publications\/CAAiEF0PeAlb7W1llpV_mwV2rL4qFAgKIhBdD3gJW-1tZZaVf5sFdqy-?hl=pl&amp;gl=PL&amp;ceid=PL%3Apl\" id=\"3517cbcb-4cd4-4c26-9253-56012d389311\" target=\"_blank\">Obserwuj<\/a> Plejad\u0119 w Wiadomo\u015bciach Google. Odwied\u017a nas tak\u017ce na <a rel=\"nofollow noopener\" href=\"https:\/\/www.facebook.com\/plejadapl\" id=\"07c867e2-efe2-4763-8236-11a91ba60a18\" target=\"_blank\">Facebooku<\/a>, <a rel=\"nofollow noopener\" href=\"https:\/\/www.instagram.com\/plejadapl\/\" id=\"c4cd63b2-d24a-406f-99e2-fbbe74b33ae8\" target=\"_blank\">Instagramie<\/a>, <a rel=\"nofollow noopener\" href=\"https:\/\/www.youtube.com\/c\/plejada\" id=\"bb0cd102-d252-4aa2-bd4b-9c61c083ea0a\" target=\"_blank\">YouTubie<\/a> oraz <a rel=\"nofollow noopener\" href=\"https:\/\/www.tiktok.com\/@plejada_pl\" id=\"68e5a04b-b4e8-4039-a9c6-002edf00ccb8\" target=\"_blank\">TikToku<\/a>.<\/p>\n<p class=\"Paragraph_desktopParagraph__U31Gm\">Chcesz podzieli\u0107 si\u0119 ciekawym newsem lub zaproponowa\u0107 temat? Skontaktuj si\u0119 z nami, pisz\u0105c maila na adres: <a href=\"https:\/\/www.onet.pl\/styl-zycia\/plejada\/iwona-pavlovic-rozbila-pierwsze-malzenstwo-meza-zabiera-glos\/mailto:plejada@redakcjaonet.pl\" id=\"851f99c7-e6ae-4bf4-a0dd-e654a58ee80f\" rel=\"nofollow noopener\" target=\"_blank\">plejada@redakcjaon<\/a><a rel=\"nofollow noopener\" href=\"https:\/\/et.pl\/\" id=\"4abd8690-6e5e-4210-b7b9-ae87175b4efb\" target=\"_blank\">et.pl<\/a>.<\/p>\n<p><script async src=\"\/\/www.instagram.com\/embed.js\"><\/script><script async src=\"\/\/www.tiktok.com\/embed.js\"><\/script><\/p>\n","protected":false},"excerpt":{"rendered":"Pasja do ta\u0144ca towarzyszy Iwonie Pavlovi\u0107 od najm\u0142odszych lat. Ju\u017c jako dziewczynka marzy\u0142a o wyst\u0119pach na scenie, a&hellip;\n","protected":false},"author":2,"featured_media":102746,"comment_status":"","ping_status":"","sticky":false,"template":"","format":"standard","meta":{"footnotes":""},"categories":[22],"tags":[122,67,3997,261,53,52,68,51,55,42,38,40,39,41,123,47,65,50],"class_list":{"0":"post-102745","1":"post","2":"type-post","3":"status-publish","4":"format-standard","5":"has-post-thumbnail","7":"category-rozrywka","8":"tag-entertainment","9":"tag-intextvideo_splayer","10":"tag-iwona_pavlovic","11":"tag-kultura","12":"tag-new_header","13":"tag-onet3","14":"tag-onet3d","15":"tag-onet3d_2i","16":"tag-phx","17":"tag-pl","18":"tag-poland","19":"tag-polish","20":"tag-polska","21":"tag-polski","22":"tag-rozrywka","23":"tag-screening_general","24":"tag-update_me","25":"tag-v2021"},"share_on_mastodon":{"url":"https:\/\/pubeurope.com\/@pl\/115554040271720364","error":""},"_links":{"self":[{"href":"https:\/\/www.europesays.com\/pl\/wp-json\/wp\/v2\/posts\/102745","targetHints":{"allow":["GET"]}}],"collection":[{"href":"https:\/\/www.europesays.com\/pl\/wp-json\/wp\/v2\/posts"}],"about":[{"href":"https:\/\/www.europesays.com\/pl\/wp-json\/wp\/v2\/types\/post"}],"author":[{"embeddable":true,"href":"https:\/\/www.europesays.com\/pl\/wp-json\/wp\/v2\/users\/2"}],"replies":[{"embeddable":true,"href":"https:\/\/www.europesays.com\/pl\/wp-json\/wp\/v2\/comments?post=102745"}],"version-history":[{"count":0,"href":"https:\/\/www.europesays.com\/pl\/wp-json\/wp\/v2\/posts\/102745\/revisions"}],"wp:featuredmedia":[{"embeddable":true,"href":"https:\/\/www.europesays.com\/pl\/wp-json\/wp\/v2\/media\/102746"}],"wp:attachment":[{"href":"https:\/\/www.europesays.com\/pl\/wp-json\/wp\/v2\/media?parent=102745"}],"wp:term":[{"taxonomy":"category","embeddable":true,"href":"https:\/\/www.europesays.com\/pl\/wp-json\/wp\/v2\/categories?post=102745"},{"taxonomy":"post_tag","embeddable":true,"href":"https:\/\/www.europesays.com\/pl\/wp-json\/wp\/v2\/tags?post=102745"}],"curies":[{"name":"wp","href":"https:\/\/api.w.org\/{rel}","templated":true}]}}