{"id":102921,"date":"2025-11-15T16:23:12","date_gmt":"2025-11-15T16:23:12","guid":{"rendered":"https:\/\/www.europesays.com\/pl\/102921\/"},"modified":"2025-11-15T16:23:12","modified_gmt":"2025-11-15T16:23:12","slug":"pajor-szaleje-w-el-clasico-zobacz-bramki-polki","status":"publish","type":"post","link":"https:\/\/www.europesays.com\/pl\/102921\/","title":{"rendered":"Pajor szaleje w El Clasico! Zobacz bramki Polki"},"content":{"rendered":"\n<p class=\"contentpart contentpart--default contentpart--text\" data-position=\"0\">W sobotnim, 15 listopada, w spotkaniu pomi\u0119dzy Barcelon\u0105 a Realem Madryt (El Clasico rozpocz\u0119\u0142o si\u0119 o godz. 16:00), <a href=\"https:\/\/sportowefakty.wp.pl\/pilka-nozna\/ewa-pajor\" rel=\"nofollow noopener\" target=\"_blank\">Ewa Pajor<\/a> znalaz\u0142a si\u0119 w wyj\u015bciowym sk\u0142adzie. Po raz pierwszy po wyleczeniu kontuzji. W pierwszej po\u0142owie wsz\u0119dzie by\u0142o jej pe\u0142no. Czterokrotnie pokonywa\u0142a bramkark\u0119 Realu w pierwszych 30 minutach meczu.\u00a0<\/p>\n<p class=\"contentpart contentpart--default contentpart--text\" data-position=\"1\">Ostatecznie zaliczono jej dwa gole. Ju\u017c w 15. minucie otworzy\u0142a wynik spotkania, umieszczaj\u0105c pi\u0142k\u0119 z bliska w siatce po skutecznym w\u0142o\u017ceniu nogi (patrz wideo poni\u017cej). \u015awietn\u0105 asyst\u0105 popisa\u0142a si\u0119\u00a0<a href=\"https:\/\/sportowefakty.wp.pl\/pilka-nozna\/claudia-pina\" rel=\"nofollow noopener\" target=\"_blank\">Claudia Pina<\/a>.<\/p>\n<p> <img role=\"presentation\" src=\"https:\/\/std.wpcdn.pl\/images\/adv\/placeholder_wp.svg\" loading=\"lazy\" alt=\"\" decoding=\"async\"\/>  <\/p>\n<p class=\"contentpart contentpart--default contentpart--text\" data-position=\"2\">ZOBACZ WIDEO: Lewandowski zachwycony po meczu kadry. &#8222;Ciarki na ca\u0142ym ciele&#8221;<\/p>\n<p class=\"contentpart contentpart--default contentpart--text\" data-position=\"4\">Wcze\u015bniej 28-letnia Pajor pos\u0142a\u0142a pi\u0142k\u0119 do bramki, ale jej trafienie zosta\u0142o anulowane z powodu spalonego (przy stanie 0:0). P\u00f3\u017aniej, przy wyniku 1:0, Polka znowu cieszy\u0142a si\u0119 z gola, ale te\u017c zosta\u0142 on anulowany &#8211; tym razem za zagranie napastniczki r\u0119k\u0105.<\/p>\n<p class=\"contentpart contentpart--default contentpart--text\" data-position=\"5\">Mimo to, ju\u017c w 30. minucie reprezentantka Bia\u0142o-Czerwonych ponownie wpisa\u0142a si\u0119 na list\u0119 strzelczy\u0144 (bramka nr 8 w sezonie Liga F). To jej pierwszy mecz od pocz\u0105tku po kontuzji, po tym jak dwukrotnie wchodzi\u0142a na boisko z \u0142awki rezerwowych w meczach Barcelony z La Corun\u0105 oraz Leuven w Lidze Mistrzy\u0144.<\/p>\n<p class=\"contentpart contentpart--default contentpart--text\" data-position=\"6\">Zobacz bramk\u0119 Pajor (na 1:0).<\/p>\n<p class=\"contentpart contentpart--default contentpart--text\" data-position=\"8\">Zobacz gola Pajor (na 2:0).<\/p>\n","protected":false},"excerpt":{"rendered":"W sobotnim, 15 listopada, w spotkaniu pomi\u0119dzy Barcelon\u0105 a Realem Madryt (El Clasico rozpocz\u0119\u0142o si\u0119 o godz. 16:00),&hellip;\n","protected":false},"author":2,"featured_media":102922,"comment_status":"","ping_status":"","sticky":false,"template":"","format":"standard","meta":{"footnotes":""},"categories":[5],"tags":[1157,32,33,3962,272,36,37,27,267,538,34,35,28,31,25,269,42,38,40,39,41,692,29,30,26],"class_list":{"0":"post-102921","1":"post","2":"type-post","3":"status-publish","4":"format-standard","5":"has-post-thumbnail","7":"category-naglowki","8":"tag-barcelona","9":"tag-breaking-news","10":"tag-breakingnews","11":"tag-ewa-pajor","12":"tag-fc-barcelona","13":"tag-featured-news","14":"tag-featurednews","15":"tag-headlines","16":"tag-hiszpania","17":"tag-la-liga","18":"tag-latest-news","19":"tag-latestnews","20":"tag-naglowki","21":"tag-najwazniejsze-artykuly","22":"tag-news","23":"tag-pilka-nozna","24":"tag-pl","25":"tag-poland","26":"tag-polish","27":"tag-polska","28":"tag-polski","29":"tag-real-madryt","30":"tag-top-stories","31":"tag-topstories","32":"tag-wiadomosci"},"share_on_mastodon":{"url":"https:\/\/pubeurope.com\/@pl\/115554641706921667","error":""},"_links":{"self":[{"href":"https:\/\/www.europesays.com\/pl\/wp-json\/wp\/v2\/posts\/102921","targetHints":{"allow":["GET"]}}],"collection":[{"href":"https:\/\/www.europesays.com\/pl\/wp-json\/wp\/v2\/posts"}],"about":[{"href":"https:\/\/www.europesays.com\/pl\/wp-json\/wp\/v2\/types\/post"}],"author":[{"embeddable":true,"href":"https:\/\/www.europesays.com\/pl\/wp-json\/wp\/v2\/users\/2"}],"replies":[{"embeddable":true,"href":"https:\/\/www.europesays.com\/pl\/wp-json\/wp\/v2\/comments?post=102921"}],"version-history":[{"count":0,"href":"https:\/\/www.europesays.com\/pl\/wp-json\/wp\/v2\/posts\/102921\/revisions"}],"wp:featuredmedia":[{"embeddable":true,"href":"https:\/\/www.europesays.com\/pl\/wp-json\/wp\/v2\/media\/102922"}],"wp:attachment":[{"href":"https:\/\/www.europesays.com\/pl\/wp-json\/wp\/v2\/media?parent=102921"}],"wp:term":[{"taxonomy":"category","embeddable":true,"href":"https:\/\/www.europesays.com\/pl\/wp-json\/wp\/v2\/categories?post=102921"},{"taxonomy":"post_tag","embeddable":true,"href":"https:\/\/www.europesays.com\/pl\/wp-json\/wp\/v2\/tags?post=102921"}],"curies":[{"name":"wp","href":"https:\/\/api.w.org\/{rel}","templated":true}]}}