{"id":103007,"date":"2025-11-15T17:24:21","date_gmt":"2025-11-15T17:24:21","guid":{"rendered":"https:\/\/www.europesays.com\/pl\/103007\/"},"modified":"2025-11-15T17:24:21","modified_gmt":"2025-11-15T17:24:21","slug":"karol-iii-nie-spodziewal-sie-tego-po-wejsciu-do-zamku-nie-kryl-poruszenia","status":"publish","type":"post","link":"https:\/\/www.europesays.com\/pl\/103007\/","title":{"rendered":"Karol III nie spodziewa\u0142 si\u0119 tego, po wej\u015bciu do zamku. Nie kry\u0142 poruszenia"},"content":{"rendered":"<p class=\"ods-c-paragraph \">Karol III w pi\u0105tek, 14 listopada, sko\u0144czy\u0142 77 lat. Z tej okazji wzi\u0105\u0142 udzia\u0142 w szeregu uroczysto\u015bci. Razem z kr\u00f3low\u0105 Kamil\u0105 rozpocz\u0119li dzie\u0144 od wizyty w Zamku Cyfarthfa w Merthyr Tydfil \u2014 jednym z najwa\u017cniejszych zabytk\u00f3w Walii, wybudowanym 200 lat temu. Tam czeka\u0142a na kr\u00f3la niespodzianka \u2014 para zosta\u0142a powitana przez go\u015bci, kt\u00f3rzy za\u015bpiewali Karolowi III &#8222;Sto lat&#8221;. Monarch\u0119 ucieszy\u0142 tak\u017ce wielki tort urodzinowy w kszta\u0142cie zamku.<\/p>\n<p>Dalszy ci\u0105g artyku\u0142u pod materia\u0142em wideo<\/p>\n<p> Gdzie kr\u00f3l Karol obchodzi\u0142 swoje urodziny? <\/p>\n<p> Jakie zaskoczenie czeka\u0142o na kr\u00f3la po wej\u015bciu do zamku? <\/p>\n<p> Co kr\u00f3l Karol lubi otrzymywa\u0107 na urodziny? <\/p>\n<p> Ile lat sko\u0144czy\u0142 kr\u00f3l Karol 14 listopada? <\/p>\n<p>  Kr\u00f3l Karol \u015bwi\u0119tuje urodziny<\/p>\n<p class=\"ods-c-paragraph \">W wywiadzie dla &#8222;The Express&#8221; kamerdyner kr\u00f3lewski Grant Harrold, kt\u00f3ry pracowa\u0142 dla Karola III w latach 2004\u20132011, ujawni\u0142, jakie prezenty kr\u00f3l najbardziej lubi\u0142 otrzymywa\u0107 na swoje urodziny.<\/p>\n<blockquote class=\"ods-o-quota\">\n<p class=\"ods-o-quota__paragraph\">Zawsze prosi\u0142 o rzeczy do ogrodu. Wcze\u015bniej prosi\u0142 o \u0142awki, ro\u015bliny i drzewa. Ogrodnictwo to jego prawdziwa pasja<\/p>\n<\/blockquote>\n<p class=\"ods-c-paragraph \">&#8222;Prosi\u0142 o drzewa, krzewy, r\u00f3\u017ce, \u017cywop\u0142oty. Sadzi\u0142 je w jednym z ogrod\u00f3w kr\u00f3lewskich, w Clarence House, Pa\u0142acu Buckingham, Windsorze, Sandringham albo gdzie\u015b w Szkocji&#8221; \u2014 opowiedzia\u0142.<\/p>\n<p> <img decoding=\"async\" src=\"https:\/\/www.europesays.com\/pl\/wp-content\/uploads\/2025\/11\/qVJk9lBaHR0cHM6Ly9vY2RuLmV1L3B1bHNjbXMvTURBXy80YjZlZWExNDIxNTcyMzI3YjE4ZDliYzc2ZmY5MmViNS5qcGeRlQLNB.jpeg\" height=\"627\" width=\"940\" alt=\"Kr\u00f3l Karol\" loading=\"lazy\" class=\"ods-c-image__img ods-c-image__img--viewport-width\"\/><\/p>\n<p>Kr\u00f3l KarolKin Cheung-WPA Pool \/ Getty Images<\/p>\n<p class=\"ods-c-paragraph \">Dzi\u0119kujemy, \u017ce przeczyta\u0142a\u015b\/e\u015b nasz artyku\u0142 do ko\u0144ca.\u202fW serwisie Plejada.pl ka\u017cdego dnia piszemy o najwa\u017cniejszych wydarzeniach show-biznesowych.\u202fB\u0105d\u017a na bie\u017c\u0105co!\u202f<a rel=\"nofollow noopener\" href=\"https:\/\/news.google.com\/publications\/CAAiEF0PeAlb7W1llpV_mwV2rL4qFAgKIhBdD3gJW-1tZZaVf5sFdqy-?hl=pl&amp;gl=PL&amp;ceid=PL%3Apl\" id=\"3892adea-9b3d-411b-aed8-38e9b2009c16\" target=\"_blank\">Obserwuj<\/a>\u202fPlejad\u0119 w Wiadomo\u015bciach Google. Odwied\u017a nas tak\u017ce na\u202f<a rel=\"nofollow noopener\" href=\"https:\/\/www.facebook.com\/plejadapl\" id=\"1beeb9fa-6eb2-43b6-b7ed-9be82d036223\" target=\"_blank\">Facebooku<\/a>,\u202f<a rel=\"nofollow noopener\" href=\"https:\/\/www.instagram.com\/plejadapl\/\" id=\"35fe31b7-88d8-4522-b90f-52f96502b669\" target=\"_blank\">Instagramie<\/a>,\u202f<a rel=\"nofollow noopener\" href=\"https:\/\/www.youtube.com\/c\/plejada\" id=\"2b7c9edb-8e73-4c65-bbc5-e97e2b55969d\" target=\"_blank\">YouTubie<\/a>\u202foraz\u202f<a rel=\"nofollow noopener\" href=\"https:\/\/www.tiktok.com\/@plejada_pl\" id=\"22b6fa31-7f43-4006-8a07-c98f3574597f\" target=\"_blank\">TikToku<\/a>.<\/p>\n<p class=\"ods-c-paragraph \">Chcesz podzieli\u0107 si\u0119 ciekawym newsem lub zaproponowa\u0107 temat? Skontaktuj si\u0119 z nami, pisz\u0105c maila na adres:\u202f<a rel=\"nofollow noopener\" href=\"https:\/\/plejada.pl\/newsy\/karol-iii-nie-spodziewal-sie-tego-po-wejsciu-do-zamku-nie-kryl-poruszenia\/mailto:plejada@redakcjaonet.pl\" id=\"055b8692-170f-4081-a77d-5ba50b97eeac\" target=\"_blank\">plejada@redakcjaonet.pl<\/a>.<\/p>\n<p><script async src=\"\/\/www.instagram.com\/embed.js\"><\/script><script async src=\"\/\/www.tiktok.com\/embed.js\"><\/script><\/p>\n","protected":false},"excerpt":{"rendered":"Karol III w pi\u0105tek, 14 listopada, sko\u0144czy\u0142 77 lat. Z tej okazji wzi\u0105\u0142 udzia\u0142 w szeregu uroczysto\u015bci. Razem&hellip;\n","protected":false},"author":2,"featured_media":103008,"comment_status":"","ping_status":"","sticky":false,"template":"","format":"standard","meta":{"footnotes":""},"categories":[22],"tags":[122,1102,48,125,46,42,38,40,39,41,20738,1276,123,47],"class_list":{"0":"post-103007","1":"post","2":"type-post","3":"status-publish","4":"format-standard","5":"has-post-thumbnail","7":"category-rozrywka","8":"tag-entertainment","9":"tag-karol_iii","10":"tag-nat_styl","11":"tag-newsy","12":"tag-omp","13":"tag-pl","14":"tag-poland","15":"tag-polish","16":"tag-polska","17":"tag-polski","18":"tag-rewquiz_tst0","19":"tag-rodziny_i_rody_krolewskie","20":"tag-rozrywka","21":"tag-screening_general"},"share_on_mastodon":{"url":"https:\/\/pubeurope.com\/@pl\/115554881904972536","error":""},"_links":{"self":[{"href":"https:\/\/www.europesays.com\/pl\/wp-json\/wp\/v2\/posts\/103007","targetHints":{"allow":["GET"]}}],"collection":[{"href":"https:\/\/www.europesays.com\/pl\/wp-json\/wp\/v2\/posts"}],"about":[{"href":"https:\/\/www.europesays.com\/pl\/wp-json\/wp\/v2\/types\/post"}],"author":[{"embeddable":true,"href":"https:\/\/www.europesays.com\/pl\/wp-json\/wp\/v2\/users\/2"}],"replies":[{"embeddable":true,"href":"https:\/\/www.europesays.com\/pl\/wp-json\/wp\/v2\/comments?post=103007"}],"version-history":[{"count":0,"href":"https:\/\/www.europesays.com\/pl\/wp-json\/wp\/v2\/posts\/103007\/revisions"}],"wp:featuredmedia":[{"embeddable":true,"href":"https:\/\/www.europesays.com\/pl\/wp-json\/wp\/v2\/media\/103008"}],"wp:attachment":[{"href":"https:\/\/www.europesays.com\/pl\/wp-json\/wp\/v2\/media?parent=103007"}],"wp:term":[{"taxonomy":"category","embeddable":true,"href":"https:\/\/www.europesays.com\/pl\/wp-json\/wp\/v2\/categories?post=103007"},{"taxonomy":"post_tag","embeddable":true,"href":"https:\/\/www.europesays.com\/pl\/wp-json\/wp\/v2\/tags?post=103007"}],"curies":[{"name":"wp","href":"https:\/\/api.w.org\/{rel}","templated":true}]}}