{"id":10301,"date":"2025-09-22T19:25:08","date_gmt":"2025-09-22T19:25:08","guid":{"rendered":"https:\/\/www.europesays.com\/pl\/10301\/"},"modified":"2025-09-22T19:25:08","modified_gmt":"2025-09-22T19:25:08","slug":"usa-sparalizuja-miedzynarodowy-trybunal-karny-niepokojace-doniesienia","status":"publish","type":"post","link":"https:\/\/www.europesays.com\/pl\/10301\/","title":{"rendered":"USA sparali\u017cuj\u0105 Mi\u0119dzynarodowy Trybuna\u0142 Karny? Niepokoj\u0105ce doniesienia"},"content":{"rendered":"<p class=\"ods-c-paragraph\">Sze\u015b\u0107 \u017ar\u00f3de\u0142 przekaza\u0142o Reutersowi, \u017ce decyzja w sprawie sankcji na MTK ma zapa\u015b\u0107 wkr\u00f3tce. Wed\u0142ug jednego ze \u017ar\u00f3de\u0142 pracownicy MTK przeprowadzili pilne wewn\u0119trzne spotkania, by om\u00f3wi\u0107 skutki potencjalnych restrykcji.<\/p>\n<p class=\"ods-c-paragraph\">Rzecznik Departamentu Stanu oskar\u017cy\u0142 s\u0105d o roszczenie sobie prawa do &#8222;rzekomej jurysdykcji&#8221; wzgl\u0119dem personelu USA i Izraela oraz zapowiedzia\u0142, \u017ce Waszyngton zamierza podj\u0105\u0107 dalsze kroki, ale nie sprecyzowa\u0142, jakie konkretnie.<\/p>\n<p class=\"ods-c-paragraph\">Doda\u0142, \u017ce MTK &#8222;mo\u017ce zmieni\u0107 obrany kurs, wprowadzaj\u0105c istotne i odpowiednie zmiany strukturalne&#8221;. &#8222;Stany Zjednoczone podejm\u0105 dodatkowe kroki w celu ochrony naszych dzielnych \u017co\u0142nierzy i innych os\u00f3b, dop\u00f3ki MTK b\u0119dzie nadal stanowi\u0142 zagro\u017cenie dla naszych interes\u00f3w narodowych&#8221; \u2014 o\u015bwiadczy\u0142 rzecznik.<\/p>\n<p>Dalszy ci\u0105g artyku\u0142u pod materia\u0142em wideo<br \/>\nW\u0142adze USA m\u00f3wi\u0105 o &#8222;zagro\u017ceniu dla bezpiecze\u0144stwa&#8221;<\/p>\n<p class=\"ods-c-paragraph\">Sankcje mog\u0105 wp\u0142yn\u0105\u0107 na wa\u017cne aspekty dotycz\u0105ce funkcjonowania MTK, w tym wyp\u0142acanie wynagrodze\u0144 oraz dost\u0119p do kont bankowych i oprogramowania komputerowego. Wed\u0142ug trzech \u017ar\u00f3de\u0142 personel MTK otrzyma\u0142 w tym miesi\u0105cu zawczasu wyp\u0142at\u0119 za reszt\u0119 roku. To nie pierwszy raz, gdy s\u0105d wyp\u0142aci\u0142 wcze\u015bniej wynagrodzenia w obawie przed sankcjami. MTK poszukuje te\u017c alternatywnych dostawc\u00f3w us\u0142ug bankowych i oprogramowania.<\/p>\n<p class=\"ods-c-paragraph\">Sekretarz stanu USA Marco Rubio nazwa\u0142 MTK &#8222;zagro\u017ceniem dla bezpiecze\u0144stwa narodowego i instrumentem s\u0142u\u017c\u0105cym do wykorzystywania prawa jako broni&#8221; przeciwko USA i Izraelowi. Oba kraje nie nale\u017c\u0105 do MTK.<\/p>\n<p class=\"ods-c-paragraph\">W lutym br. USA na\u0142o\u017cy\u0142y sankcje na g\u0142\u00f3wnego prokuratora MTK Karima Khana <a href=\"https:\/\/wiadomosci.onet.pl\/swiat\/miedzynarodowy-trybunal-karny-wydal-nakaz-aresztowania-binjamina-netanjahu\/4jd5csw\" id=\"2a53d618-4f04-4260-8395-8b0dbfecc592\" rel=\"nofollow noopener\" target=\"_blank\">w zwi\u0105zku z wydaniem przez Trybuna\u0142 nakaz\u00f3w aresztowania premiera Izraela Benjamina Netanjahu i by\u0142ego ministra obrony tego kraju, Joawa Galanta.<\/a> Aktywa Khana w USA zosta\u0142y zamro\u017cone, a on sam otrzyma\u0142 zakaz wjazdu do tego pa\u0144stwa.<\/p>\n<p class=\"ods-c-paragraph\">USA obj\u0119\u0142y te\u017c sankcjami s\u0119dzi\u00f3w, kt\u00f3rzy kierowali dochodzeniami MTK w sprawie domniemanych zbrodni wojennych pope\u0142nionych przez \u017co\u0142nierzy USA w Afganistanie i odpowiadali za wydanie przez MTK nakaz\u00f3w aresztowania premiera Izraela i by\u0142ego ministra obrony. Zdaniem s\u0119dzi\u00f3w istnia\u0142y &#8222;uzasadnione podstawy&#8221; do podejrzewania ich o odpowiedzialno\u015b\u0107 za zbrodnie wojenne i zbrodnie przeciwko ludzko\u015bci podczas wojny w Strefie Gazy.<\/p>\n","protected":false},"excerpt":{"rendered":"Sze\u015b\u0107 \u017ar\u00f3de\u0142 przekaza\u0142o Reutersowi, \u017ce decyzja w sprawie sankcji na MTK ma zapa\u015b\u0107 wkr\u00f3tce. Wed\u0142ug jednego ze \u017ar\u00f3de\u0142&hellip;\n","protected":false},"author":2,"featured_media":10302,"comment_status":"","ping_status":"","sticky":false,"template":"","format":"standard","meta":{"footnotes":""},"categories":[14],"tags":[32,33,27,34,35,4166,28,31,48,25,46,40,41,2337,47,80,29,30,71,26,82,83,84],"class_list":{"0":"post-10301","1":"post","2":"type-post","3":"status-publish","4":"format-standard","5":"has-post-thumbnail","7":"category-swiat","8":"tag-breaking-news","9":"tag-breakingnews","10":"tag-headlines","11":"tag-latest-news","12":"tag-latestnews","13":"tag-mtk_miedzynarodowy_trybunal_karny","14":"tag-naglowki","15":"tag-najwazniejsze-artykuly","16":"tag-nat_styl","17":"tag-news","18":"tag-omp","19":"tag-polish","20":"tag-polski","21":"tag-sankcje","22":"tag-screening_general","23":"tag-swiat","24":"tag-top-stories","25":"tag-topstories","26":"tag-usa","27":"tag-wiadomosci","28":"tag-world","29":"tag-world-news","30":"tag-worldnews"},"share_on_mastodon":{"url":"","error":""},"_links":{"self":[{"href":"https:\/\/www.europesays.com\/pl\/wp-json\/wp\/v2\/posts\/10301","targetHints":{"allow":["GET"]}}],"collection":[{"href":"https:\/\/www.europesays.com\/pl\/wp-json\/wp\/v2\/posts"}],"about":[{"href":"https:\/\/www.europesays.com\/pl\/wp-json\/wp\/v2\/types\/post"}],"author":[{"embeddable":true,"href":"https:\/\/www.europesays.com\/pl\/wp-json\/wp\/v2\/users\/2"}],"replies":[{"embeddable":true,"href":"https:\/\/www.europesays.com\/pl\/wp-json\/wp\/v2\/comments?post=10301"}],"version-history":[{"count":0,"href":"https:\/\/www.europesays.com\/pl\/wp-json\/wp\/v2\/posts\/10301\/revisions"}],"wp:featuredmedia":[{"embeddable":true,"href":"https:\/\/www.europesays.com\/pl\/wp-json\/wp\/v2\/media\/10302"}],"wp:attachment":[{"href":"https:\/\/www.europesays.com\/pl\/wp-json\/wp\/v2\/media?parent=10301"}],"wp:term":[{"taxonomy":"category","embeddable":true,"href":"https:\/\/www.europesays.com\/pl\/wp-json\/wp\/v2\/categories?post=10301"},{"taxonomy":"post_tag","embeddable":true,"href":"https:\/\/www.europesays.com\/pl\/wp-json\/wp\/v2\/tags?post=10301"}],"curies":[{"name":"wp","href":"https:\/\/api.w.org\/{rel}","templated":true}]}}