{"id":103059,"date":"2025-11-15T17:57:08","date_gmt":"2025-11-15T17:57:08","guid":{"rendered":"https:\/\/www.europesays.com\/pl\/103059\/"},"modified":"2025-11-15T17:57:08","modified_gmt":"2025-11-15T17:57:08","slug":"sandra-bullock-przylapana-na-miescie-po-smierci-jej-partnera-to-rzadki-widok","status":"publish","type":"post","link":"https:\/\/www.europesays.com\/pl\/103059\/","title":{"rendered":"Sandra Bullock przy\u0142apana na mie\u015bcie. Po \u015bmierci jej partnera to rzadki widok"},"content":{"rendered":"<p class=\"ods-c-paragraph \">Bryan Randall, fotograf i mi\u0142o\u015b\u0107 \u017cycia <a href=\"https:\/\/plejada.pl\/sandra-bullock\" id=\"d7d5f2dc-cfc9-4728-80c2-e073dee93a35\" rel=\"nofollow noopener\" target=\"_blank\">Sandry Bullock,<\/a> zmar\u0142 5 sierpnia 2023 r. po trzyletniej walce z ALS, czyli stwardnieniem zanikowym bocznym \u2014 wyniszczaj\u0105c\u0105 chorob\u0105 neurologiczn\u0105. Rodzina partnera aktorki poinformowa\u0142a o jego odej\u015bciu w oficjalnym o\u015bwiadczeniu, podkre\u015blaj\u0105c, \u017ce pragnieniem zmar\u0142ego by\u0142o utrzymanie swojej walki z chorob\u0105 w tajemnicy. &#8222;Bryan wcze\u015bnie zdecydowa\u0142 si\u0119 zachowa\u0107 swoj\u0105 podr\u00f3\u017c z ALS w tajemnicy, a ci z nas, kt\u00f3rzy si\u0119 nim opiekowali, do\u0142o\u017cyli wszelkich stara\u0144, aby uszanowa\u0107 jego pro\u015bb\u0119&#8221; \u2014 napisano w komunikacie. Rodzina wyrazi\u0142a r\u00f3wnie\u017c wdzi\u0119czno\u015b\u0107 lekarzom i piel\u0119gniarkom, kt\u00f3rzy wspierali ich w trudnych chwilach.<\/p>\n<p>Dalszy ci\u0105g artyku\u0142u pod materia\u0142em wideo<\/p>\n<p> Gdzie Sandra Bullock zosta\u0142a zauwa\u017cona? <\/p>\n<p> Kiedy Bryan Randall zmar\u0142? <\/p>\n<p> Jak d\u0142ugo Sandra Bullock i Bryan Randall byli razem? <\/p>\n<p> Jakie prochy Bryan Randall zosta\u0142y rozsypane? <\/p>\n<p>  Historia mi\u0142o\u015bci Sandry Bullock i Bryana Randalla<\/p>\n<p class=\"ods-c-paragraph \">Sandra Bullock i Bryan Randall poznali si\u0119 w 2015 r., kiedy aktorka zatrudni\u0142a go do uwiecznienia na zdj\u0119ciach przyj\u0119cia urodzinowego jej syna Louisa, kt\u00f3rego adoptowa\u0142a pi\u0119\u0107 lat wcze\u015bniej. Para zadebiutowa\u0142a publicznie na czerwonym dywanie podczas premiery filmu &#8222;Kryzys to nasz pomys\u0142&#8221; w tym samym roku. Fotograf, kt\u00f3ry mia\u0142 doros\u0142\u0105 c\u00f3rk\u0119 z poprzedniego zwi\u0105zku, sta\u0142 si\u0119 cz\u0119\u015bci\u0105 rodziny aktorki, pomagaj\u0105c w wychowaniu Louisa oraz m\u0142odszej c\u00f3rki Laili, przygarni\u0119tej przez aktork\u0119 w 2015 r.<\/p>\n<p class=\"ods-c-paragraph \">W 2021 r. ju\u017c w trakcie prywatnej walki Bryana Randalla z chorob\u0105 Sandra Bullock nazwa\u0142a go &#8222;mi\u0142o\u015bci\u0105 swojego \u017cycia&#8221; w programie &#8222;Red Table Talk&#8221;.<\/p>\n<blockquote class=\"ods-o-quota\">\n<p class=\"ods-o-quota__paragraph\">Mamy dwoje pi\u0119knych dzieci \u2014 troje, licz\u0105c jego starsz\u0105 c\u00f3rk\u0119. To najlepsza rzecz w \u017cyciu<\/p>\n<\/blockquote>\n<p class=\"ods-c-paragraph \">\u2014 m\u00f3wi\u0142a w\u00f3wczas.<\/p>\n<p class=\"ods-c-paragraph \">Po \u015bmierci ukochanego aktorka uhonorowa\u0142a jego ostatni\u0105 wol\u0119, rozsypuj\u0105c jego prochy w rzece Snake w Jackson Hole w stanie Wyoming, w dniu jego 58. urodzin. To symboliczne po\u017cegnanie by\u0142o wyrazem g\u0142\u0119bokiej wi\u0119zi, jaka \u0142\u0105czy\u0142a t\u0119 par\u0119.<\/p>\n<p class=\"ods-c-paragraph \">Dzi\u0119kujemy, \u017ce przeczyta\u0142a\u015b\/e\u015b nasz artyku\u0142 do ko\u0144ca. W serwisie Plejada.pl ka\u017cdego dnia piszemy o najwa\u017cniejszych wydarzeniach show-biznesowych. B\u0105d\u017a na bie\u017c\u0105co! <a rel=\"nofollow noopener\" href=\"https:\/\/news.google.com\/publications\/CAAiEF0PeAlb7W1llpV_mwV2rL4qFAgKIhBdD3gJW-1tZZaVf5sFdqy-?hl=pl&amp;gl=PL&amp;ceid=PL%3Apl\" id=\"30e3dc64-85b0-4c38-a461-35326f8b570f\" target=\"_blank\">Obserwuj<\/a> Plejad\u0119 w Wiadomo\u015bciach Google. Odwied\u017a nas tak\u017ce na <a rel=\"nofollow noopener\" href=\"https:\/\/www.facebook.com\/plejadapl\" id=\"26d535de-bde2-405f-90ef-b5d17173696e\" target=\"_blank\">Facebooku<\/a>, <a rel=\"nofollow noopener\" href=\"https:\/\/www.instagram.com\/plejadapl\/\" id=\"5a17b5d1-fc42-4957-8bcc-af6f1da0a249\" target=\"_blank\">Instagramie<\/a>, <a rel=\"nofollow noopener\" href=\"https:\/\/www.youtube.com\/c\/plejada\" id=\"f0032e16-6a25-44c3-afdb-29ec9bcbb077\" target=\"_blank\">YouTubie<\/a> oraz <a rel=\"nofollow noopener\" href=\"https:\/\/www.tiktok.com\/@plejada_pl\" id=\"c3f2bcf1-69c6-40fb-a3a0-529347e1c216\" target=\"_blank\">TikToku<\/a>.<\/p>\n<p class=\"ods-c-paragraph \">Chcesz podzieli\u0107 si\u0119 ciekawym newsem lub zaproponowa\u0107 temat? Skontaktuj si\u0119 z nami, pisz\u0105c maila na adres: plejada@redakcjaonet.pl.<\/p>\n<p><script async src=\"\/\/www.instagram.com\/embed.js\"><\/script><script async src=\"\/\/www.tiktok.com\/embed.js\"><\/script><\/p>\n","protected":false},"excerpt":{"rendered":"Bryan Randall, fotograf i mi\u0142o\u015b\u0107 \u017cycia Sandry Bullock, zmar\u0142 5 sierpnia 2023 r. po trzyletniej walce z ALS,&hellip;\n","protected":false},"author":2,"featured_media":103060,"comment_status":"","ping_status":"","sticky":false,"template":"","format":"standard","meta":{"footnotes":""},"categories":[5],"tags":[32,33,36,37,27,34,35,28,31,48,25,125,46,42,38,40,39,41,20749,23037,47,511,29,30,26,19636],"class_list":{"0":"post-103059","1":"post","2":"type-post","3":"status-publish","4":"format-standard","5":"has-post-thumbnail","7":"category-naglowki","8":"tag-breaking-news","9":"tag-breakingnews","10":"tag-featured-news","11":"tag-featurednews","12":"tag-headlines","13":"tag-latest-news","14":"tag-latestnews","15":"tag-naglowki","16":"tag-najwazniejsze-artykuly","17":"tag-nat_styl","18":"tag-news","19":"tag-newsy","20":"tag-omp","21":"tag-pl","22":"tag-poland","23":"tag-polish","24":"tag-polska","25":"tag-polski","26":"tag-rewquiz_tst2","27":"tag-sandra_bullock","28":"tag-screening_general","29":"tag-smierc","30":"tag-top-stories","31":"tag-topstories","32":"tag-wiadomosci","33":"tag-zaloba"},"share_on_mastodon":{"url":"https:\/\/pubeurope.com\/@pl\/115555011519379175","error":""},"_links":{"self":[{"href":"https:\/\/www.europesays.com\/pl\/wp-json\/wp\/v2\/posts\/103059","targetHints":{"allow":["GET"]}}],"collection":[{"href":"https:\/\/www.europesays.com\/pl\/wp-json\/wp\/v2\/posts"}],"about":[{"href":"https:\/\/www.europesays.com\/pl\/wp-json\/wp\/v2\/types\/post"}],"author":[{"embeddable":true,"href":"https:\/\/www.europesays.com\/pl\/wp-json\/wp\/v2\/users\/2"}],"replies":[{"embeddable":true,"href":"https:\/\/www.europesays.com\/pl\/wp-json\/wp\/v2\/comments?post=103059"}],"version-history":[{"count":0,"href":"https:\/\/www.europesays.com\/pl\/wp-json\/wp\/v2\/posts\/103059\/revisions"}],"wp:featuredmedia":[{"embeddable":true,"href":"https:\/\/www.europesays.com\/pl\/wp-json\/wp\/v2\/media\/103060"}],"wp:attachment":[{"href":"https:\/\/www.europesays.com\/pl\/wp-json\/wp\/v2\/media?parent=103059"}],"wp:term":[{"taxonomy":"category","embeddable":true,"href":"https:\/\/www.europesays.com\/pl\/wp-json\/wp\/v2\/categories?post=103059"},{"taxonomy":"post_tag","embeddable":true,"href":"https:\/\/www.europesays.com\/pl\/wp-json\/wp\/v2\/tags?post=103059"}],"curies":[{"name":"wp","href":"https:\/\/api.w.org\/{rel}","templated":true}]}}