{"id":103093,"date":"2025-11-15T18:19:09","date_gmt":"2025-11-15T18:19:09","guid":{"rendered":"https:\/\/www.europesays.com\/pl\/103093\/"},"modified":"2025-11-15T18:19:09","modified_gmt":"2025-11-15T18:19:09","slug":"jaroslaw-kaczynski-nagle-wspomnial-andrzeja-leppera-zostal-zamordowany","status":"publish","type":"post","link":"https:\/\/www.europesays.com\/pl\/103093\/","title":{"rendered":"Jaros\u0142aw Kaczy\u0144ski nagle wspomnia\u0142 Andrzeja Leppera. &#8222;Zosta\u0142 zamordowany&#8221;"},"content":{"rendered":"<p class=\"Paragraph_desktopParagraph__U31Gm\">Jaros\u0142aw Kaczy\u0144ski w sobot\u0119 spotka\u0142 si\u0119 z mieszka\u0144cami Kwidzynia. Jeden z uczestnik\u00f3w, nale\u017c\u0105cy do Solidarno\u015bci Rolnik\u00f3w Indywidualnych zada\u0142 pytanie o to, czy prezes zamierza odnowi\u0107 spotkania z solidarno\u015bci\u0105 rolnicz\u0105. Zwr\u00f3ci\u0142 uwag\u0119, \u017ce cz\u0119\u015b\u0107 os\u00f3b z tej organizacji przesz\u0142o do Konfederacji. \u2014 Czy pan zamierza wr\u00f3ci\u0107 do rozmowy z solidarno\u015bci\u0105 rolnicz\u0105, \u017ceby\u015bmy znowu wygrali, czy b\u0119dzie pan walczy\u0142 z Mentzenem? \u2014 zapyta\u0142.<\/p>\n<p class=\"VideoPlayerText_videoPlayerText__iDwyz\">Dalszy ci\u0105g materia\u0142u pod wideo<\/p>\n<p class=\"Paragraph_desktopParagraph__U31Gm\">Jaros\u0142aw Kaczy\u0144ski odpar\u0142, \u017ce &#8222;to Mentzen walczy ze mn\u0105, a nie ja z Mentzenem&#8221;. \u2014 Je\u017celi kto\u015b m\u00f3wi, \u017ce ja doprowadzi\u0142em do \u015bmierci Leppera, a nawet do tego, \u017ce Zbigniew Ziobro jest dzi\u015b bardzo chory (&#8230;), to w pewnym momencie trzeba [odpowiedzie\u0107]. Bo p\u00f3\u017aniej zacz\u0105\u0142 m\u00f3wi\u0107, \u017ce jestem gangsterem, a ja na to nie zareagowa\u0142em, bo to by\u0142o komiczne \u2014 m\u00f3wi\u0142 Kaczy\u0144ski.<\/p>\n<ul class=\"OchatFollowUps_wrapper__1ry7X\">\n<li class=\"OchatFollowUps_item__Dhyly OchatFollowUps_itemDesktop__R6aBv\">Dlaczego Kaczy\u0144ski uwa\u017ca, \u017ce Lepper zosta\u0142 zamordowany?<\/li>\n<li class=\"OchatFollowUps_item__Dhyly OchatFollowUps_itemDesktop__R6aBv\">Jakie stanowisko pe\u0142ni\u0142 Andrzej Lepper?<\/li>\n<li class=\"OchatFollowUps_item__Dhyly OchatFollowUps_itemDesktop__R6aBv\">Co Kaczy\u0144ski s\u0105dzi o \u015bmierci Zbigniewa Ziobry?<\/li>\n<li class=\"OchatFollowUps_item__Dhyly OchatFollowUps_itemDesktop__R6aBv\">Jakie by\u0142y okoliczno\u015bci \u015bmierci Andrzeja Leppera?<\/li>\n<\/ul>\n<p class=\"Paragraph_desktopParagraph__U31Gm\">\u2014 No jak ja mog\u0142em Ziobr\u0119 czy Leppera&#8230; zreszt\u0105 wed\u0142ug mnie Lepper zosta\u0142 zamordowany. Ale zosta\u0142 zamordowany przez ludzi ze swoich \u015brodowisk, dlatego \u017ce chcia\u0142 powiedzie\u0107 prawd\u0119 o tym, jak to by\u0142o przy ko\u0144cu naszej w\u0142adzy, przej\u015b\u0107 na drug\u0105 stron\u0119 \u2014 m\u00f3wi\u0142 dalej prezes PiS.<\/p>\n<p class=\"Paragraph_desktopParagraph__U31Gm\">Jaros\u0142aw Kaczy\u0144ski wyzna\u0142, \u017ce \u00f3wczesny prokurator Andrzej Seremet zapewnia\u0142 go, \u017ce \u015bledztwo wykaza\u0142o, \u017ce lider Samoobrony pope\u0142ni\u0142 samob\u00f3jstwo. \u2014 Ja Leppera zna\u0142em dosy\u0107 dobrze i mog\u0119 powiedzie\u0107, \u017ce je\u017celi on by\u0142 sk\u0142onny do pope\u0142nienia samob\u00f3jstwa, to jestem skoczkiem wzwy\u017c \u2014 powiedzia\u0142 lider PiS.<\/p>\n<p>Kim by\u0142 Andrzej Lepper? <\/p>\n<p class=\"Paragraph_desktopParagraph__U31Gm\"><a href=\"https:\/\/wiadomosci.onet.pl\/andrzej-lepper-b-wicepremier\" id=\"679eddfb-8dd4-47c3-8f09-9ef71acad53b\" rel=\"nofollow noopener\" target=\"_blank\">Andrzej Lepper<\/a> urodzi\u0142 si\u0119 13 czerwca 1954 r. w Stowi\u0119cinie. By\u0142 wicepremierem i ministrem rolnictwa w rz\u0105dach Kazimierza Marcinkiewicza i Jaros\u0142awa Kaczy\u0144skiego, a tak\u017ce wieloletnim przewodnicz\u0105cym Samoobrony RP.<\/p>\n<p class=\"Paragraph_desktopParagraph__U31Gm\">Swoj\u0105 karier\u0119 polityczn\u0105 rozpocz\u0105\u0142 jeszcze w latach PRL. Nale\u017ca\u0142 do Zwi\u0105zku M\u0142odzie\u017cy Wiejskiej, Zwi\u0105zku Socjalistycznej M\u0142odzie\u017cy Polskiej, a tak\u017ce do PZPR. Po raz pierwszy do Sejmu kandydowa\u0142 (bez powodzenia) ju\u017c w wolnej Polsce \u2014 w 1991 r. W nast\u0119pnych latach za\u0142o\u017cy\u0142 Zwi\u0105zek Zawodowy Rolnictwa Samoobrona i zas\u0142yn\u0105\u0142 przede wszystkim z akcji blokowania dr\u00f3g i nawo\u0142ywania do niesp\u0142acania kredyt\u00f3w. Z czasem zwi\u0105zek przerodzi\u0142 si\u0119 w parti\u0119 polityczn\u0105, a Lepper wystartowa\u0142 w wyborach prezydenckich.<\/p>\n<p class=\"Paragraph_desktopParagraph__U31Gm\">By\u0142 kandydatem na najwy\u017cszy urz\u0105d pa\u0144stwowy w latach: 1995, 2000, 2005 i 2010. Najlepszy wynik osi\u0105gn\u0105\u0142 w 2005 r., kiedy popar\u0142o go ponad 2 miliony Polak\u00f3w, a w pierwszej turze wybor\u00f3w zaj\u0105\u0142 trzecie miejsce \u2014 za Donaldem Tuskiem i Lechem Kaczy\u0144skim. W drugiej turze popar\u0142 w\u00f3wczas kandydata PiS.<\/p>\n<p class=\"Paragraph_desktopParagraph__U31Gm\">Przez lata swojej dzia\u0142alno\u015bci kilkakrotnie mia\u0142 problemy z prawem. W zdecydowanej wi\u0119kszo\u015bci by\u0142y one zwi\u0105zane z organizowanymi przez niego protestami, jednak najwi\u0119kszym echem odbi\u0142a si\u0119 tzw. seksafera w Samoobronie. W 2006 r. zosta\u0142 oskar\u017cony przez Anet\u0119 Krawczyk (by\u0142\u0105 radn\u0105 sejmiku \u0142\u00f3dzkiego), \u017ce jest ojcem jej dziecka, a w zamian za seks mia\u0142 umo\u017cliwi\u0107 jej prac\u0119 w biurze poselskim. Badania DNA wykaza\u0142y, \u017ce Lepper nie by\u0142 ojcem jej dziecka, a w procesie karnym w tej sprawie Lepper us\u0142ysza\u0142 wyrok skazuj\u0105cy. Odwo\u0142a\u0142 si\u0119 jednak od tej decyzji, a S\u0105d Apelacyjny uchyli\u0142 wyrok i poleci\u0142 ponowne rozpatrzenie sprawy. Ostateczne post\u0119powanie umorzono ze wzgl\u0119du na \u015bmier\u0107 Leppera.<\/p>\n<p class=\"Paragraph_desktopParagraph__U31Gm\">W lipcu 2007 r. rozpocz\u0119\u0142a si\u0119 tzw. afera gruntowa. U\u017cywaj\u0105c prowokacji i podstawionych agent\u00f3w pod przykryciem, Centralne Biuro Antykorupcyjne, kierowane przez Mariusza Kami\u0144skiego i Macieja W\u0105sika, chcia\u0142o go skorumpowa\u0107 i liczy\u0142o, \u017ce \u0142ap\u00f3wka trafi do lidera Samoobrony, co umo\u017cliwi\u0107 mia\u0142o zatrzymanie na gor\u0105cym uczynku. Akcja si\u0119 nie powiod\u0142a, prawdopodobnie dosz\u0142o do przecieku. <a href=\"https:\/\/wiadomosci.onet.pl\/tylko-w-onecie\/stan-wyjatkowy-kaminski-i-wasik-w-wiezieniu-bodnar-idzie-na-wojne\/z681tvq\" id=\"e44270c3-a9f9-4045-9eb4-f01d68586e33\" rel=\"nofollow noopener\" target=\"_blank\">Za nadu\u017cycia przy tej akcji Kami\u0144ski i W\u0105sik us\u0142yszeli wyroki<\/a>.<\/p>\n<p class=\"Paragraph_desktopParagraph__U31Gm\">Andrzej Lepper zosta\u0142 znaleziony martwy w swoim biurze 5 sierpnia 2011 r. <a href=\"https:\/\/wiadomosci.onet.pl\/kraj\/sledztwo-ws-smerci-andrzeja-leppera-prawomocnie-umorzone\/dxeyk\" id=\"d9d1abbd-af89-42a1-80cc-e49006d792b5\" rel=\"nofollow noopener\" target=\"_blank\">\u015aledztwo nie wykaza\u0142o \u017cadnych dzia\u0142a\u0144 os\u00f3b trzecich i w pa\u017adzierniku 2012 r. zosta\u0142o umorzone<\/a>. Uznano, \u017ce przyt\u0142oczony d\u0142ugami i ci\u0105gn\u0105cymi si\u0119 procesami polityk powiesi\u0142 si\u0119 na sznurze w warszawskiej siedzibie &#8222;Samoobrony&#8221;. Okoliczno\u015bci \u015bmierci Leppera wci\u0105\u017c budz\u0105 jednak kontrowersje w \u015brodowisku jego partii i zwi\u0105zku.<\/p>\n","protected":false},"excerpt":{"rendered":"Jaros\u0142aw Kaczy\u0144ski w sobot\u0119 spotka\u0142 si\u0119 z mieszka\u0144cami Kwidzynia. Jeden z uczestnik\u00f3w, nale\u017c\u0105cy do Solidarno\u015bci Rolnik\u00f3w Indywidualnych zada\u0142&hellip;\n","protected":false},"author":2,"featured_media":103094,"comment_status":"","ping_status":"","sticky":false,"template":"","format":"standard","meta":{"footnotes":""},"categories":[12],"tags":[23038,32,33,36,37,27,67,422,34,35,28,31,53,25,52,68,51,55,42,38,40,39,41,868,47,865,29,30,65,50,26],"class_list":{"0":"post-103093","1":"post","2":"type-post","3":"status-publish","4":"format-standard","5":"has-post-thumbnail","7":"category-polska","8":"tag-andrzej_lepper","9":"tag-breaking-news","10":"tag-breakingnews","11":"tag-featured-news","12":"tag-featurednews","13":"tag-headlines","14":"tag-intextvideo_splayer","15":"tag-jaroslaw_kaczynski","16":"tag-latest-news","17":"tag-latestnews","18":"tag-naglowki","19":"tag-najwazniejsze-artykuly","20":"tag-new_header","21":"tag-news","22":"tag-onet3","23":"tag-onet3d","24":"tag-onet3d_2i","25":"tag-phx","26":"tag-pl","27":"tag-poland","28":"tag-polish","29":"tag-polska","30":"tag-polski","31":"tag-prawo_i_sprawiedliwosc_pis","32":"tag-screening_general","33":"tag-slawomir_mentzen","34":"tag-top-stories","35":"tag-topstories","36":"tag-update_me","37":"tag-v2021","38":"tag-wiadomosci"},"share_on_mastodon":{"url":"https:\/\/pubeurope.com\/@pl\/115555097938772857","error":""},"_links":{"self":[{"href":"https:\/\/www.europesays.com\/pl\/wp-json\/wp\/v2\/posts\/103093","targetHints":{"allow":["GET"]}}],"collection":[{"href":"https:\/\/www.europesays.com\/pl\/wp-json\/wp\/v2\/posts"}],"about":[{"href":"https:\/\/www.europesays.com\/pl\/wp-json\/wp\/v2\/types\/post"}],"author":[{"embeddable":true,"href":"https:\/\/www.europesays.com\/pl\/wp-json\/wp\/v2\/users\/2"}],"replies":[{"embeddable":true,"href":"https:\/\/www.europesays.com\/pl\/wp-json\/wp\/v2\/comments?post=103093"}],"version-history":[{"count":0,"href":"https:\/\/www.europesays.com\/pl\/wp-json\/wp\/v2\/posts\/103093\/revisions"}],"wp:featuredmedia":[{"embeddable":true,"href":"https:\/\/www.europesays.com\/pl\/wp-json\/wp\/v2\/media\/103094"}],"wp:attachment":[{"href":"https:\/\/www.europesays.com\/pl\/wp-json\/wp\/v2\/media?parent=103093"}],"wp:term":[{"taxonomy":"category","embeddable":true,"href":"https:\/\/www.europesays.com\/pl\/wp-json\/wp\/v2\/categories?post=103093"},{"taxonomy":"post_tag","embeddable":true,"href":"https:\/\/www.europesays.com\/pl\/wp-json\/wp\/v2\/tags?post=103093"}],"curies":[{"name":"wp","href":"https:\/\/api.w.org\/{rel}","templated":true}]}}