{"id":103163,"date":"2025-11-15T19:37:09","date_gmt":"2025-11-15T19:37:09","guid":{"rendered":"https:\/\/www.europesays.com\/pl\/103163\/"},"modified":"2025-11-15T19:37:09","modified_gmt":"2025-11-15T19:37:09","slug":"tragedia-w-wielkopolsce-na-ulicy-znaleziono-zwloki-onet-wiadomosci","status":"publish","type":"post","link":"https:\/\/www.europesays.com\/pl\/103163\/","title":{"rendered":"Tragedia w Wielkopolsce. Na ulicy znaleziono zw\u0142oki &#8211; Onet Wiadomo\u015bci"},"content":{"rendered":"<ol>\n<li><a href=\"https:\/\/news.google.com\/rss\/articles\/CBMikwFBVV95cUxNeFdWemJDbVZKWDlqamZvbEFtSnV6QW93MUxCNHcyQVRacHVBTF9MYnllbXBFSklnZzU1YU5PZ2xSc3prSGJrNEZaenBXdnZVa0x4UGtJT2s4bno5ZXVad1NqdnM1cHMta25mTFlVdDBZQksyVWtMMnBWMnFVaFRaYnQzUzVReG13TU9Bem51WmxqNnM?oc=5\" target=\"_blank\" rel=\"nofollow noopener\">Tragedia w Wielkopolsce. Na ulicy znaleziono zw\u0142oki<\/a>&nbsp;&nbsp;Onet Wiadomo\u015bci<\/li>\n<li><a href=\"https:\/\/news.google.com\/rss\/articles\/CBMiqgFBVV95cUxQNUNyM0x3S0lEWVRIUkhaSjNhWTZHQUdkSFF1c3l0a2wwZFNCYjNpZWJJQXBlWml2Y213dUY1VG1jb3haeGtCdktTUWh6Y3lNQkNEaXM0WDBtUTNwZm10V3hHbVhhR1hkQTZHYzdYVU5uU3dZRXpZLUMzbXRYdU53UkJkNmRZV1BCbDFlOFZ0X0VJRmc3bmJOXzFVakJQY2w3V1d3Zi1WaFZrZw?oc=5\" target=\"_blank\" rel=\"nofollow noopener\">Zw\u0142oki na ulicy w Poznaniu. Dwie osoby zatrzymane<\/a>&nbsp;&nbsp;Onet<\/li>\n<li><a href=\"https:\/\/news.google.com\/rss\/articles\/CBMiswFBVV95cUxQM1lBUjZMTFVJcGxXcDNpbDF4bXc1QV9ZOVJVVG8tU00yR0VFeTJUNG5lMExBanVMejUtcjN1ZXozTHpJSjBGejFaRUstTlhBT1FtX3JsaW10VTlsMk1fTC1CcXVMeVBYblR6UVR2YzMtaUtGRUpGWS1jMkgtTFdrdE9lNkZmTm9DUjRCSU1LSE9IeHlDcldZeFZ4X3lLUWlTMGd0VE1UQTgxblpkcGN1dF9fdw?oc=5\" target=\"_blank\" rel=\"nofollow noopener\">Zw\u0142oki 45-latka z widocznymi \u015bladami pobicia le\u017ca\u0142y na ulicy w Poznaniu<\/a>&nbsp;&nbsp;RMF24<\/li>\n<li><a href=\"https:\/\/news.google.com\/rss\/articles\/CBMixAFBVV95cUxPbnd2SlZ4X1JkdGVsa09hS2QyU3p3b3E4WDdpS1pVQVZJQ1FmeG1zZWptSmVhOXJ3UkZXVU95XzNnODlwNG5GQXBSajNuQ2NjSlowYW1DeWdQLXRob0VCdnpvaTZKdWdIMmNTSTNXWkNJNDVpYjZ2SHlkaGM3Vy1WT0NFSmEyT2JwMDdYcUFIVEhYVlpBVW0tazJkWDA5TXU5b055SHpKN05yNTJTUXB0b3Q3cE5LZVczc3J5dzZQanlySE9W?oc=5\" target=\"_blank\" rel=\"nofollow noopener\">Tragiczne odkrycie na pozna\u0144skiej ulicy. Policjant o &#8222;widocznych charakterystycznych \u015bladach&#8221;<\/a>&nbsp;&nbsp;Fakt<\/li>\n<li><a href=\"https:\/\/news.google.com\/rss\/articles\/CBMipwFBVV95cUxPclkwcTZxdW9ETERCQVNjREVzUDNHMHc0cEk3RmszZDU3NFBzYnluRkdkTFRTSmF6QnpoYmtQODNiNmJKRmZFZmsxRW5aSW5tYjBLZDZNc1FNVmdKd0xSdUFWbllaTmt1RmZsSF9YQTM1M0M4cEJGNlZGNUlySHlrNzVUXzlWbVEyc1VLUkM2bXBMZVh3cUNfU1VxQXZsaFVJbDhTWUZmbw?oc=5\" target=\"_blank\" rel=\"nofollow noopener\">Pobity i martwy na ulicy. Policja zatrzyma\u0142a dwie osoby<\/a>&nbsp;&nbsp;WP Wiadomo\u015bci<\/li>\n<\/ol>\n","protected":false},"excerpt":{"rendered":"Tragedia w Wielkopolsce. Na ulicy znaleziono zw\u0142oki&nbsp;&nbsp;Onet Wiadomo\u015bci Zw\u0142oki na ulicy w Poznaniu. Dwie osoby zatrzymane&nbsp;&nbsp;Onet Zw\u0142oki 45-latka&hellip;\n","protected":false},"author":2,"featured_media":103164,"comment_status":"","ping_status":"","sticky":false,"template":"","format":"standard","meta":{"footnotes":""},"categories":[5],"tags":[32,33,36,37,27,34,35,28,31,48,25,46,42,3823,38,414,40,39,41,1817,47,29,30,26,8276],"class_list":{"0":"post-103163","1":"post","2":"type-post","3":"status-publish","4":"format-standard","5":"has-post-thumbnail","7":"category-naglowki","8":"tag-breaking-news","9":"tag-breakingnews","10":"tag-featured-news","11":"tag-featurednews","12":"tag-headlines","13":"tag-latest-news","14":"tag-latestnews","15":"tag-naglowki","16":"tag-najwazniejsze-artykuly","17":"tag-nat_styl","18":"tag-news","19":"tag-omp","20":"tag-pl","21":"tag-pobicie","22":"tag-poland","23":"tag-policja","24":"tag-polish","25":"tag-polska","26":"tag-polski","27":"tag-poznan","28":"tag-screening_general","29":"tag-top-stories","30":"tag-topstories","31":"tag-wiadomosci","32":"tag-zwloki"},"share_on_mastodon":{"url":"https:\/\/pubeurope.com\/@pl\/115555404633120903","error":""},"_links":{"self":[{"href":"https:\/\/www.europesays.com\/pl\/wp-json\/wp\/v2\/posts\/103163","targetHints":{"allow":["GET"]}}],"collection":[{"href":"https:\/\/www.europesays.com\/pl\/wp-json\/wp\/v2\/posts"}],"about":[{"href":"https:\/\/www.europesays.com\/pl\/wp-json\/wp\/v2\/types\/post"}],"author":[{"embeddable":true,"href":"https:\/\/www.europesays.com\/pl\/wp-json\/wp\/v2\/users\/2"}],"replies":[{"embeddable":true,"href":"https:\/\/www.europesays.com\/pl\/wp-json\/wp\/v2\/comments?post=103163"}],"version-history":[{"count":0,"href":"https:\/\/www.europesays.com\/pl\/wp-json\/wp\/v2\/posts\/103163\/revisions"}],"wp:featuredmedia":[{"embeddable":true,"href":"https:\/\/www.europesays.com\/pl\/wp-json\/wp\/v2\/media\/103164"}],"wp:attachment":[{"href":"https:\/\/www.europesays.com\/pl\/wp-json\/wp\/v2\/media?parent=103163"}],"wp:term":[{"taxonomy":"category","embeddable":true,"href":"https:\/\/www.europesays.com\/pl\/wp-json\/wp\/v2\/categories?post=103163"},{"taxonomy":"post_tag","embeddable":true,"href":"https:\/\/www.europesays.com\/pl\/wp-json\/wp\/v2\/tags?post=103163"}],"curies":[{"name":"wp","href":"https:\/\/api.w.org\/{rel}","templated":true}]}}