{"id":103214,"date":"2025-11-15T20:17:13","date_gmt":"2025-11-15T20:17:13","guid":{"rendered":"https:\/\/www.europesays.com\/pl\/103214\/"},"modified":"2025-11-15T20:17:13","modified_gmt":"2025-11-15T20:17:13","slug":"szybka-sciezka-ukrainy-do-unii-sikorski-bedzie-czlonkiem-na-poczatku-nastepnej-dekady","status":"publish","type":"post","link":"https:\/\/www.europesays.com\/pl\/103214\/","title":{"rendered":"Szybka \u015bcie\u017cka Ukrainy do Unii. Sikorski: B\u0119dzie cz\u0142onkiem na pocz\u0105tku nast\u0119pnej dekady"},"content":{"rendered":"<p>2025-11-15 10:00<\/p>\n<p>publikacja<br \/>2025-11-15 10:00<\/p>\n<p>Podziel si\u0119<\/p>\n<p>Ukraina zostanie cz\u0142onkiem Unii Europejskiej na pocz\u0105tku nast\u0119pnej dekady \u2013 oceni\u0142 w podka\u015bcie \u201eThe Rest Is Politics\u201d wicepremier i minister spraw zagranicznych Rados\u0142aw Sikorski. W jego przekonaniu Rosja nie wytrzyma kolejnych trzech lat wojny.<\/p>\n<p><img decoding=\"async\" class=\"o-graphics-multiobject__inner-blurry-picture-img\" src=\"https:\/\/www.europesays.com\/pl\/wp-content\/uploads\/2025\/11\/f113b67bbcda72-948-568-230-170-3200-1920.jpg\" width=\"948\" height=\"568\" alt=\"Szybka \u015bcie\u017cka Ukrainy do Unii. Sikorski: B\u0119dzie cz\u0142onkiem na pocz\u0105tku nast\u0119pnej dekady\" loading=\"lazy\"\/><img decoding=\"async\" class=\"o-graphics-multiobject__item webfeedsFeaturedVisual\" src=\"https:\/\/www.europesays.com\/pl\/wp-content\/uploads\/2025\/11\/f113b67bbcda72-948-568-230-170-3200-1920.jpg\" width=\"948\" height=\"568\" alt=\"Szybka \u015bcie\u017cka Ukrainy do Unii. Sikorski: B\u0119dzie cz\u0142onkiem na pocz\u0105tku nast\u0119pnej dekady\" loading=\"lazy\"\/>fot. AA\/ABACA \/ \/\u00a0FORUM<\/p>\n<p>&#8211; Co prawda W\u0119gry blokuj\u0105 post\u0119p w tej sprawie, ale Ukraina ma ju\u017c status kandydata \u2013 doda\u0142 polityk w opublikowanej w tym tygodniu rozmowie.<\/p>\n<p>Wed\u0142ug Sikorskiego, przyw\u00f3dca Rosja W\u0142adimir Putin nie wytrzyma kolejnych trzech lat wojny z Ukrain\u0105, kt\u00f3ra b\u0119dzie wspierana przez Zach\u00f3d. Pom\u00f3c maj\u0105 w tym m.in. \u015brodki pozyskane z zamro\u017conych rosyjskich aktyw\u00f3w.<\/p>\n<p>&#8211; Ukraina produkuje obecnie oko\u0142o po\u0142owy dron\u00f3w i pocisk\u00f3w u siebie. Putin nie osi\u0105gn\u0105\u0142 tego, czego chcia\u0142; my\u015bleli\u015bmy, \u017ce ma drug\u0105 armi\u0119 \u015bwiata, a od 10 lat wci\u0105\u017c walczy w Donbasie. Nie nazwa\u0142bym tego zwyci\u0119stwem \u2013 zauwa\u017cy\u0142 minister.<\/p>\n<p>Jak podkre\u015bli\u0142, Europa musi mie\u0107 w\u0142asne zdolno\u015bci obronne, nie polega\u0107 w ka\u017cdym nag\u0142ym wypadku na USA. &#8211; Powinni\u015bmy by\u0107 w stanie poradzi\u0107 sobie z jakim\u015b wata\u017ck\u0105 w Libii, czy na Ba\u0142kanach \u2013 oceni\u0142 Sikorski.<\/p>\n<p>&#8211; Relacje Polski z Rosj\u0105 maj\u0105 500 lat, byli\u015bmy rosyjsk\u0105 koloni\u0105. Rosjanie napadli nas razem z nazistowskimi Niemcami w 1939 r. i narzucili komunizm na 45 lat \u2013 przypomnia\u0142 Sikorski.<\/p>\n<p>&#8211; Pr\u0119dzej b\u0119dziemy je\u015b\u0107 traw\u0119 ni\u017c staniemy si\u0119 ponownie rosyjsk\u0105 koloni\u0105 \u2013 doda\u0142.<\/p>\n<p>Na uwag\u0119 prowadz\u0105cego, \u017ce Sikorski spekulowa\u0142 o obecno\u015bci Rosji w NATO, polski polityk podkre\u015bli\u0142: \u2013 Ja m\u00f3wi\u0142em, \u017ce w naszym interesie by\u0142oby, aby Rosja wype\u0142ni\u0142a kryteria NATO, co oznacza demokracj\u0119 i napraw\u0119 relacji z s\u0105siednimi pa\u0144stwami.<\/p>\n<p>&#8211; Je\u015bli Rosja wype\u0142ni\u0142aby te warunki, by\u0142aby innym krajem \u2013 oceni\u0142 Sikorski. &#8211; Ludzie ci\u0105gle przypominaj\u0105 mi, \u017ce pr\u00f3bowali\u015bmy znormalizowa\u0107 w\u00f3wczas nasze relacje z Rosj\u0105, ale uwa\u017ca\u0142em, \u017ce warto by\u0142o spr\u00f3bowa\u0107 \u2013 doda\u0142.<\/p>\n<p>Pytany o swoje spotkania z szefem rosyjskiej dyplomacji Siergiejem \u0141awrowem powiedzia\u0142, \u017ce w jego przekonaniu \u0141awrow by\u0142 rzeczywistym ministrem spraw zagranicznych do czasu aneksji Krymu, tj. mia\u0142 wp\u0142yw na polityk\u0119. Od tego momentu jest ju\u017c tylko \u201erzecznikiem\u201d Kremla.<\/p>\n<p>W jego ocenie \u201eziarna brexitu\u201d zosta\u0142y zasiane (w Wielkiej Brytanii) w latach 80. Jak podkre\u015bli\u0142, brytyjskie spo\u0142ecze\u0144stwo by\u0142o wprowadzane w b\u0142\u0105d przez polityk\u00f3w i media co do rzeczywistego funkcjonowania UE.<\/p>\n<p>&#8211; Je\u017celi kto\u015b w latach 80. powiedzia\u0142by mi, \u017ce przyjdzie taki moment, kiedy Polska b\u0119dzie w UE, a Wielka Brytania b\u0119dzie poza ni\u0105, oraz \u017ce w Wielkiej Brytanii b\u0119dzie mia\u0142a miejsce powa\u017cna debata polityczna o tym, czy Polska wyprzedzi j\u0105 gospodarczo, powiedzia\u0142bym, \u017ce to czysta fantazja; a mimo to w\u0142a\u015bnie to widzimy \u2013 zauwa\u017cy\u0142 Sikorski.<\/p>\n<p>Pytany o sytuacj\u0119 na Bliskim Wschodzie, minister przypomnia\u0142, \u017ce Polska popiera rozwi\u0105zanie dwupa\u0144stwowe &#8211; w Warszawie jest ambasador Palestyny, a polski rz\u0105d krytykowa\u0142 \u201enadu\u017cycia si\u0142y i \u0142amanie prawa humanitarnego\u201d przez Izrael.<\/p>\n<p>Sikorski przypomnia\u0142 jednocze\u015bnie, \u017ce wielu \u2013 krytykuj\u0105c Izrael \u2013 zapomina o tym, co doprowadzi\u0142o do wojny w Strefie Gazy, czyli o ataku Hamasu.<\/p>\n<p>&#8211; Nasz Karol jest (brytyjskim kr\u00f3lem) Karolem III z prawem weta \u2013 powiedzia\u0142 minister, t\u0142umacz\u0105c system konstytucyjny w Polsce, a tak\u017ce sp\u00f3r mi\u0119dzy rz\u0105dem Donalda Tuska a prezydentem Karolem Nawrockim.<\/p>\n<p>&#8211; Przej\u0105\u0142em resort z ponad 50 proc. ambasadorami, kt\u00f3rzy nie s\u0105 dyplomatami, s\u0105 ambasadorami partyjnymi. Staram si\u0119 obecnie uczyni\u0107 polsk\u0105 s\u0142u\u017cb\u0119 zagraniczn\u0105 ponownie profesjonaln\u0105 \u2013 powiedzia\u0142 Sikorski.<\/p>\n<p>W swobodnej rozmowie z prowadz\u0105cymi prodkast Alastairem Campbellem i Rorym Stewartem szef polskiej dyplomacji wspomina\u0142 r\u00f3wnie\u017c m.in. czasy komunizmu i lata 90. w Polsce, studia w Oksfordzie oraz obecno\u015b\u0107 w latach 80. w Afganistanie w roli korespondenta brytyjskich medi\u00f3w. (PAP)<\/p>\n<p>mrf\/ jm\/<\/p>\n","protected":false},"excerpt":{"rendered":"2025-11-15 10:00 publikacja2025-11-15 10:00 Podziel si\u0119 Ukraina zostanie cz\u0142onkiem Unii Europejskiej na pocz\u0105tku nast\u0119pnej dekady \u2013 oceni\u0142 w&hellip;\n","protected":false},"author":2,"featured_media":103215,"comment_status":"","ping_status":"","sticky":false,"template":"","format":"standard","meta":{"footnotes":""},"categories":[14],"tags":[32,33,27,34,35,28,31,25,40,41,80,29,30,26,82,83,84],"class_list":{"0":"post-103214","1":"post","2":"type-post","3":"status-publish","4":"format-standard","5":"has-post-thumbnail","7":"category-swiat","8":"tag-breaking-news","9":"tag-breakingnews","10":"tag-headlines","11":"tag-latest-news","12":"tag-latestnews","13":"tag-naglowki","14":"tag-najwazniejsze-artykuly","15":"tag-news","16":"tag-polish","17":"tag-polski","18":"tag-swiat","19":"tag-top-stories","20":"tag-topstories","21":"tag-wiadomosci","22":"tag-world","23":"tag-world-news","24":"tag-worldnews"},"share_on_mastodon":{"url":"https:\/\/pubeurope.com\/@pl\/115555562108167856","error":""},"_links":{"self":[{"href":"https:\/\/www.europesays.com\/pl\/wp-json\/wp\/v2\/posts\/103214","targetHints":{"allow":["GET"]}}],"collection":[{"href":"https:\/\/www.europesays.com\/pl\/wp-json\/wp\/v2\/posts"}],"about":[{"href":"https:\/\/www.europesays.com\/pl\/wp-json\/wp\/v2\/types\/post"}],"author":[{"embeddable":true,"href":"https:\/\/www.europesays.com\/pl\/wp-json\/wp\/v2\/users\/2"}],"replies":[{"embeddable":true,"href":"https:\/\/www.europesays.com\/pl\/wp-json\/wp\/v2\/comments?post=103214"}],"version-history":[{"count":0,"href":"https:\/\/www.europesays.com\/pl\/wp-json\/wp\/v2\/posts\/103214\/revisions"}],"wp:featuredmedia":[{"embeddable":true,"href":"https:\/\/www.europesays.com\/pl\/wp-json\/wp\/v2\/media\/103215"}],"wp:attachment":[{"href":"https:\/\/www.europesays.com\/pl\/wp-json\/wp\/v2\/media?parent=103214"}],"wp:term":[{"taxonomy":"category","embeddable":true,"href":"https:\/\/www.europesays.com\/pl\/wp-json\/wp\/v2\/categories?post=103214"},{"taxonomy":"post_tag","embeddable":true,"href":"https:\/\/www.europesays.com\/pl\/wp-json\/wp\/v2\/tags?post=103214"}],"curies":[{"name":"wp","href":"https:\/\/api.w.org\/{rel}","templated":true}]}}