{"id":103319,"date":"2025-11-15T21:38:08","date_gmt":"2025-11-15T21:38:08","guid":{"rendered":"https:\/\/www.europesays.com\/pl\/103319\/"},"modified":"2025-11-15T21:38:08","modified_gmt":"2025-11-15T21:38:08","slug":"beata-kozidrak-wystapila-w-warszawie-fani-sa-w-ekstazie","status":"publish","type":"post","link":"https:\/\/www.europesays.com\/pl\/103319\/","title":{"rendered":"Beata Kozidrak wyst\u0105pi\u0142a w Warszawie. Fani s\u0105 w EKSTAZIE"},"content":{"rendered":"<p>14 listopada w\u00a0warszawskim Klubie Stodo\u0142a odby\u0142 si\u0119 wyj\u0105tkowy koncert zespo\u0142u Bajm z\u00a0Beat\u0105 Kozidrak na czele. Wydarzenie by\u0142o ca\u0142kowicie wyprzedane i\u00a0zgromadzi\u0142o t\u0142umy fan\u00f3w spragnionych powrotu artystki po przerwie. Publiczno\u015b\u0107 mog\u0142a us\u0142ysze\u0107 przekr\u00f3j najwi\u0119kszych przeboj\u00f3w zespo\u0142u, kt\u00f3re powstawa\u0142y na przestrzeni ponad czterdziestu lat dzia\u0142alno\u015bci zespo\u0142u. Nie zabrak\u0142o zar\u00f3wno rockowego pazura, jak i\u00a0poruszaj\u0105cych ballad.<\/p>\n<p>Roxie W\u0119giel o\u00a0duecie z\u00a0Beat\u0105 Kozidrak. Wspomnia\u0142a te\u017c o\u00a0Smolastym. &#8222;Pokaza\u0142a mi\u00a0inn\u0105 perspektyw\u0119&#8221; <\/p>\n<p>W Warszawie wybrzmia\u0142y same hity. W\u00a0setli\u015bcie znalaz\u0142y si\u0119 takie kawa\u0142ki jak &#8222;My\u015bli i\u00a0s\u0142owa&#8221;, &#8222;Bia\u0142a Armia&#8221;, &#8222;Ta sama chwila&#8221;, &#8222;Jezioro szcz\u0119\u015bcia&#8221; czy &#8222;Co mi Panie dasz&#8221;. Beata Kozidrak nie tylko \u015bpiewa\u0142a, ale te\u017c wchodzi\u0142a w\u00a0dialog z\u00a0publiczno\u015bci\u0105, \u017cartowa\u0142a i\u00a0dzieli\u0142a si\u0119 osobistymi refleksjami, zw\u0142aszcza tymi zwi\u0105zanymi z\u00a0pobytem w\u00a0szpitalu.<\/p>\n<p><a href=\"https:\/\/jastrzabpost.pl\/beata-kozidrak-na-dobre-wraca-na-scene-znamy-ceny-biletow-trzeba-sie-wykosztowac,7201944886930048a\" rel=\"noopener noreferrer nofollow\" target=\"_blank\">Powr\u00f3t artystki<\/a> na scen\u0119 mia\u0142 szczeg\u00f3lny wymiar, bo poprzedzi\u0142 go trudny czas. Pod koniec 2024 roku zmuszona by\u0142a odwo\u0142a\u0107 wszystkie zaplanowane koncerty a\u017c do wiosny 2025, t\u0142umacz\u0105c decyzj\u0119 problemami zdrowotnymi. Dla fan\u00f3w by\u0142a to bolesna wiadomo\u015b\u0107. Teraz jednak p\u0119kali z\u00a0ekstazy. W\u00a0social mediach pisali:<\/p>\n","protected":false},"excerpt":{"rendered":"14 listopada w\u00a0warszawskim Klubie Stodo\u0142a odby\u0142 si\u0119 wyj\u0105tkowy koncert zespo\u0142u Bajm z\u00a0Beat\u0105 Kozidrak na czele. Wydarzenie by\u0142o ca\u0142kowicie&hellip;\n","protected":false},"author":2,"featured_media":103320,"comment_status":"","ping_status":"","sticky":false,"template":"","format":"standard","meta":{"footnotes":""},"categories":[22],"tags":[122,42,38,40,39,41,123],"class_list":{"0":"post-103319","1":"post","2":"type-post","3":"status-publish","4":"format-standard","5":"has-post-thumbnail","7":"category-rozrywka","8":"tag-entertainment","9":"tag-pl","10":"tag-poland","11":"tag-polish","12":"tag-polska","13":"tag-polski","14":"tag-rozrywka"},"share_on_mastodon":{"url":"https:\/\/pubeurope.com\/@pl\/115555880493848336","error":""},"_links":{"self":[{"href":"https:\/\/www.europesays.com\/pl\/wp-json\/wp\/v2\/posts\/103319","targetHints":{"allow":["GET"]}}],"collection":[{"href":"https:\/\/www.europesays.com\/pl\/wp-json\/wp\/v2\/posts"}],"about":[{"href":"https:\/\/www.europesays.com\/pl\/wp-json\/wp\/v2\/types\/post"}],"author":[{"embeddable":true,"href":"https:\/\/www.europesays.com\/pl\/wp-json\/wp\/v2\/users\/2"}],"replies":[{"embeddable":true,"href":"https:\/\/www.europesays.com\/pl\/wp-json\/wp\/v2\/comments?post=103319"}],"version-history":[{"count":0,"href":"https:\/\/www.europesays.com\/pl\/wp-json\/wp\/v2\/posts\/103319\/revisions"}],"wp:featuredmedia":[{"embeddable":true,"href":"https:\/\/www.europesays.com\/pl\/wp-json\/wp\/v2\/media\/103320"}],"wp:attachment":[{"href":"https:\/\/www.europesays.com\/pl\/wp-json\/wp\/v2\/media?parent=103319"}],"wp:term":[{"taxonomy":"category","embeddable":true,"href":"https:\/\/www.europesays.com\/pl\/wp-json\/wp\/v2\/categories?post=103319"},{"taxonomy":"post_tag","embeddable":true,"href":"https:\/\/www.europesays.com\/pl\/wp-json\/wp\/v2\/tags?post=103319"}],"curies":[{"name":"wp","href":"https:\/\/api.w.org\/{rel}","templated":true}]}}