{"id":103321,"date":"2025-11-15T21:39:12","date_gmt":"2025-11-15T21:39:12","guid":{"rendered":"https:\/\/www.europesays.com\/pl\/103321\/"},"modified":"2025-11-15T21:39:12","modified_gmt":"2025-11-15T21:39:12","slug":"dwa-telefony-i-jeden-snapdragon-oto-na-co-warto-czekac","status":"publish","type":"post","link":"https:\/\/www.europesays.com\/pl\/103321\/","title":{"rendered":"Dwa telefony i jeden Snapdragon \u2013 oto, na co warto czeka\u0107"},"content":{"rendered":"<p class=\"lead\">Oto telefony, kt\u00f3re trafi\u0105 na globalny rynek w oparciu o uk\u0142ad Snapdragon. Mo\u017cemy spodziewa\u0107 si\u0119 smartfon\u00f3w z segmentu \u015bredniej p\u00f3\u0142ki premium. Je\u015bli szukasz telefonu, kt\u00f3ry poradzi sobie z bardziej wymagaj\u0105cymi zadaniami, mam dla Ciebie \u015bwietne wie\u015bci.<\/p>\n<p>Snapdragon jest ikon\u0105 procesor\u00f3w o wysokiej wydajno\u015bci, a telefony z nim wyposa\u017cone zaskocz\u0105 Ci\u0119 nie tylko moc\u0105 obliczeniow\u0105. Oba modele oferuj\u0105 przyzwoit\u0105 specyfikacj\u0119 \u2013 od procesora po aparaty. Co wiadomo o nadchodz\u0105cych smartfonach?<\/p>\n<p>Dwa telefony i jeden Snapdragon 7 Gen 4<\/p>\n<p>Oba telefony maj\u0105 by\u0107 wyposa\u017cone w uk\u0142ad Snapdragon 7 Gen 4. To procesor, kt\u00f3rego wyniki m\u00f3wi\u0105 same za siebie \u2013 w testach AnTuTu osi\u0105ga oko\u0142o 1 077 092 punkt\u00f3w, co plasuje go w segmencie \u015bredniej p\u00f3\u0142ki premium. W por\u00f3wnaniu do poprzednika mo\u017cemy spodziewa\u0107 si\u0119 wzrostu wydajno\u015bci o 33%.<\/p>\n<p><img decoding=\"async\" aria-describedby=\"caption-attachment-1512444\" loading=\"lazy\" class=\"size-medium wp-image-1512444\" src=\"https:\/\/www.europesays.com\/pl\/wp-content\/uploads\/2025\/11\/Screenshot-2024-08-21-120959-medium.png\" alt=\"Snapdragon 7s Gen 3\" width=\"500\" height=\"285\"   itemprop=\"image\" \/><\/p>\n<p id=\"caption-attachment-1512444\" class=\"wp-caption-text\">Snapdragon 7s Gen 3 . fot. producenta<\/p>\n<p>Przewiduje si\u0119, \u017ce uk\u0142ad ten znajdzie si\u0119 w modelach Vivo V70 oraz <a href=\"https:\/\/www.gsmmaniak.pl\/1613075\/oppo-reno-15-pelna-specyfikacja-przed-premiera\/\" rel=\"nofollow noopener\" target=\"_blank\">Oppo Reno 15.<\/a> Co ciekawe, procesor nie jest jedyn\u0105 dobr\u0105 wiadomo\u015bci\u0105. W przypadku Oppo Reno 15 mo\u017cemy liczy\u0107 na imponuj\u0105c\u0105 konfiguracj\u0119 pami\u0119ci \u2013 12 lub 16 GB RAM oraz 1 TB pami\u0119ci wewn\u0119trznej.<\/p>\n<p>Je\u015bli chodzi o Vivo V70, jego podstawowa wersja b\u0119dzie mia\u0142a 8 GB RAM. Mo\u017ce to mie\u0107 wp\u0142yw na cen\u0119, ale r\u00f3wnie\u017c pozwoli zaoferowa\u0107 bardziej przyst\u0119pn\u0105 wersj\u0119 urz\u0105dzenia.<\/p>\n<p>Warto r\u00f3wnie\u017c wspomnie\u0107 o bateriach \u2013 oba telefony b\u0119d\u0105 mia\u0142y ogniwa o pojemno\u015bci powy\u017cej 5000 mAh, co jest godne uwagi nawet w\u015br\u00f3d flagowc\u00f3w. Vivo V70 b\u0119dzie wyposa\u017cony w akumulator 7200 mAh, natomiast Oppo Reno 15 \u2013 6200 mAh. W tym przypadku wi\u0119ksz\u0105 pojemno\u015bci\u0105 wyr\u00f3\u017cnia si\u0119 Vivo.<\/p>\n<p>Dobre aparaty i dost\u0119pno\u015b\u0107 w Polsce<\/p>\n<p>Mo\u017cemy spodziewa\u0107 si\u0119, \u017ce oba telefony b\u0119d\u0105 wyposa\u017cone w trzy aparaty. Zacznijmy od Oppo Reno 15 \u2013 jego aparat g\u0142\u00f3wny b\u0119dzie mia\u0142 rozdzielczo\u015b\u0107 200 MP, ultraszerokok\u0105tny 50 MP oraz teleobiektyw 50 MP. Z przodu znajdziemy aparat o rozdzielczo\u015bci 50 MP.<\/p>\n<p><img decoding=\"async\" aria-describedby=\"caption-attachment-1551543\" loading=\"lazy\" class=\"size-medium wp-image-1551543\" src=\"https:\/\/www.europesays.com\/pl\/wp-content\/uploads\/2025\/11\/Screenshot-2025-02-13-100017-medium.png\" alt=\"Snapdragon 6 Gen 4\" width=\"500\" height=\"286\"   \/><\/p>\n<p id=\"caption-attachment-1551543\" class=\"wp-caption-text\">Snapdragon 6 Gen 4 \/ fot. producenta<\/p>\n<p>W przypadku Vivo V70 zestaw aparat\u00f3w b\u0119dzie nieco skromniejszy: g\u0142\u00f3wny 50 MP, teleobiektyw 50 MP oraz ultraszerokok\u0105tny 8 MP. Aparat przedni b\u0119dzie taki sam jak w Oppo \u2013 50 MP.<\/p>\n<p>Najwa\u017cniejsz\u0105 informacj\u0105 jest to, \u017ce oba modele maj\u0105 trafi\u0107 do sprzeda\u017cy w Polsce. Wszystko wskazuje jednak na to, \u017ce b\u0119dziemy musieli poczeka\u0107 do pierwszej po\u0142owy 2026 roku. Warto doda\u0107, \u017ce w Chinach telefony pozostan\u0105 przy uk\u0142adzie MediaTek Dimensity 8450.<\/p>\n<p>\u0179r\u00f3d\u0142o: @ZionsAnvin via <a href=\"https:\/\/x.com\/ZionsAnvin\/status\/1988885830618771946\" rel=\"nofollow\">x.com<\/a>, opracowanie w\u0142asne<\/p>\n","protected":false},"excerpt":{"rendered":"Oto telefony, kt\u00f3re trafi\u0105 na globalny rynek w oparciu o uk\u0142ad Snapdragon. Mo\u017cemy spodziewa\u0107 si\u0119 smartfon\u00f3w z segmentu&hellip;\n","protected":false},"author":2,"featured_media":103322,"comment_status":"","ping_status":"","sticky":false,"template":"","format":"standard","meta":{"footnotes":""},"categories":[20],"tags":[120,118,119,42,38,40,39,41,116,114,115,121,117],"class_list":{"0":"post-103321","1":"post","2":"type-post","3":"status-publish","4":"format-standard","5":"has-post-thumbnail","7":"category-nauka-i-technika","8":"tag-nauka","9":"tag-nauka-i-technika","10":"tag-naukatechnika","11":"tag-pl","12":"tag-poland","13":"tag-polish","14":"tag-polska","15":"tag-polski","16":"tag-science","17":"tag-science-and-technology","18":"tag-sciencetechnology","19":"tag-technika","20":"tag-technology"},"share_on_mastodon":{"url":"https:\/\/pubeurope.com\/@pl\/115555884504784246","error":""},"_links":{"self":[{"href":"https:\/\/www.europesays.com\/pl\/wp-json\/wp\/v2\/posts\/103321","targetHints":{"allow":["GET"]}}],"collection":[{"href":"https:\/\/www.europesays.com\/pl\/wp-json\/wp\/v2\/posts"}],"about":[{"href":"https:\/\/www.europesays.com\/pl\/wp-json\/wp\/v2\/types\/post"}],"author":[{"embeddable":true,"href":"https:\/\/www.europesays.com\/pl\/wp-json\/wp\/v2\/users\/2"}],"replies":[{"embeddable":true,"href":"https:\/\/www.europesays.com\/pl\/wp-json\/wp\/v2\/comments?post=103321"}],"version-history":[{"count":0,"href":"https:\/\/www.europesays.com\/pl\/wp-json\/wp\/v2\/posts\/103321\/revisions"}],"wp:featuredmedia":[{"embeddable":true,"href":"https:\/\/www.europesays.com\/pl\/wp-json\/wp\/v2\/media\/103322"}],"wp:attachment":[{"href":"https:\/\/www.europesays.com\/pl\/wp-json\/wp\/v2\/media?parent=103321"}],"wp:term":[{"taxonomy":"category","embeddable":true,"href":"https:\/\/www.europesays.com\/pl\/wp-json\/wp\/v2\/categories?post=103321"},{"taxonomy":"post_tag","embeddable":true,"href":"https:\/\/www.europesays.com\/pl\/wp-json\/wp\/v2\/tags?post=103321"}],"curies":[{"name":"wp","href":"https:\/\/api.w.org\/{rel}","templated":true}]}}