{"id":103325,"date":"2025-11-15T21:42:10","date_gmt":"2025-11-15T21:42:10","guid":{"rendered":"https:\/\/www.europesays.com\/pl\/103325\/"},"modified":"2025-11-15T21:42:10","modified_gmt":"2025-11-15T21:42:10","slug":"zmiany-we-wladzach-psl-kosiniak-kamysz-pozostaje-prezesem-porazka-pawlaka","status":"publish","type":"post","link":"https:\/\/www.europesays.com\/pl\/103325\/","title":{"rendered":"Zmiany we w\u0142adzach PSL. Kosiniak-Kamysz pozostaje prezesem, pora\u017cka Pawlaka"},"content":{"rendered":"\n<p>&#13;<br \/>\nNa prezesa PSL zosta\u0142 ponownie wybrany dotychczasowy prezes W\u0142adys\u0142aw Kosiniak-Kamysz. Po\u00a0tym g\u0142osowaniu, delegaci wybrali nowego szefa Rady Naczelnej. W\u00a0g\u0142osowaniu wzi\u0119\u0142o udzia\u0142 876 os\u00f3b. Na\u00a0wicemarsza\u0142ka Sejmu Piotra Zgorzelskiego g\u0142os odda\u0142o 678 delegat\u00f3w, a\u00a0na dotychczasowego przewodnicz\u0105cego Waldemara Pawlaka \u2013\u00a0198. &#13;\n<\/p>\n<p>&#13;<br \/>\nWed\u0142ug statutu PSL rada jest najwy\u017csz\u0105 w\u0142adz\u0105 ugrupowania pomi\u0119dzy kongresami. Kluczowa to\u00a0odwo\u0142ywanie i\u00a0powo\u0142ywanie prezesa stronnictwa. &#13;\n<\/p>\n<p>&#13;<br \/>\n&#8222;W\u0142adys\u0142aw Kosiniak-Kamysz z\u00a0cz\u0142onkami rady musi si\u0119 wi\u0119c liczy\u0107, cho\u0107 oczywi\u015bcie ka\u017cdy szef PSL mocno oddzia\u0142uje na\u00a0jej sk\u0142ad. Od\u00a0czterech lat szefem tego cia\u0142a by\u0142 Waldemar Pawlak, by\u0142y premier i\u00a0wicepremier. W\u00a02021\u00a0r. wygra\u0142 rywalizacj\u0119 o\u00a0t\u0119 funkcj\u0119 z\u00a0Dariuszem Klimczakiem, kt\u00f3rego pokona\u0142 w\u00a0drugiej turze g\u0142osowania. W\u00f3wczas w\u00a0pierwszej torze odpad\u0142 m.in. wicemarsza\u0142ek Sejmu Piotr Zgorzelski. Jego pora\u017cka by\u0142a niespodziank\u0105, bo\u00a0to zaufany cz\u0142owiek Kosiniaka-Kamysza. Wydawa\u0142o si\u0119, \u017ce\u00a0ma ogromne szanse pokona\u0107 Pawlaka, z\u00a0kt\u00f3rym wcze\u015bniej wygra\u0142 na\u00a0mazowieckim kongresie partii&#8221; \u2013\u00a0opisuje Onet,  &#13;\n<\/p>\n<p>&#13;<br \/>\nPiotr Zgorzelski by\u0142 faworytem sobotnich wybor\u00f3w na\u00a0przewodnicz\u0105cego Rady Naczelnej, poniewa\u017c przeprowadzi\u0142 bardzo intensywn\u0105 kampani\u0119 w\u00a0ca\u0142ym kraju.  &#13;\n<\/p>\n<p>Kongres PSL. Kosiniak-Kamysz: Idziemy samodzielnie do\u00a0wybor\u00f3w<\/p>\n<p>&#13;<br \/>\nPodczas swojego wyst\u0105pienia, premier m\u00f3wi\u0142 o\u00a0roli, jak\u0105 PSL odgrywa w\u00a0rz\u0105dzie. \u2013\u00a0To\u00a0PSL zadecydowa\u0142o o\u00a0takim, a\u00a0nie innym kszta\u0142cie obecnego rz\u0105du; nie\u00a0ma\u00a0dzisiaj si\u0142y Polski bez ludzi Polskiego Stronnictwa Ludowego To\u00a0my\u00a0jeste\u015bmy ci, kt\u00f3rzy zdecydowali o\u00a0takim, a\u00a0nie innym kszta\u0142cie obecnego rz\u0105du, bo\u00a0to na\u00a0nas g\u0142osy i\u00a0<a href=\"https:\/\/dorzeczy.pl\/sondaz\/806337\/wspolna-lista-koalicji-rzadzacej-sondaz-nie-zostawia-zludzen.html\" title=\"Wsp\u00f3lna lista koalicji rz\u0105dz\u0105cej? Sonda\u017c nie\u00a0zostawia z\u0142udze\u0144\" rel=\"nofollow noopener\" target=\"_blank\">nasza strategia koalicji Trzeciej Drogi<\/a> okaza\u0142a si\u0119 fundamentalna dla\u00a0pozyskania wyborc\u00f3w, kt\u00f3rzy odeszli od\u00a0PiS-u, ale\u00a0nie chcieli g\u0142osowa\u0107 na\u00a0Platform\u0119. Wybrali nas \u2013\u00a0wskaza\u0142. &#13;\n<\/p>\n<p>&#13;<br \/>\nZapowiedzia\u0142, \u017ce\u00a0szykuje si\u0119 &#8222;do\u00a0startu w\u00a0kolejnych wyborach jako Polskie Stronnictwo Ludowe, jako PSL&#8221;. \u2013\u00a0Ju\u017c dzisiaj rozpoczyna si\u0119 festiwal, kt\u00f3ry b\u0119dzie m\u00f3wi\u0142 &#8222;inaczej jak na\u00a0jednej wielkiej wsp\u00f3lnej li\u015bcie was nie\u00a0b\u0119dzie&#8221;. Nie\u00a0boimy si\u0119 tego, wytrwali\u015bmy, przerabiali\u015bmy ju\u017c to. Dajcie replay i\u00a0przewi\u0144my ta\u015bm\u0119. B\u0119dziemy sob\u0105, b\u0119dziemy szuka\u0107 przyjaci\u00f3\u0142, bo\u00a0i\u015b\u0107 samodzielnie nie\u00a0znaczy i\u015b\u0107 samotnie. B\u0119dziemy zaprasza\u0107 na\u00a0nasze listy tych, z\u00a0kt\u00f3rymi jeste\u015bmy od\u00a0lat \u2013\u00a0og\u0142osi\u0142. &#13;<\/p>\n","protected":false},"excerpt":{"rendered":"&#13; Na prezesa PSL zosta\u0142 ponownie wybrany dotychczasowy prezes W\u0142adys\u0142aw Kosiniak-Kamysz. Po\u00a0tym g\u0142osowaniu, delegaci wybrali nowego szefa Rady&hellip;\n","protected":false},"author":2,"featured_media":103326,"comment_status":"","ping_status":"","sticky":false,"template":"","format":"standard","meta":{"footnotes":""},"categories":[12],"tags":[32,33,98,36,37,27,1238,49,34,35,28,31,25,21673,42,38,40,39,41,4678,29,30,26,12296],"class_list":{"0":"post-103325","1":"post","2":"type-post","3":"status-publish","4":"format-standard","5":"has-post-thumbnail","7":"category-polska","8":"tag-breaking-news","9":"tag-breakingnews","10":"tag-dorzeczy","11":"tag-featured-news","12":"tag-featurednews","13":"tag-headlines","14":"tag-kosiniak-kamysz","15":"tag-kraj","16":"tag-latest-news","17":"tag-latestnews","18":"tag-naglowki","19":"tag-najwazniejsze-artykuly","20":"tag-news","21":"tag-pawlak","22":"tag-pl","23":"tag-poland","24":"tag-polish","25":"tag-polska","26":"tag-polski","27":"tag-psl","28":"tag-top-stories","29":"tag-topstories","30":"tag-wiadomosci","31":"tag-zgorzelski"},"share_on_mastodon":{"url":"https:\/\/pubeurope.com\/@pl\/115555896123870880","error":""},"_links":{"self":[{"href":"https:\/\/www.europesays.com\/pl\/wp-json\/wp\/v2\/posts\/103325","targetHints":{"allow":["GET"]}}],"collection":[{"href":"https:\/\/www.europesays.com\/pl\/wp-json\/wp\/v2\/posts"}],"about":[{"href":"https:\/\/www.europesays.com\/pl\/wp-json\/wp\/v2\/types\/post"}],"author":[{"embeddable":true,"href":"https:\/\/www.europesays.com\/pl\/wp-json\/wp\/v2\/users\/2"}],"replies":[{"embeddable":true,"href":"https:\/\/www.europesays.com\/pl\/wp-json\/wp\/v2\/comments?post=103325"}],"version-history":[{"count":0,"href":"https:\/\/www.europesays.com\/pl\/wp-json\/wp\/v2\/posts\/103325\/revisions"}],"wp:featuredmedia":[{"embeddable":true,"href":"https:\/\/www.europesays.com\/pl\/wp-json\/wp\/v2\/media\/103326"}],"wp:attachment":[{"href":"https:\/\/www.europesays.com\/pl\/wp-json\/wp\/v2\/media?parent=103325"}],"wp:term":[{"taxonomy":"category","embeddable":true,"href":"https:\/\/www.europesays.com\/pl\/wp-json\/wp\/v2\/categories?post=103325"},{"taxonomy":"post_tag","embeddable":true,"href":"https:\/\/www.europesays.com\/pl\/wp-json\/wp\/v2\/tags?post=103325"}],"curies":[{"name":"wp","href":"https:\/\/api.w.org\/{rel}","templated":true}]}}