{"id":103351,"date":"2025-11-15T22:02:09","date_gmt":"2025-11-15T22:02:09","guid":{"rendered":"https:\/\/www.europesays.com\/pl\/103351\/"},"modified":"2025-11-15T22:02:09","modified_gmt":"2025-11-15T22:02:09","slug":"zjedli-lokalny-przysmak-w-stambule-nie-zyje-matka-i-dwoje-dzieci-swiat","status":"publish","type":"post","link":"https:\/\/www.europesays.com\/pl\/103351\/","title":{"rendered":"Zjedli lokalny przysmak w Stambule. Nie \u017cyje matka i dwoje dzieci &#8211; \u015awiat"},"content":{"rendered":"<p>Problemy zacz\u0119\u0142y si\u0119 po jedzeniu ze stoiska<\/p>\n<p>Niemieccy tury\u015bci pochodzenia tureckiego przebywali w jednym z hoteli w Stambule.\u00a0We wtorek w dzielnicy Ortakoy zjedli sprzedawane na ulicy ma\u0142\u017ce, a nast\u0119pnie kokorec &#8211; czyli przyprawione, grillowane podroby jagni\u0119ce podawane w chlebie.<\/p>\n<p>Kiedy wr\u00f3cili do hotelu, zacz\u0119li odczuwa\u0107 niepokoj\u0105ce dolegliwo\u015bci &#8211; wymioty i md\u0142o\u015bci. Otrzymali wst\u0119pn\u0105 pomoc medyczn\u0105, jednak w czwartek stan dzieci uleg\u0142 znacznemu pogorszeniu. Zmar\u0142y w drodze do szpitala. Ich matka zmar\u0142a nast\u0119pnego dnia.\u00a0<\/p>\n<p>Kolejne osoby z objawami<\/p>\n<p>Ojciec pozostaje na oddziale intensywnej terapii. Obecnie lekarze czekaj\u0105 na wyniki bada\u0144, kt\u00f3re maj\u0105 wyja\u015bni\u0107 przyczyn\u0119 \u015bmierci kobiety i dw\u00f3jki dzieci. W\u0142adze podj\u0119\u0142y ju\u017c jednak dzia\u0142ania, poprzez zamkni\u0119cie restauracji i kontrole lokalnych stoisk z jedzeniem.\u00a0<\/p>\n<p>W pi\u0105tek dokonano aresztowania czterech os\u00f3b, podejrzewanych o zab\u00f3jstwo &#8211; przekaza\u0142a agencja\u00a0Anadolu.\u00a0Wszyscy byli wcze\u015bniej karani za inne przest\u0119pstwa &#8211; dodano. Na tym jednak nie koniec, poniewa\u017c &#8211; jak informuje dziennik &#8222;Cumhuriyet&#8221;, kolejni tury\u015bci z W\u0142och i Maroka do\u015bwiadczyli problem\u00f3w po spo\u017cyciu lokalnego jedzenia.\u00a0<\/p>\n<p>Czytaj tak\u017ce:<\/p>\n<p>\u0179r\u00f3d\u0142o: PAP\/egz<\/p>\n","protected":false},"excerpt":{"rendered":"Problemy zacz\u0119\u0142y si\u0119 po jedzeniu ze stoiska Niemieccy tury\u015bci pochodzenia tureckiego przebywali w jednym z hoteli w Stambule.\u00a0We&hellip;\n","protected":false},"author":2,"featured_media":103352,"comment_status":"","ping_status":"","sticky":false,"template":"","format":"standard","meta":{"footnotes":""},"categories":[14],"tags":[32,33,27,34,35,28,31,25,40,41,80,29,30,26,82,83,84],"class_list":{"0":"post-103351","1":"post","2":"type-post","3":"status-publish","4":"format-standard","5":"has-post-thumbnail","7":"category-swiat","8":"tag-breaking-news","9":"tag-breakingnews","10":"tag-headlines","11":"tag-latest-news","12":"tag-latestnews","13":"tag-naglowki","14":"tag-najwazniejsze-artykuly","15":"tag-news","16":"tag-polish","17":"tag-polski","18":"tag-swiat","19":"tag-top-stories","20":"tag-topstories","21":"tag-wiadomosci","22":"tag-world","23":"tag-world-news","24":"tag-worldnews"},"share_on_mastodon":{"url":"https:\/\/pubeurope.com\/@pl\/115555974755738780","error":""},"_links":{"self":[{"href":"https:\/\/www.europesays.com\/pl\/wp-json\/wp\/v2\/posts\/103351","targetHints":{"allow":["GET"]}}],"collection":[{"href":"https:\/\/www.europesays.com\/pl\/wp-json\/wp\/v2\/posts"}],"about":[{"href":"https:\/\/www.europesays.com\/pl\/wp-json\/wp\/v2\/types\/post"}],"author":[{"embeddable":true,"href":"https:\/\/www.europesays.com\/pl\/wp-json\/wp\/v2\/users\/2"}],"replies":[{"embeddable":true,"href":"https:\/\/www.europesays.com\/pl\/wp-json\/wp\/v2\/comments?post=103351"}],"version-history":[{"count":0,"href":"https:\/\/www.europesays.com\/pl\/wp-json\/wp\/v2\/posts\/103351\/revisions"}],"wp:featuredmedia":[{"embeddable":true,"href":"https:\/\/www.europesays.com\/pl\/wp-json\/wp\/v2\/media\/103352"}],"wp:attachment":[{"href":"https:\/\/www.europesays.com\/pl\/wp-json\/wp\/v2\/media?parent=103351"}],"wp:term":[{"taxonomy":"category","embeddable":true,"href":"https:\/\/www.europesays.com\/pl\/wp-json\/wp\/v2\/categories?post=103351"},{"taxonomy":"post_tag","embeddable":true,"href":"https:\/\/www.europesays.com\/pl\/wp-json\/wp\/v2\/tags?post=103351"}],"curies":[{"name":"wp","href":"https:\/\/api.w.org\/{rel}","templated":true}]}}