{"id":103355,"date":"2025-11-15T22:04:08","date_gmt":"2025-11-15T22:04:08","guid":{"rendered":"https:\/\/www.europesays.com\/pl\/103355\/"},"modified":"2025-11-15T22:04:08","modified_gmt":"2025-11-15T22:04:08","slug":"produkcja-tanca-z-gwiazdami-przygotowuje-sie-na-wszystko-chodzi-o-agnieszke-kaczorowska-i-marcina-rogacewicza","status":"publish","type":"post","link":"https:\/\/www.europesays.com\/pl\/103355\/","title":{"rendered":"Produkcja 'Ta\u0144ca z gwiazdami&#8217; przygotowuje si\u0119 na wszystko. Chodzi o Agnieszk\u0119 Kaczorowsk\u0105 i Marcina Rogacewicza"},"content":{"rendered":"<p class=\"art_paragraph\"><a href=\"https:\/\/www.plotek.pl\/agnieszka-kaczorowska\" class=\"art_link\" rel=\"nofollow noopener\" target=\"_blank\">Agnieszka Kaczorowska<\/a> i <a href=\"https:\/\/www.plotek.pl\/marcin-rogacewicz\" class=\"art_link\" rel=\"nofollow noopener\" target=\"_blank\">Marcin Rogacewicz<\/a> przez wielu stawiani byli w roli murowanych faworyt\u00f3w do fina\u0142u najnowszej edycji &#8222;<a href=\"https:\/\/www.plotek.pl\/taniec-z-gwiazdami\" class=\"art_link\" rel=\"nofollow noopener\" target=\"_blank\">Ta\u0144ca z gwiazdami<\/a>&#8222;. Wielu z pewno\u015bci\u0105 si\u0119 zdziwi\u0142o, gdy duet odpad\u0142 z programu tu\u017c przed \u0107wier\u0107fina\u0142em. Tancerka gorzko podsumowa\u0142a werdykt widz\u00f3w, zwracaj\u0105c si\u0119 do ukochanego w kontrowersyjnych s\u0142owach. &#8211; Ta\u0144czysz lepiej ni\u017c niejedna osoba tutaj, z czego jestem bardzo dumna.\u00a0(&#8230;) Przy tym poziomie rywalizacji, kt\u00f3ry panuje w tej edycji, bardzo si\u0119 ciesz\u0119, \u017ce ju\u017c mo\u017cemy sobie ta\u0144czy\u0107 tylko dla siebie &#8211; stwierdzi\u0142a. Wiadomo, \u017ce kontakt wymusza na parze powr\u00f3t w finale programu. Produkcja ju\u017c przygotowuje si\u0119 na ka\u017cd\u0105 mo\u017cliwo\u015b\u0107.\u00a0<\/p>\n<p>\n    Zobacz wideo Pavlovi\u0107 podsumowa\u0142a Kaczorowsk\u0105 i Rogacewicza. &#8222;Basia ta\u0144czy\u0142a najs\u0142abiej&#8221;\n  <\/p>\n<p> Agnieszka Kaczorowska i Marcin Rogacewicz maj\u0105 w nosie &#8222;Taniec z gwiazdami&#8221;? Produkcja ma pewne obawy\u00a0<\/p>\n<p class=\"art_paragraph\">Agnieszka Kaczorowska i Marcin Rogacewicz powr\u00f3c\u0105 do &#8222;Ta\u0144ca z gwiazdami&#8221;, ale wielu dziwi si\u0119, \u017ce para nie trenuje wraz z pozosta\u0142ymi. Szokuj\u0105ce by\u0142o, gdy aktor opublikowa\u0142 mocny wpis, oskar\u017caj\u0105c uczestnik\u00f3w o hejt. &#8222;Jeste\u015bcie \u015bwiadkami nieprawdopodobnego &#8211; jawnego ju\u017c hejtu z imienia i nazwiska przeciwko nam, hejtu w\u015br\u00f3d uczestnik\u00f3w i tancerzy tej 'wyj\u0105tkowej, jubileuszowej&#8217; edycji. (&#8230;) Brakuje mi s\u0142\u00f3w, by opisa\u0107 uczucie, kt\u00f3rego do\u015bwiadczy\u0142em, widz\u0105c, co robi\u0105 'kole\u017canki i koledzy'&#8221; &#8211; pisa\u0142 z rozgoryczeniem. Okazuje si\u0119, \u017ce duet nie ma zamiaru podporz\u0105dkowa\u0107 si\u0119 produkcji show.\u00a0<\/p>\n<p class=\"art_paragraph\">Jak informuje portal Pudelek, Kaczorowska i Rogacewicz nie s\u0142uchali si\u0119 re\u017cysera i nie maj\u0105 zamiaru integrowa\u0107 si\u0119 z grup\u0105. &#8222;Marcin i Aga nie pozuj\u0105 do wsp\u00f3lnych zdj\u0119\u0107, nie integruj\u0105 si\u0119 z grup\u0105, nie chc\u0105 nagrywa\u0107 wsp\u00f3lnych setek, nie s\u0142uchaj\u0105 uwag re\u017cysera, s\u0105 w swoim \u015bwiecie &#8211; tylko we dwoje&#8221; &#8211; przekaza\u0142 pracownik Polsatu. &#8222;Produkcja spodziewa si\u0119 po nich wszystkiego podczas jutrzejszego odcinka na \u017cywo, ale na wszystko jest przygotowana&#8221; &#8211; dodaje.\u00a0<\/p>\n<p> Agnieszka Kaczorowska i Marcin Rogacewicz przem\u00f3wili dzie\u0144 przed fina\u0142em &#8222;Ta\u0144ca z gwiazdami&#8221;. O programie nie powiedzieli ani s\u0142owa<\/p>\n<p class=\"art_paragraph\">Cho\u0107 wszyscy oczekuj\u0105 na powr\u00f3t pary do &#8222;Ta\u0144ca z gwiazdami&#8221;, oni nie maj\u0105 zamiaru komentowa\u0107 tej sprawy. 15 listopada podzielili si\u0119 kolejnymi, radosnymi wie\u015bciami dotycz\u0105cymi spektaklu, o kt\u00f3rym poinformowali na pocz\u0105tku miesi\u0105ca. Okazuje si\u0119, \u017ce mog\u0105 ju\u017c m\u00f3wi\u0107 o sukcesie. &#8211; Nasz spektakl pt. &#8222;Siedem&#8221; sprzedaje si\u0119 jak \u015bwie\u017ce bu\u0142eczki &#8211; przekazali. Wymienili,\u00a0w jakich miastach b\u0119dzie mo\u017cna zobaczy\u0107 ich na scenie. Zapowiedzieli, \u017ce ju\u017c w kolejnym tygodniu zdradz\u0105 wi\u0119cej szczeg\u00f3\u0142\u00f3w. &#8211; B\u0119dziemy uchyla\u0107 r\u0105bki tajemnicy &#8211;\u00a0wyzna\u0142a Kaczorowska.<\/p>\n","protected":false},"excerpt":{"rendered":"Agnieszka Kaczorowska i Marcin Rogacewicz przez wielu stawiani byli w roli murowanych faworyt\u00f3w do fina\u0142u najnowszej edycji &#8222;Ta\u0144ca&hellip;\n","protected":false},"author":2,"featured_media":103356,"comment_status":"","ping_status":"","sticky":false,"template":"","format":"standard","meta":{"footnotes":""},"categories":[5],"tags":[32,33,36,37,27,34,35,28,31,25,42,38,40,39,41,29,30,26],"class_list":{"0":"post-103355","1":"post","2":"type-post","3":"status-publish","4":"format-standard","5":"has-post-thumbnail","7":"category-naglowki","8":"tag-breaking-news","9":"tag-breakingnews","10":"tag-featured-news","11":"tag-featurednews","12":"tag-headlines","13":"tag-latest-news","14":"tag-latestnews","15":"tag-naglowki","16":"tag-najwazniejsze-artykuly","17":"tag-news","18":"tag-pl","19":"tag-poland","20":"tag-polish","21":"tag-polska","22":"tag-polski","23":"tag-top-stories","24":"tag-topstories","25":"tag-wiadomosci"},"share_on_mastodon":{"url":"https:\/\/pubeurope.com\/@pl\/115555982475781095","error":""},"_links":{"self":[{"href":"https:\/\/www.europesays.com\/pl\/wp-json\/wp\/v2\/posts\/103355","targetHints":{"allow":["GET"]}}],"collection":[{"href":"https:\/\/www.europesays.com\/pl\/wp-json\/wp\/v2\/posts"}],"about":[{"href":"https:\/\/www.europesays.com\/pl\/wp-json\/wp\/v2\/types\/post"}],"author":[{"embeddable":true,"href":"https:\/\/www.europesays.com\/pl\/wp-json\/wp\/v2\/users\/2"}],"replies":[{"embeddable":true,"href":"https:\/\/www.europesays.com\/pl\/wp-json\/wp\/v2\/comments?post=103355"}],"version-history":[{"count":0,"href":"https:\/\/www.europesays.com\/pl\/wp-json\/wp\/v2\/posts\/103355\/revisions"}],"wp:featuredmedia":[{"embeddable":true,"href":"https:\/\/www.europesays.com\/pl\/wp-json\/wp\/v2\/media\/103356"}],"wp:attachment":[{"href":"https:\/\/www.europesays.com\/pl\/wp-json\/wp\/v2\/media?parent=103355"}],"wp:term":[{"taxonomy":"category","embeddable":true,"href":"https:\/\/www.europesays.com\/pl\/wp-json\/wp\/v2\/categories?post=103355"},{"taxonomy":"post_tag","embeddable":true,"href":"https:\/\/www.europesays.com\/pl\/wp-json\/wp\/v2\/tags?post=103355"}],"curies":[{"name":"wp","href":"https:\/\/api.w.org\/{rel}","templated":true}]}}