{"id":103415,"date":"2025-11-15T22:44:13","date_gmt":"2025-11-15T22:44:13","guid":{"rendered":"https:\/\/www.europesays.com\/pl\/103415\/"},"modified":"2025-11-15T22:44:13","modified_gmt":"2025-11-15T22:44:13","slug":"czy-kawa-szkodzi-sercu-nowe-badanie-pokazuje-zaskakujace-wyniki","status":"publish","type":"post","link":"https:\/\/www.europesays.com\/pl\/103415\/","title":{"rendered":"Czy kawa szkodzi sercu? Nowe badanie pokazuje zaskakuj\u0105ce wyniki"},"content":{"rendered":"<ol style=\"counter-reset:list-counter\" class=\"typography ids-typeset-body ids-typeset-body--preset-large list ids-list ids-list--ordered ids-list--size-large ids-list--marker-decimalLeadingZero \">\n<li class=\"ids-list-item\">\n<p>&#8222;Kawa nie sprzyja zdrowiu serca&#8221;<\/p>\n<\/li>\n<li class=\"ids-list-item\">\n<p>Prze\u0142omowe wyniki bada\u0144?<\/p>\n<\/li>\n<li class=\"ids-list-item\">\n<p>Kawa nie taka straszna, jak j\u0105 oceniali\u015bmy<\/p>\n<\/li>\n<\/ol>\n<p>&#8222;Kawa nie sprzyja zdrowiu serca&#8221;<\/p>\n<p class=\"typography ids-typeset-body ids-typeset-body--preset-large link paragraph ids-paragraph ids-paragraph--default\">Picie kawy to dla jednych codzienny rytua\u0142, dla innych &#8211; zagro\u017cenie, kt\u00f3re rzekomo &#8222;obci\u0105\u017ca serce&#8221;. Ile razy s\u0142yszeli\u015bmy, \u017ce kofeina podnosi ci\u015bnienie, przyspiesza t\u0119tno i lepiej jej unika\u0107, zw\u0142aszcza je\u015bli ma si\u0119 problemy z rytmem serca? Naukowcy postanowili sprawdzi\u0107 to twierdzenie i przyjrze\u0107 si\u0119 dok\u0142adniej, jaki wp\u0142yw ma kofeina na serca os\u00f3b z utrwalonym migotaniem przedsionk\u00f3w lub trzepotaniem przedsionk\u00f3w w wywiadzie, kt\u00f3rzy byli przygotowywani do kardiowersji elektrycznej (czyli przywr\u00f3cenia prawid\u0142owego rytmu serca).<\/p>\n<p>Prze\u0142omowe wyniki bada\u0144?<\/p>\n<p class=\"typography ids-typeset-body ids-typeset-body--preset-large link paragraph ids-paragraph ids-paragraph--default\">W badaniu, opublikowanym 9 listopada br. w presti\u017cowym czasopi\u015bmie JAMA, wydawanym przez Ameryka\u0144skie Towarzystwo Medyczne, cz\u0119\u015bci ochotnik\u00f3w z zaburzeniami rytmu serca kazano ca\u0142kowicie odstawi\u0107 kaw\u0119, innym za\u015b pozwolono nadal j\u0105 pi\u0107. Przez p\u00f3\u0142 roku badacze obserwowali, jak reaguje ich serce. Wyniki mocno zaskoczy\u0142y zar\u00f3wno uczestnik\u00f3w, jak i lekarzy, kt\u00f3rzy od lat powtarzali: &#8222;Kawa? Lepiej nie, bo szkodzi zdrowiu\/podnosi ci\u015bnienie\/powoduje bezsenno\u015b\u0107\/obci\u0105\u017ca serce&#8221;. Wygl\u0105da na to, \u017ce wi\u0119kszo\u015b\u0107 tych uparcie powtarzanych tez nie ma pokrycia w rzeczywisto\u015bci, a kawa mo\u017ce wr\u0119cz by\u0107 sprzymierze\u0144cem dobrego zdrowia i samopoczucia, tak\u017ce senior\u00f3w.<\/p>\n<p><img decoding=\"async\" class=\"ids-image-holder__img\" loading=\"lazy\" alt=\"Grupa starszych os\u00f3b siedzi razem przy stole w kawiarni, rozmawia oraz pije kaw\u0119, panuje przyjazna atmosfera, a wszyscy s\u0105 u\u015bmiechni\u0119ci.\" title=\"Szczeg\u00f3lnie seniorzy s\u0105 ostrzegani przed negatywnym wp\u0142ywem kawy na ich zdrowie\" width=\"8234\" height=\"5489\" src=\"https:\/\/www.europesays.com\/pl\/wp-content\/uploads\/2025\/11\/000LX3WLWQ34EMXU-C322-F4.webp.webp\"\/><\/p>\n<p>Szczeg\u00f3lnie seniorzy s\u0105 ostrzegani przed negatywnym wp\u0142ywem kawy na ich zdrowie123rf.com123RF\/PICSEL<\/p>\n<p class=\"typography ids-typeset-body ids-typeset-body--preset-large link paragraph ids-paragraph ids-paragraph--default\">W eksperymencie o nazwie DECAF (&#8222;Does Eliminating Coffee Avoid Fibrillation?&#8221;) wzi\u0119\u0142o udzia\u0142 oko\u0142o 200 os\u00f3b (\u015brednia wieku 69 lat), wi\u0119kszo\u015b\u0107 stanowili m\u0119\u017cczy\u017ani.\u00a0Pierwsza po\u0142owa badanych musia\u0142a ca\u0142kowicie zrezygnowa\u0107 z kawy i wszelkich produkt\u00f3w zawieraj\u0105cych kofein\u0119, a druga po\u0142owa mia\u0142a wypija\u0107 co najmniej jedn\u0105 fili\u017cank\u0119 kawy dziennie. Przez sze\u015b\u0107 miesi\u0119cy dok\u0142adnie badano ich stan zdrowia i sprawdzano, czy u kogo\u015b ponownie pojawi si\u0119 arytmia. Kardiolog Krzysztof Tomczyk za po\u015brednictwem platformy X udost\u0119pni\u0142 zadziwiaj\u0105ce wyniki tego badania i skomentowa\u0142 je s\u0142owami: &#8222;Badacze byli okrutni! 100 os\u00f3b mia\u0142o zakaz spo\u017cywania kawy przez 6 miesi\u0119cy! I co wysz\u0142o? \u017be nie wysz\u0142o im to na zdrowie&#8230;&#8221; Jak to mo\u017cliwe?<\/p>\n<p>Kawa nie taka straszna, jak j\u0105 oceniali\u015bmy<\/p>\n<p><img decoding=\"async\" class=\"ids-image-holder__img\" loading=\"lazy\" alt=\"R\u0119ka kobiety nalewaj\u0105ca czarn\u0105 kaw\u0119 z dzbanka do bia\u0142ego kubka, kuchenne t\u0142o lekko rozmyte, kobieta ubrana w \u017c\u00f3\u0142t\u0105 bluzk\u0119 i ozdobn\u0105 bransoletk\u0119.\" title=\"O odpowiedniej porze, w odpowiedniej ilo\u015bci i bez zb\u0119dnych dodatk\u00f3w, kawa mo\u017ce by\u0107 sprzymierze\u0144cem zdrowia\" width=\"4800\" height=\"3200\" src=\"https:\/\/www.europesays.com\/pl\/wp-content\/uploads\/2025\/11\/000LX3WOXHMOILE7-C322-F4.webp.webp\"\/><\/p>\n<p>O odpowiedniej porze, w odpowiedniej ilo\u015bci i bez zb\u0119dnych dodatk\u00f3w, kawa mo\u017ce by\u0107 sprzymierze\u0144cem zdrowia123RF123RF\/PICSEL<\/p>\n<p class=\"typography ids-typeset-body ids-typeset-body--preset-large link paragraph ids-paragraph ids-paragraph--default\">Zaskakuj\u0105ce odkrycie, \u017ce kawa niekoniecznie stanowi zagro\u017cenie dla os\u00f3b z migotaniem\/trzepotaniem przedsionk\u00f3w, to nie wszystko. W grupie os\u00f3b, kt\u00f3ra jej nie pi\u0142a, nawr\u00f3t zaburze\u0144 rytmu pojawia\u0142 si\u0119 cz\u0119\u015bciej (64 proc.) ni\u017c u os\u00f3b, kt\u00f3re codziennie si\u0119ga\u0142y po fili\u017cank\u0119 espresso czy americano (47 proc.). To nie znaczy, \u017ce mo\u017cna pi\u0107 kaw\u0119 &#8222;litrami&#8221;, ale \u017ce umiarkowane spo\u017cycie nie musi szkodzi\u0107, a w niekt\u00f3rych przypadkach mo\u017ce wr\u0119cz wspiera\u0107 serce. Czy czeka nas wi\u0119c &#8222;rewolucja&#8221; w zaleceniach lekarskich? Czas poka\u017ce. Nie jest to bowiem pierwsze badanie naukowe &#8222;odczarowuj\u0105ce&#8221; kaw\u0119 i ukazuj\u0105ce, \u017ce jej dzia\u0142anie mo\u017ce by\u0107 o wiele szersze i bardziej prozdrowotne, ni\u017c si\u0119 nam do tej pory wydawa\u0142o. O\u00a0ile wiemy o jakiej porze, jak du\u017co i w jakich po\u0142\u0105czeniach nale\u017cy spo\u017cywa\u0107 kaw\u0119, mo\u017ce ona by\u0107 dobrym dodatkiem codziennej diety i by\u0107 wsparciem serca oraz kluczem do d\u0142ugowieczno\u015bci. Kawa nie musi by\u0107 wrogiem serca &#8211; o ile pijemy j\u0105 z g\u0142ow\u0105 i s\u0142uchamy w\u0142asnego cia\u0142a.<\/p>\n<p class=\"typography ids-typeset-body ids-typeset-body--preset-large link paragraph ids-paragraph ids-paragraph--default\">Podoba\u0142 ci si\u0119 ten artyku\u0142? Zobacz wi\u0119cej praktycznych porad i inspiracji w serwisie <a href=\"https:\/\/kobieta.interia.pl\/\" target=\"_blank\" rel=\"nofollow noopener\">kobieta.interia.pl<\/a> &#8211; codziennie co\u015b nowego.<\/p>\n<p>&#8222;Ewa gotuje&#8221;: Bryndzio\u0142ki. Pierogi z bryndz\u0105 i oscypkiemPolsat<\/p>\n<p><a class=\"ids-undecorated-link source ids-page-info--source__link\" href=\"https:\/\/www.interia.pl\" rel=\"nofollow noopener\" target=\"_blank\"><img decoding=\"async\" class=\"ids-image-holder__img\" loading=\"lazy\" alt=\"\" title=\"\" height=\"24px\" src=\"https:\/\/www.europesays.com\/pl\/wp-content\/uploads\/2025\/11\/1763129291_425_0009A60QQ5I2TYF7-C202-F4.webp.webp\"\/><\/a><\/p>\n<p>Masz sugestie, uwagi albo widzisz b\u0142\u0105d? Napisz do nas<\/p>\n","protected":false},"excerpt":{"rendered":"&#8222;Kawa nie sprzyja zdrowiu serca&#8221; Prze\u0142omowe wyniki bada\u0144? Kawa nie taka straszna, jak j\u0105 oceniali\u015bmy &#8222;Kawa nie sprzyja&hellip;\n","protected":false},"author":2,"featured_media":103416,"comment_status":"","ping_status":"","sticky":false,"template":"","format":"standard","meta":{"footnotes":""},"categories":[14],"tags":[32,33,27,34,35,28,31,25,40,41,80,29,30,26,82,83,84],"class_list":{"0":"post-103415","1":"post","2":"type-post","3":"status-publish","4":"format-standard","5":"has-post-thumbnail","7":"category-swiat","8":"tag-breaking-news","9":"tag-breakingnews","10":"tag-headlines","11":"tag-latest-news","12":"tag-latestnews","13":"tag-naglowki","14":"tag-najwazniejsze-artykuly","15":"tag-news","16":"tag-polish","17":"tag-polski","18":"tag-swiat","19":"tag-top-stories","20":"tag-topstories","21":"tag-wiadomosci","22":"tag-world","23":"tag-world-news","24":"tag-worldnews"},"share_on_mastodon":{"url":"https:\/\/pubeurope.com\/@pl\/115556140165824417","error":""},"_links":{"self":[{"href":"https:\/\/www.europesays.com\/pl\/wp-json\/wp\/v2\/posts\/103415","targetHints":{"allow":["GET"]}}],"collection":[{"href":"https:\/\/www.europesays.com\/pl\/wp-json\/wp\/v2\/posts"}],"about":[{"href":"https:\/\/www.europesays.com\/pl\/wp-json\/wp\/v2\/types\/post"}],"author":[{"embeddable":true,"href":"https:\/\/www.europesays.com\/pl\/wp-json\/wp\/v2\/users\/2"}],"replies":[{"embeddable":true,"href":"https:\/\/www.europesays.com\/pl\/wp-json\/wp\/v2\/comments?post=103415"}],"version-history":[{"count":0,"href":"https:\/\/www.europesays.com\/pl\/wp-json\/wp\/v2\/posts\/103415\/revisions"}],"wp:featuredmedia":[{"embeddable":true,"href":"https:\/\/www.europesays.com\/pl\/wp-json\/wp\/v2\/media\/103416"}],"wp:attachment":[{"href":"https:\/\/www.europesays.com\/pl\/wp-json\/wp\/v2\/media?parent=103415"}],"wp:term":[{"taxonomy":"category","embeddable":true,"href":"https:\/\/www.europesays.com\/pl\/wp-json\/wp\/v2\/categories?post=103415"},{"taxonomy":"post_tag","embeddable":true,"href":"https:\/\/www.europesays.com\/pl\/wp-json\/wp\/v2\/tags?post=103415"}],"curies":[{"name":"wp","href":"https:\/\/api.w.org\/{rel}","templated":true}]}}