{"id":103506,"date":"2025-11-16T01:19:12","date_gmt":"2025-11-16T01:19:12","guid":{"rendered":"https:\/\/www.europesays.com\/pl\/103506\/"},"modified":"2025-11-16T01:19:12","modified_gmt":"2025-11-16T01:19:12","slug":"jest-nowa-partia-nowa-polska-zarejestrowana","status":"publish","type":"post","link":"https:\/\/www.europesays.com\/pl\/103506\/","title":{"rendered":"Jest nowa partia. Nowa Polska zarejestrowana"},"content":{"rendered":"<p>S\u0105d Okr\u0119gowy w\u00a0Warszawie 30 pa\u017adziernika zarejestrowa\u0142 parti\u0119 Nowa Polska. Jak podaje &#8222;Rzeczpospolita&#8221;, przewodnicz\u0105cym zosta\u0142 senator Zygmunt Frankiewicz, a\u00a0Wadim Tyszkiewicz pe\u0142ni funkcj\u0119 wiceprezesa.<\/p>\n<p>Celem formacji, z\u0142o\u017conej m.in. z\u00a0lokalnych samorz\u0105dowc\u00f3w, ma by\u0107 start w\u00a0najbli\u017cszych wyborach parlamentarnych. W\u00a0sk\u0142ad ugrupowania wchodz\u0105 m.in. senator i\u00a0by\u0142y prezydent Tych\u00f3w Andrzej Dziuba, prezydent Opola Arkadiusz Wi\u015bniewski, burmistrz Cieszyna Gabriela Staszkiewicz oraz prezydent Starachowic Marek Materek. <\/p>\n<p>Nawrocki blokuje awanse 46\u00a0s\u0119dzi\u00f3w. &#8222;Tkwimy w\u00a0bagnie&#8221; <\/p>\n<p>Politycy akcentuj\u0105, \u017ce to &#8222;ugrupowanie wielu lider\u00f3w&#8221; oparte na do\u015bwiadczeniu samorz\u0105dowym. Niedawno zreszt\u0105, w\u00a0programie &#8222;T\u0142it&#8221; Wirtualnej Polski, Wadim Tyszkiewicz m\u00f3wi\u0142, \u017ce to w\u0142a\u015bnie odr\u00f3\u017cnia Now\u0105 Polsk\u0119 od innych partii&#8221;. &#8211;\u00a0<a href=\"https:\/\/wiadomosci.wp.pl\/tyszkiewicz-zapowiada-nowa-formacje-czas-na-partie-srodka-7216053609339009v\" rel=\"noopener noreferrer nofollow\" target=\"_blank\">Bo \u017caden z\u00a0nas nie pcha si\u0119 na czo\u0142o<\/a> &#8211;\u00a0przekonywa\u0142 Tyszkiewicz.<\/p>\n<p>\u0179r\u00f3d\u0142o: &#8222;Rzeczpospolita&#8221;, WP Wiadomo\u015bci<\/p>\n","protected":false},"excerpt":{"rendered":"S\u0105d Okr\u0119gowy w\u00a0Warszawie 30 pa\u017adziernika zarejestrowa\u0142 parti\u0119 Nowa Polska. Jak podaje &#8222;Rzeczpospolita&#8221;, przewodnicz\u0105cym zosta\u0142 senator Zygmunt Frankiewicz, a\u00a0Wadim&hellip;\n","protected":false},"author":2,"featured_media":103507,"comment_status":"","ping_status":"","sticky":false,"template":"","format":"standard","meta":{"footnotes":""},"categories":[12],"tags":[32,33,36,37,27,34,35,28,31,25,42,38,40,39,41,29,30,26],"class_list":{"0":"post-103506","1":"post","2":"type-post","3":"status-publish","4":"format-standard","5":"has-post-thumbnail","7":"category-polska","8":"tag-breaking-news","9":"tag-breakingnews","10":"tag-featured-news","11":"tag-featurednews","12":"tag-headlines","13":"tag-latest-news","14":"tag-latestnews","15":"tag-naglowki","16":"tag-najwazniejsze-artykuly","17":"tag-news","18":"tag-pl","19":"tag-poland","20":"tag-polish","21":"tag-polska","22":"tag-polski","23":"tag-top-stories","24":"tag-topstories","25":"tag-wiadomosci"},"share_on_mastodon":{"url":"https:\/\/pubeurope.com\/@pl\/115556749380018100","error":""},"_links":{"self":[{"href":"https:\/\/www.europesays.com\/pl\/wp-json\/wp\/v2\/posts\/103506","targetHints":{"allow":["GET"]}}],"collection":[{"href":"https:\/\/www.europesays.com\/pl\/wp-json\/wp\/v2\/posts"}],"about":[{"href":"https:\/\/www.europesays.com\/pl\/wp-json\/wp\/v2\/types\/post"}],"author":[{"embeddable":true,"href":"https:\/\/www.europesays.com\/pl\/wp-json\/wp\/v2\/users\/2"}],"replies":[{"embeddable":true,"href":"https:\/\/www.europesays.com\/pl\/wp-json\/wp\/v2\/comments?post=103506"}],"version-history":[{"count":0,"href":"https:\/\/www.europesays.com\/pl\/wp-json\/wp\/v2\/posts\/103506\/revisions"}],"wp:featuredmedia":[{"embeddable":true,"href":"https:\/\/www.europesays.com\/pl\/wp-json\/wp\/v2\/media\/103507"}],"wp:attachment":[{"href":"https:\/\/www.europesays.com\/pl\/wp-json\/wp\/v2\/media?parent=103506"}],"wp:term":[{"taxonomy":"category","embeddable":true,"href":"https:\/\/www.europesays.com\/pl\/wp-json\/wp\/v2\/categories?post=103506"},{"taxonomy":"post_tag","embeddable":true,"href":"https:\/\/www.europesays.com\/pl\/wp-json\/wp\/v2\/tags?post=103506"}],"curies":[{"name":"wp","href":"https:\/\/api.w.org\/{rel}","templated":true}]}}