{"id":103599,"date":"2025-11-16T06:34:17","date_gmt":"2025-11-16T06:34:17","guid":{"rendered":"https:\/\/www.europesays.com\/pl\/103599\/"},"modified":"2025-11-16T06:34:17","modified_gmt":"2025-11-16T06:34:17","slug":"stan-wyjatkowy-nawrocki-wycina-sedziow-czarzasty-wygral-z-holownia","status":"publish","type":"post","link":"https:\/\/www.europesays.com\/pl\/103599\/","title":{"rendered":"&#8222;Stan Wyj\u0105tkowy&#8221;. Nawrocki wycina s\u0119dzi\u00f3w. Czarzasty wygra\u0142 z Ho\u0142owni\u0105"},"content":{"rendered":"<p>Na marszu prezydent czu\u0142 si\u0119 jak ryba w wodzie. Ewidentnie maszeruj\u0105c w\u015br\u00f3d kiboli, konfederat\u00f3w i braunist\u00f3w by\u0142 w\u015br\u00f3d swoich. Nawet str\u00f3j dobra\u0142 tak, jakby mia\u0142 zasili\u0107 &#8222;czarny sektor&#8221;. Podobne wra\u017cenia musia\u0142y towarzyszy\u0107 tak\u017ce organizatorom, bo lider Konfederacji i marszowy kombatant Krzysztof Bosak przywita\u0142 Karola Nawrockiego s\u0142owami: &#8222;jeden z nas&#8221;. Oczywi\u015bcie zosta\u0142o to odnotowane w PiS \u2014 jako element rozwa\u017ca\u0144, czyj w\u0142a\u015bciwie jest prezydent.<\/p>\n<p>Rych\u0142o w czas.<\/p>\n<p class=\"ods-c-paragraph \"><a href=\"https:\/\/wiadomosci.onet.pl\/warszawa\/bylismy-na-marszu-niepodleglosci-jego-uczestnicy-nie-dostrzegli-realnego-zagrozenia\/zz91gwq\" id=\"5cda5d55-8eba-435e-9d1f-bbaff30db4c0\" rel=\"nofollow noopener\" target=\"_blank\">By\u0142o spokojnie, ale marsz nic nie traci ze swojego radykalizmu<\/a>. Jak zwykle byli dziwni go\u015bcie, tym razem za spraw\u0105 europos\u0142a PiS Dominika Tarczy\u0144skiego, kt\u00f3ry lubi czci\u0107 polsk\u0105 niepodleg\u0142o\u015b\u0107 w towarzystwie wielbicieli Putina. Zreszt\u0105 ze wszystkich wyst\u0105pie\u0144 i z hase\u0142 marszu wynika, \u017ce zagro\u017ceniem s\u0105 Unia, Niemcy, Ukraina i \u017bydzi. Ani s\u0142owa o Rosji \u2014 i to w trzecim roku wojny na Wschodzie.<\/p>\n<p class=\"ods-c-paragraph \">Pod r\u0119k\u0119 z narodowcami Nawrocki maszeruje na wojn\u0119 totaln\u0105 z rz\u0105dem. Po do\u015b\u0107 absurdalnym uderzeniu w m\u0142odych kadet\u00f3w s\u0142u\u017cb specjalnych postanowi\u0142 zastosowa\u0107 t\u0119 metod\u0119 do uderzenia w s\u0119dzi\u00f3w \u2014 <a href=\"https:\/\/www.onet.pl\/informacje\/onetwiadomosci\/skazani-przez-nawrockiego-mamy-liste-sedziow-pozbawionych-awansu\/xq17p55,79cfc278\" id=\"17504ac4-2355-44ef-8153-3c2af5f08865\" rel=\"nofollow noopener\" target=\"_blank\">zablokowa\u0142 nominacje dla kilkudziesi\u0119ciu z nich<\/a>. Tw\u00f3rcy &#8222;Stanu Wyj\u0105tkowego&#8221; Dominika D\u0142ugosz i Kamil Dziubka szukaj\u0105 polityki w tych ruchach. Pewne jest jedno \u2014 Nawrocki pr\u00f3buje wys\u0142a\u0107 Kaczy\u0144skiego na emerytur\u0119 i zast\u0105pi\u0107 go w pisowskich wojnach z Donaldem Tuskiem. A premier w to wchodzi \u2014 bo emerytura prezesa jest tak\u017ce w jego interesie.<\/p>\n<p>   <img decoding=\"async\" src=\"https:\/\/www.europesays.com\/pl\/wp-content\/uploads\/2025\/11\/5gmk9lBaHR0cHM6Ly9vY2RuLmV1L3B1bHNjbXMvTURBXy8xOWIwODdiNWMzNDU3NGQ3YjlmOGU5OGE4ZDk4ODUwNy5qcGeRlQLNB.jpeg\" height=\"627\" width=\"940\" alt=\"Karol Nawrocki i S\u0142awomir Cenckiewicz na Marszu Niepodleg\u0142o\u015bci, 11 listopada 2025 r.\" loading=\"lazy\" class=\"ods-c-image__img ods-c-image__img--viewport-width\"\/><\/p>\n<p>Karol Nawrocki i S\u0142awomir Cenckiewicz na Marszu Niepodleg\u0142o\u015bci, 11 listopada 2025 r.Radek Pietruszka \/ PAP<\/p>\n<p class=\"ods-c-paragraph \">Najpierw zaatakowa\u0142 Nawrockiego za marsz. &#8222;To, \u017ce na marszu partie pos\u0142\u00f3w Mentzena, Wiplera, Brauna i Fritza wysy\u0142a\u0142y mnie do Berlina, by\u0142o nawet zabawne. Mniej zabawne jest to, \u017ce dla maszeruj\u0105cych wrogami by\u0142y Zach\u00f3d, Unia Europejska i Ukraina, nie Rosja&#8221; \u2014 napisa\u0142 szef rz\u0105du w portalu X. &#8222;A ponurym \u017cartem jest to, \u017ce na ich czele szed\u0142 prezydent RP&#8221;.<\/p>\n<p class=\"ods-c-paragraph \">A potem jeszcze mocniej zaatakowa\u0142 Nawrockiego \u2014 za odmow\u0119 nominacji s\u0119dziowskich. &#8222;Nie jestem zaskoczony, ale jest mi przykro, \u017ce kolejny raz b\u0119dziemy mieli prezydenta, kt\u00f3ry nie czuje si\u0119 stra\u017cnikiem konstytucji, tylko jej gwa\u0142cicielem. To b\u0119dzie oznacza\u0142o bardzo tward\u0105 konfrontacj\u0119 w tej sprawie. Moim zadaniem jako premiera jest pilnowanie porz\u0105dku konstytucyjnego. Nie cofn\u0119 si\u0119 nawet o milimetr. Mowy nie ma. Bardzo \u017ale si\u0119 dzieje, \u017ce prezydent Nawrocki postanowi\u0142 rozpocz\u0105\u0107 swoj\u0105 prezydentur\u0119 od takich samych gier i podst\u0119p\u00f3w jak jego poprzednik&#8221;.<\/p>\n<p class=\"ods-c-paragraph \">Prezes czuje, \u017ce traci grunt. Dlatego na nowo ruszy\u0142 w tras\u0119 po Polsce, \u017ceby mobilizowa\u0107 elektorat wok\u00f3\u0142 siebie. W sobot\u0119 w Kwidzynie i Elbl\u0105gu du\u017co prawi\u0142 o z\u0142ym Tusku i kryzysie w s\u0142u\u017cbie zdrowia. Doszukuj\u0105c si\u0119 niemieckich powi\u0105za\u0144 Tuska i demaskuj\u0105c niemieckie plany pozbawienia Polski niepodleg\u0142o\u015bci przy wykorzystaniu UE, Kaczy\u0144ski og\u0142osi\u0142, \u017ce wyleczy system zdrowia, kopiuj\u0105c rozwi\u0105zania niemieckie. Zaczynamy si\u0119 martwi\u0107 o prezesa.<\/p>\n<p><img decoding=\"async\" src=\"https:\/\/www.europesays.com\/pl\/wp-content\/uploads\/2025\/11\/MOQk9lBaHR0cHM6Ly9vY2RuLmV1L3B1bHNjbXMvTURBXy9lMDA1YTQxMTE1NWI2ZjlmZjFmZDhhNDUyMDQ0YjAyNC5qcGeRlQLNB.jpeg\" height=\"627\" width=\"940\" alt=\"Jaros\u0142aw Kaczy\u0144ski na Marszu Niepodleg\u0142o\u015bci, 11 listopada 2025 r.\" loading=\"lazy\" class=\"ods-c-image__img ods-c-image__img--viewport-width\"\/><\/p>\n<p>Jaros\u0142aw Kaczy\u0144ski na Marszu Niepodleg\u0142o\u015bci, 11 listopada 2025 r.Albert Zawada \/ PAP<\/p>\n<p> Prezydent nie wnika\u0142 \u2014 wyci\u0105\u0142 s\u0119dzi\u00f3w hurtem<\/p>\n<p class=\"ods-c-paragraph \">Ewidentnie Nawrocki chce przej\u0105\u0107 pa\u0142eczk\u0119 w wojnie z rz\u0105dem \u2014 dlatego wzi\u0105\u0142 s\u0119dzi\u00f3w na zak\u0142adnik\u00f3w. Zablokowa\u0142 nominacje dla kilkudziesi\u0119ciu z nich, twierdz\u0105c, \u017ce to wichrzyciele podwa\u017caj\u0105cy konstytucyjny porz\u0105dek, czyli kwestionuj\u0105cy nominacje dla neos\u0119dzi\u00f3w. &#8222;Minister sprawiedliwo\u015bci zach\u0119ca s\u0119dzi\u00f3w do kwestionowania porz\u0105dku konstytucyjno-prawnego. Ja jestem uczciwy, poniewa\u017c ju\u017c 6 sierpnia da\u0142em najpierw pierwszy s\u0142owny komunikat. M\u00f3wi\u0142em jasno, \u017ce przez najbli\u017csze pi\u0119\u0107 lat s\u0119dziowie, kt\u00f3rzy kwestionuj\u0105 porz\u0105dek konstytucyjno-prawny nie mog\u0105 liczy\u0107 na awans i nominacje. Min\u0119\u0142y trzy miesi\u0105ce od przestrzegania s\u0119dzi\u00f3w, aby nie ulegali wariactwom, kt\u00f3re wyprawia minister \u017burek. Dzisiaj to ju\u017c nie s\u0105 tylko s\u0142owa, tylko konkretne dzia\u0142ania&#8221; \u2014 og\u0142osi\u0142 triumfalnie. To konkretne dzia\u0142ania w stylu pana prezydenta \u2014 czyli w\u0142a\u015bnie blokada nominacji.<\/p>\n<p>   <img decoding=\"async\" src=\"https:\/\/www.europesays.com\/pl\/wp-content\/uploads\/2025\/11\/gAlk9lBaHR0cHM6Ly9vY2RuLmV1L3B1bHNjbXMvTURBXy9kNDJmNDk3ZTFmMDIwZmY0NDdhZmM1YTg4Mjk2YmZkMS5qcGeRlQLNB.jpeg\" height=\"627\" width=\"940\" alt=\"Donald Tusk i Waldemar \u017burek podczas posiedzenia rz\u0105du w Kancelarii Prezesa Rady Ministr\u00f3w, 25 lipca 2025 r.\" loading=\"lazy\" class=\"ods-c-image__img ods-c-image__img--viewport-width\"\/><\/p>\n<p>Donald Tusk i Waldemar \u017burek podczas posiedzenia rz\u0105du w Kancelarii Prezesa Rady Ministr\u00f3w, 25 lipca 2025 r.Leszek Szyma\u0144ski \/ PAP<\/p>\n<p class=\"ods-c-paragraph \"><a href=\"https:\/\/wiadomosci.onet.pl\/tylko-w-onecie\/skazani-przez-nawrockiego-mamy-liste-sedziow-pozbawionych-awansu\/xq17p55\" id=\"acb38451-7224-4cc3-b268-3c2fdb3bb847\" rel=\"nofollow noopener\" target=\"_blank\">Tw\u00f3rcy s\u0142uchowiska politycznego &#8222;Stan Wyj\u0105tkowy&#8221; ustalili list\u0119 wszystkich zablokowanych<\/a>. To g\u0142\u00f3wnie m\u0142odzi s\u0119dziowie, kt\u00f3rzy pracuj\u0105 w s\u0105dach rejonowych, czyli na najni\u017cszym szczeblu s\u0105downictwa. Na li\u015bcie jest 38 s\u0119dzi\u00f3w rejonowych, kt\u00f3rzy mieli dosta\u0107 awans do s\u0105d\u00f3w okr\u0119gowych, czyli na drugi szczebel s\u0105downiczej struktury. Zreszt\u0105 cz\u0119\u015b\u0107 z nich ju\u017c pracuje na czasowych delegacjach do s\u0105d\u00f3w okr\u0119gowych \u2014 to znaczy, \u017ce sprawdzaj\u0105 si\u0119 w wy\u017cszych instancjach. Prezydent w to nie wnika\u0142 \u2014 wyci\u0105\u0142 ich wszystkich hurtem.<\/p>\n<p class=\"ods-c-paragraph \">Nawrocki nie przedstawi\u0142 \u017cadnego uzasadnienia odmowy przy \u017cadnym z nazwisk. Szef Kancelarii Prezydenta, prawnik i by\u0142y pose\u0142 PiS Zbigniew Bogucki t\u0142umaczy\u0142 jedynie, \u017ce chodzi o rzekome kwestionowanie przez tych s\u0119dzi\u00f3w &#8222;ustroju Rzeczypospolitej&#8221; oraz &#8222;ustaw podpisywanych przez prezydenta&#8221;, a tak\u017ce o podwa\u017canie statusu s\u0119dzi\u00f3w powo\u0142anych &#8222;zgodnie z procedur\u0105&#8221; i negowanie niekt\u00f3rych izb S\u0105du Najwy\u017cszego.<\/p>\n<p>   <img decoding=\"async\" src=\"https:\/\/www.europesays.com\/pl\/wp-content\/uploads\/2025\/11\/uhEk9lBaHR0cHM6Ly9vY2RuLmV1L3B1bHNjbXMvTURBXy9jNjA5NzBiODFjM2NkYjI0OWFiYjIxOWQ2MWY2NTIxYy5qcGeRlQLNB.jpeg\" height=\"669\" width=\"940\" alt=\"Zbigniew Bogucki i Karol Nawrocki na posiedzeniu Rady Dialogu Spo\u0142ecznego, 15 pa\u017adziernika 2025 r.\" loading=\"lazy\" class=\"ods-c-image__img ods-c-image__img--viewport-width\"\/><\/p>\n<p>Zbigniew Bogucki i Karol Nawrocki na posiedzeniu Rady Dialogu Spo\u0142ecznego, 15 pa\u017adziernika 2025 r.Anita Walczewska \/ East News<\/p>\n<p class=\"ods-c-paragraph \">Sugerowa\u0142oby to, \u017ce zablokowani s\u0119dziowie mieli anga\u017cowa\u0107 si\u0119 w aktywny sprzeciw wobec dzia\u0142a\u0144 PiS \u2014 na przyk\u0142ad podwa\u017ca\u0107 orzeczenia wydawane z udzia\u0142em neos\u0119dzi\u00f3w lub kierowa\u0107 pytania prejudycjalne do TSUE.<\/p>\n<p>Nawrocki ukara\u0142 m\u0142odych s\u0119dzi\u00f3w za popieranie postulatu, kt\u00f3ry za swych rz\u0105d\u00f3w sam PiS zrealizowa\u0142<\/p>\n<p class=\"ods-c-paragraph \">Nic z tych rzeczy. Nawrocki ukara\u0142 wi\u0119kszo\u015b\u0107 m\u0142odych s\u0119dzi\u00f3w wy\u0142\u0105cznie za ich udzia\u0142 w inicjatywach obywatelskich dotycz\u0105cych stanu wymiaru sprawiedliwo\u015bci. Najwa\u017cniejsz\u0105 z nich by\u0142a akcja z 2021 r., kiedy a\u017c 4 tys. s\u0119dzi\u00f3w \u2014 liczba bezprecedensowa \u2014 podpisa\u0142o list wzywaj\u0105cy rz\u0105d PiS do przestrzegania orzecze\u0144 europejskich podwa\u017caj\u0105cych Izb\u0119 Dyscyplinarn\u0105 S\u0105du Najwy\u017cszego, kt\u00f3r\u0105 TSUE uzna\u0142 za organ polityczny, a nie s\u0105d w rozumieniu prawa unijnego. Izba ta mia\u0142a nadzwyczajne uprawnienia do \u015bcigania s\u0119dzi\u00f3w i by\u0142a obsadzona g\u0142\u00f3wnie przez dawnych zaufanych prokurator\u00f3w Ziobry, kt\u00f3rym przyznano o 40 proc. wy\u017csze pensje ni\u017c s\u0119dziom pozosta\u0142ych izb SN.<\/p>\n<p class=\"ods-c-paragraph \">Finalnie to sam PiS \u2014 w ramach pertraktacji z instytucjami unijnymi \u2014 zlikwidowa\u0142 t\u0119 izb\u0119 S\u0105du Najwy\u017cszego. Zast\u0105pi\u0142a j\u0105 Izba Odpowiedzialno\u015bci Zawodowej, kt\u00f3ra dzia\u0142a do dzi\u015b.<\/p>\n<p>Dalszy ci\u0105g artyku\u0142u pod materia\u0142em wideo<\/p>\n<p class=\"ods-c-paragraph \">A zatem Nawrocki ukara\u0142 m\u0142odych s\u0119dzi\u00f3w za popieranie postulatu, kt\u00f3ry za swych rz\u0105d\u00f3w sam PiS zrealizowa\u0142.<\/p>\n<p class=\"ods-c-paragraph \">W praktyce ca\u0142a operacja Kancelarii Prezydenta sprowadzi\u0142a si\u0119 do jednego prostego zabiegu: zestawienia listy s\u0119dzi\u00f3w rekomendowanych do awansu z list\u0105 os\u00f3b, kt\u00f3re podpisa\u0142y apel wzywaj\u0105cy do respektowania orzecze\u0144 TSUE. Wynik nie pozostawia w\u0105tpliwo\u015bci \u2014 spo\u015br\u00f3d 46 odrzuconych kandydat\u00f3w a\u017c 36 znalaz\u0142o si\u0119 w\u015br\u00f3d sygnatariuszy listu dotycz\u0105cego Izby Dyscyplinarnej.<\/p>\n<p class=\"ods-c-paragraph \">Kilku s\u0119dzi\u00f3w obci\u0105\u017cono r\u00f3wnie\u017c innym &#8222;przewinieniem&#8221;. Wcze\u015bniej poparli apel do OBWE o obj\u0119cie nadzorem tzw. wybor\u00f3w kopertowych z 2020 r. \u2014 kontrowersyjnej pr\u00f3by przeprowadzenia wybor\u00f3w prezydenckich w \u015brodku pandemii, z pomini\u0119ciem standardowych procedur. Za czas\u00f3w PiS dyscyplinarki obj\u0119\u0142y kilku z 1278 s\u0119dzi\u00f3w, kt\u00f3rzy podpisali si\u0119 pod apelem do OBWE, jednak S\u0105d Najwy\u017cszy jednoznacznie stwierdzi\u0142, \u017ce dzia\u0142ali w granicach swoich praw. &#8222;S\u0119dziego nie mo\u017cna represjonowa\u0107 za pogl\u0105dy prawne g\u0142oszone w przestrzeni publicznej&#8221; \u2014 uzna\u0142 S\u0105d Najwy\u017cszy.<\/p>\n<p>Cz\u0119\u015b\u0107 zablokowanych przez Nawrockiego to neos\u0119dziowie. Gdzie tu sens? Nie ma sensu, jest polityka<\/p>\n<p class=\"ods-c-paragraph \">Prosz\u0119 nie doszukiwa\u0107 si\u0119 w tym logiki. Ot\u00f3\u017c tak si\u0119 sk\u0142ada, \u017ce cz\u0119\u015b\u0107 zablokowanych przez Nawrockiego to neos\u0119dziowie, czyli s\u0119dziowie, kt\u00f3rzy dostali nominacje na obecne stanowiska przez Krajow\u0105 Rad\u0119 S\u0105downictwa po jej przej\u0119ciu przez PiS w 2018 r. Odnale\u017ali\u015bmy profile w mediach spo\u0142eczno\u015bciowych niekt\u00f3rych z nich \u2014 ostro krytykuj\u0105 w nich obecnego ministra sprawiedliwo\u015bci Waldemara \u017burka. Na przyk\u0142ad: &#8222;Minister [\u017burek] m\u00f3wi o zainfekowaniu s\u0105d\u00f3w [przez neos\u0119dzi\u00f3w]. Jednym tchem dokonuje aktu dehumanizacji kilku tysi\u0119cy s\u0119dzi\u00f3w, czyli u\u017cywa metody charakterystycznej dla system\u00f3w autorytarnych, by w nast\u0119pnym zdaniu wspomnie\u0107 o z\u0142ych budowniczych w\u0142adzy autorytarnej. Brawo!&#8221;<\/p>\n<p class=\"ods-c-paragraph \">Co wi\u0119cej \u2014 gdyby Nawrocki zatwierdzi\u0142 awanse wszystkich tych s\u0119dzi\u00f3w, to automatycznie staliby si\u0119 &#8222;neos\u0119dziami&#8221;. To dlatego, \u017ce ka\u017cdy z nich zg\u0142osi\u0142 si\u0119 do post\u0119powania przed wspomnian\u0105 neo-KRS, kierowan\u0105 przez ludzi PiS \u2014 w tej chwili jej szefow\u0105 jest Dagmara Pawe\u0142czyk-Woicka, szkolna kole\u017canka Ziobry. Procedura jest taka, \u017ce KRS rekomenduje prezydentowi kandydat\u00f3w do awans\u00f3w s\u0119dziowskich, kt\u00f3rych wybiera w konkursach. A zatem ka\u017cdy z 46 odrzuconych mia\u0142 pozytywn\u0105 rekomendacj\u0119 neo-KRS. Mimo to Pawe\u0142czyk-Woicka jest przeszcz\u0119\u015bliwa. &#8222;Decyzja prezydent jest jasna i stanowi kontynuacj\u0119 wskazania, kt\u00f3re zapowiedzia\u0142 w or\u0119dziu wyg\u0142oszonym tu\u017c po zaprzysi\u0119\u017ceniu przed Zgromadzeniem Narodowym, \u017ce nie b\u0119dzie powo\u0142ywa\u0142 wszystkich s\u0119dzi\u00f3w. To jest bardzo wyra\u017any sygna\u0142 prezydenta dla s\u0119dzi\u00f3w&#8221; \u2014 prawi szefowa KRS.<\/p>\n<p>   <img decoding=\"async\" src=\"https:\/\/www.europesays.com\/pl\/wp-content\/uploads\/2025\/11\/ZFMk9lBaHR0cHM6Ly9vY2RuLmV1L3B1bHNjbXMvTURBXy9iMWMwNzc1NzhkZDkzMTZkN2VjZTA3OWFlYmQyNTY1NC5qcGeRlQLNB.jpeg\" height=\"628\" width=\"940\" alt=\"Przewodnicz\u0105ca Krajowej Rady S\u0105downictwa Dagmara Pawe\u0142czyk-Woicka, 13 grudnia 2023 r.\" loading=\"lazy\" class=\"ods-c-image__img ods-c-image__img--viewport-width\"\/><\/p>\n<p>Przewodnicz\u0105ca Krajowej Rady S\u0105downictwa Dagmara Pawe\u0142czyk-Woicka, 13 grudnia 2023 r.Tomaz Gzell \/ PAP<\/p>\n<p class=\"ods-c-paragraph \">Gdzie tu sens? Nie ma sensu, jest polityka. Pawe\u0142czyk-Woicka biega na audiencje do Nawrockiego i podkr\u0119ca go do wojny z rz\u0105dem. Z jej punktu widzenia wa\u017cniejsze jest, \u017ce Nawrocki pogrozi\u0142 \u015brodowisku s\u0119dziowskiemu, a kilkudziesi\u0119ciu zablokowanych s\u0119dzi\u00f3w to detal bez znaczenia.<\/p>\n<p>Realny test dla s\u0119dzi\u00f3w: kto wytrzyma presj\u0119, a kto p\u00f3jdzie na pragmatyczny uk\u0142ad<\/p>\n<p class=\"ods-c-paragraph \">Ob\u00f3z w\u0142adzy ma problem z <a href=\"https:\/\/wiadomosci.onet.pl\/kraj\/prezydent-nawrocki-odmowil-nominacji-46-sedziom-nowe-ustalenia-w-sprawie\/wxg2y1l\" id=\"cab80429-7147-4c5c-b0fc-46824bfcb502\" rel=\"nofollow noopener\" target=\"_blank\">decyzj\u0105 Nawrockiego<\/a>. Z jednej strony krytykuje go za hurtowe odstrzelenie s\u0119dzi\u00f3w bez uzasadnienia ka\u017cdej odmowy. Z drugiej \u2014 nieszczeg\u00f3lnie broni kandydat\u00f3w na neos\u0119dzi\u00f3w. &#8222;Mo\u017cna powiedzie\u0107, \u017ce prezydent nie powi\u0119ksza\u0142 liczby tzw. neos\u0119dzi\u00f3w, bo to by\u0142y osoby, kt\u00f3re przesz\u0142y proces konkursowy przed neo-KRS, czyli tym organem tylko z nazwy przypominaj\u0105cym organ konstytucyjny. Je\u015bli chodzi o motywy odmowy, s\u0142yszeli\u015bmy o 'podszeptach Waldemara \u017burka&#8217;, kt\u00f3re nie podoba\u0142y si\u0119 prezydentowi. To jest pozakonstytucyjna i pozaustawowa przes\u0142anka. Tego typu podej\u015bcie jest \u0142amaniem konstytucji&#8221;.<\/p>\n<p class=\"ods-c-paragraph \">Nasi rozm\u00f3wcy z obozu uwa\u017caj\u0105, \u017ce wetuj\u0105c nominacje, Nawrocki chce nastraszy\u0107 s\u0119dzi\u00f3w, \u017ce najmniejszy gest krytyki wobec dzia\u0142a\u0144 PiS w wymiarze sprawiedliwo\u015bci zako\u0144czy ich kariery.<\/p>\n<p class=\"ods-c-paragraph \">We\u017amy pod uwag\u0119 ten pierwszy wspomniany list \u2014 w sprawie Izby Dyscyplinarnej. On jest wa\u017cny, bo cieszy\u0142 si\u0119 najwi\u0119kszym poparciem w\u015br\u00f3d s\u0119dzi\u00f3w. Je\u015bli bra\u0107 na powa\u017cnie zapowiedzi Nawrockiego, znaczy to, \u017ce \u017caden z 4 tys. sygnatariuszy nie ma szans na awans do ko\u0144ca jego kadencji, a pan prezydent jest przekonany, \u017ce b\u0119dzie rz\u0105dzi\u0142 10 lat. S\u0119dzi\u00f3w w Polsce jest ok. 10 tys., wliczaj\u0105c w to ok. 3 tys. neos\u0119dzi\u00f3w. Je\u015bli Nawrocki nie awansuje \u017cadnego z 4 tys. podpisanych pod listem w sprawie likwidacji Izby Odpowiedzialno\u015bci Zawodowej, to znaczy, \u017ce zablokuje kariery oko\u0142o po\u0142owy polskich s\u0119dzi\u00f3w. I zablokuje s\u0105dy \u2014 grozi nam motywowany polityk\u0105 parali\u017c wymiaru sprawiedliwo\u015bci, kt\u00f3ry i tak ledwo zipie po rz\u0105dach Ziobry.<\/p>\n<p class=\"ods-c-paragraph \">Je\u015bli s\u0119dziowie <a href=\"https:\/\/wiadomosci.onet.pl\/kraj\/decyzja-prezydenta-dudy-wywolala-poruszenie-co-trzeba-miec-w-glowie\/vxny1h1\" id=\"4bae4b1c-9ee1-4f0d-89be-f58569aad264\" rel=\"nofollow noopener\" target=\"_blank\">krytykowali Andrzeja Dud\u0119<\/a>, to dopiero teraz \u2014 wraz z nastaniem Nawrockiego \u2014 czeka ich realny test: kto wytrzyma presj\u0119, a kto p\u00f3jdzie na pragmatyczny uk\u0142ad.<\/p>\n<p>Prezydencie, \u015bmia\u0142o! Poka\u017c co zrobisz w sprawie trzech tuz\u00f3w pisowskiej Temidy<\/p>\n<p class=\"ods-c-paragraph \">W sumie weto wobec s\u0119dzi\u00f3w nas nie dziwi, bo pan prezydent generalnie zazwyczaj jest na nie, w kontrze i w awangardzie. Bardziej martwi nas to, \u017ce w ci\u0105gu <a href=\"https:\/\/wiadomosci.onet.pl\/kraj\/karol-nawrocki-o-100-dniach-swojej-prezydentury-tak-beda-wygladaly-kolejne\/ts81zex\" id=\"edd9e3f1-73f0-480d-a5b9-3fe1738bbcf3\" rel=\"nofollow noopener\" target=\"_blank\">pierwszych 100 dni swej prezydentury Nawrocki<\/a> zd\u0105\u017cy\u0142 ju\u017c wykorzysta\u0107 niemal ca\u0142\u0105 sw\u0105 antyrz\u0105dow\u0105 amunicj\u0119. Z\u0142o\u017cy\u0142 rekordowe 13 wet do ustaw \u2014 od przepis\u00f3w energetycznych po ustaw\u0119 o \u015brodkach ochrony ro\u015blin. Do tego zablokowa\u0142 powo\u0142anie pierwszego od \u0107wier\u0107 wieku parku narodowego, odm\u00f3wi\u0142 nominacji ambasadorskich, oficerskich i s\u0119dziowskich. Panie Karolu, teraz czekamy na odbieranie order\u00f3w!<\/p>\n<p class=\"ods-c-paragraph \">A, na jeszcze jedno czekamy. Panie prezydencie, czas na m\u0119sk\u0105 decyzj\u0119, co zrobi pan w sprawie spoczywaj\u0105cych na pa\u0144skim biurku nominacji dla trzech wybitnych przedstawicieli pisowskiej Temidy.<\/p>\n<p class=\"ods-c-paragraph \">\u0141ukasz Piebiak to herszt w &#8222;aferze hejterskiej&#8221;, czyli koordynator zbierania hak\u00f3w na niezale\u017cnych s\u0119dzi\u00f3w w czasach rz\u0105d\u00f3w PiS. Neo-KRS rekomenduje go do Naczelnego S\u0105du Administracyjnego \u2014 wszak to wybitny znawca procedur.<\/p>\n<p><img decoding=\"async\" src=\"https:\/\/www.europesays.com\/pl\/wp-content\/uploads\/2025\/11\/AuVk9lBaHR0cHM6Ly9vY2RuLmV1L3B1bHNjbXMvTURBXy85NDNiN2E2MjFhYzFkOWY0OWI5YmMxYmMyMGEzNzExZS5qcGeRlQLNB.jpeg\" height=\"627\" width=\"940\" alt=\"Zbigniew Ziobro i \u0141ukasz Piebiak podczas konferencji prasowej &quot;Wielka reforma Kodeksu post\u0119powania cywilnego&quot;, 20 wrze\u015bnia 2018 r.\" loading=\"lazy\" class=\"ods-c-image__img ods-c-image__img--viewport-width\"\/><\/p>\n<p>Zbigniew Ziobro i \u0141ukasz Piebiak podczas konferencji prasowej &#8222;Wielka reforma Kodeksu post\u0119powania cywilnego&#8221;, 20 wrze\u015bnia 2018 r.Tomasz Gzell \/ PAP<\/p>\n<p class=\"ods-c-paragraph \">Maciej Nawacki te\u017c chce do NSA. To cz\u0142onek neo-KRS i jedna z najbardziej groteskowych postaci &#8222;dobrej zmiany&#8221; w s\u0105downictwie. \u015alepo t\u0119pi\u0142 niepokornych s\u0119dzi\u00f3w i im wygra\u017ca\u0142. Jest r\u00f3wnie dobry w procedurach \u2014 we w\u0142asnym s\u0105dzie w Olsztynie publicznie dar\u0142 uchwa\u0142y s\u0119dzi\u00f3w, kt\u00f3re mu si\u0119 nie podoba\u0142y. W NSA dobrze by si\u0119 czu\u0142 z Piebiakiem \u2014 byli w jednej grupie hakowej.<\/p>\n<p><img decoding=\"async\" src=\"https:\/\/www.europesays.com\/pl\/wp-content\/uploads\/2025\/11\/o9pk9lBaHR0cHM6Ly9vY2RuLmV1L3B1bHNjbXMvTURBXy9hMWQzZDcyZDZjMDcyOGQ1ODg1ODZkNzEzYWQ2OWEyMi5qcGeRlQLNB.jpeg\" height=\"628\" width=\"940\" alt=\"S\u0119dzia Maciej Nawacki na posiedzeniu Parlamentarnego Zespo\u0142u Przeciwdzia\u0142ania Bezprawiu, 22 lipca 2024 r.\" loading=\"lazy\" class=\"ods-c-image__img ods-c-image__img--viewport-width\"\/><\/p>\n<p>S\u0119dzia Maciej Nawacki na posiedzeniu Parlamentarnego Zespo\u0142u Przeciwdzia\u0142ania Bezprawiu, 22 lipca 2024 r.Pawe\u0142 Supernak \/ PAP<\/p>\n<p class=\"ods-c-paragraph \">No i nasz ulubieniec: Jaros\u0142aw Dudzicz, kt\u00f3ry pod pseudonimem Jorry123 wypisywa\u0142 w Internecie antysemickie tyrady (&#8222;pod\u0142y, parszywy i pazerny nar\u00f3d&#8221;). Neo-KRS pod \u015bwiat\u0142ym przewodem Pawe\u0142czyk-Woickiej da\u0142 mu rekomendacj\u0119 do&#8230; S\u0105du Najwy\u017cszego. Niedawno Dudzicz by\u0142 na manifestacji PiS w Warszawie. Nie wiemy, czy by\u0142 na Marszu Niepodleg\u0142o\u015bci, ale by tam pasowa\u0142.<\/p>\n<p class=\"ods-c-paragraph \">A zatem, prezydencie, jedziesz z nimi!<\/p>\n<p> CBA na tropie Ho\u0142owni, a Ho\u0142ownia bli\u017cej Genewy<\/p>\n<p class=\"ods-c-paragraph \">O ile Nawrocki wci\u0105\u017c jest na pocz\u0105tku swej politycznej drogi, to karier\u0119 w\u0142a\u015bnie ko\u0144czy lider Polski2050 Szymon Ho\u0142ownia. G\u0142adko i bez foch\u00f3w <a href=\"https:\/\/www.onet.pl\/informacje\/onetwiadomosci\/szymon-holownia-podpisal-rezygnacje-z-funkcji-marszalka-sejmu-chcialbym-wszystkim\/7zjsen9,79cfc278\" id=\"344e93fc-d0e9-4444-80a8-2e342eea84a6\" rel=\"nofollow noopener\" target=\"_blank\">Ho\u0142ownia podpisa\u0142 sw\u0105 rezygnacj\u0119 z fotela marsza\u0142ka Sejmu <\/a>\u2014 co jeszcze kilka tygodni temu nie by\u0142o takie pewne. Po prezydenckiej pora\u017cce Ho\u0142ownia pr\u00f3bowa\u0142 szanta\u017cowa\u0107 koalicjant\u00f3w, by \u2014 wbrew umowie koalicyjnej \u2014 zagwarantowali mu dalsze kierowanie Sejmem. W tym celu spotyka\u0142 si\u0119 nawet z liderem PiS Jaros\u0142awem Kaczy\u0144skim, kt\u00f3rego wcze\u015bniej ods\u0105dza\u0142 od czci i wiary. Kombinowa\u0142, czy strasz\u0105c Tuska swym uk\u0142adem z PiS, zdo\u0142a ocali\u0107 fotel \u2014 ale kompletnie przestrzeli\u0142, bo kiedy ujawnili\u015bmy potajemne spotkania w apartamencie Adama Bielana, przeciw Ho\u0142owni wyst\u0105pi\u0142a jego w\u0142asna partia. Dzi\u015b Ho\u0142ownia jest politycznie nikim. Dlatego chce wyjecha\u0107.<\/p>\n<p>   <img decoding=\"async\" src=\"https:\/\/www.europesays.com\/pl\/wp-content\/uploads\/2025\/11\/8ZWk9lBaHR0cHM6Ly9vY2RuLmV1L3B1bHNjbXMvTURBXy8zYjk1OTdlODkxNjQzMmZhYTI0N2ExYTFlMDg4ODEyZS5qcGeRlQLNB.jpeg\" height=\"627\" width=\"940\" alt=\"Jaros\u0142aw Kaczy\u0144ski i Adam Bielan, 16 grudnia 2023 r.\" loading=\"lazy\" class=\"ods-c-image__img ods-c-image__img--viewport-width\"\/><\/p>\n<p>Jaros\u0142aw Kaczy\u0144ski i Adam Bielan, 16 grudnia 2023 r.Wojciech Olkusnik\/East News \/ East News<\/p>\n<p class=\"ods-c-paragraph \"><a href=\"https:\/\/wiadomosci.onet.pl\/kraj\/szymon-holownia-chce-odejsc-z-polityki-znamy-jego-plany\/h9jj1nn\" id=\"66e3f9fb-69e5-4b72-b5dd-5dbb0adadf03\" rel=\"nofollow noopener\" target=\"_blank\">Jak ujawnili\u015bmy, stara si\u0119 o posad\u0119 Wysokiego Komisarza ONZ do spraw Uchod\u017ac\u00f3w w Genewie<\/a>. Teraz dowiadujemy si\u0119, \u017ce Ho\u0142ownia jest w topce kr\u00f3tkiej listy kandydat\u00f3w, obok reprezentant\u00f3w Niemiec i Szwajcarii. Sam Ho\u0142ownia w swej zwyczajowej skromno\u015bci m\u00f3wi: &#8222;W przysz\u0142ym tygodniu odb\u0119dzie si\u0119 kolejny etap rekrutacji. Rekrutacji Polski, bo my rozmawiamy dzisiaj o pozycji Polski&#8221;. Pan Szymon lubi czu\u0107 si\u0119 Polsk\u0105.<\/p>\n<p class=\"ods-c-paragraph \">Inna rzecz, \u017ce sekretarz generalny ONZ Ant\u00f3nio Guterres mo\u017ce wybra\u0107 kandydata ca\u0142kowicie spoza grona faworyt\u00f3w. Co, je\u015bli nie wybierze Ho\u0142owni? W MSZ s\u0142yszymy, \u017ce opowie\u015bci o tym, \u017ce w takiej sytuacji Ho\u0142ownia zostanie ambasadorem w USA lub Watykanie s\u0105 bajk\u0105.<\/p>\n<p><img decoding=\"async\" src=\"https:\/\/www.europesays.com\/pl\/wp-content\/uploads\/2025\/11\/-9Dk9lBaHR0cHM6Ly9vY2RuLmV1L3B1bHNjbXMvTURBXy9jOGU1ZTlkMmFlNzQxNzg4YWQ0YTY2OWZjNzllYzE0My5qcGeRlQLNB.jpeg\" height=\"705\" width=\"940\" alt=\"Szymon Ho\u0142ownia i Ant\u00f3nio Guterres\" loading=\"lazy\" class=\"ods-c-image__img ods-c-image__img--viewport-width\"\/><\/p>\n<p>Szymon Ho\u0142ownia i Ant\u00f3nio Guterreshttps:\/\/twitter.com\/KancelariaSejmu<\/p>\n<p class=\"ods-c-paragraph \">Jak znamy Ho\u0142owni\u0119, to uzna, \u017ce jego w\u0142asna pora\u017cka to wina Tuska. A na pewno za win\u0119 Tuska uwa\u017ca ostatnie dzia\u0142ania prokuratury. Ot\u00f3\u017c na polecenie prokuratora funkcjonariusze CBA weszli do urz\u0119du miasta w Otwocku \u2014 to gmina, w kt\u00f3rej mieszka Ho\u0142ownia. <a href=\"https:\/\/wiadomosci.onet.pl\/kraj\/sluzby-zabezpieczyly-dokumenty-z-podpisami-szymona-holowni-prokuratura-ujawnia\/sb8smqj\" id=\"97ab858c-3c5c-4079-adbc-d889de286258\" rel=\"nofollow noopener\" target=\"_blank\">Szukali orygina\u0142\u00f3w jego podpis\u00f3w pod dokumentami, bo potrzebowali tego w \u015bledztwie dotycz\u0105cym Collegium Humanum<\/a>. Nazwisko Ho\u0142owni znajdowa\u0142o si\u0119 na li\u015bcie student\u00f3w sprzedajnej uczelni, cho\u0107 on sam przekonywa\u0142, \u017ce nie dope\u0142ni\u0142 wszystkich formalno\u015bci i nie podj\u0105\u0142 na niej studi\u00f3w. Faktem jest jednak, \u017ce kontaktowa\u0142 si\u0119 ze skorumpowanym rektorem tej uczelni Paw\u0142em Cz. &#8222;Zachodzi potrzeba uzyskania opinii z zakresu pisma r\u0119cznego w celu weryfikacji autentyczno\u015bci podpis\u00f3w Szymona Ho\u0142owni na zabezpieczonej w toku post\u0119powania dokumentacji&#8221; \u2014 twierdzi prokuratura. Skoro prokuratura szuka oryginalnych pr\u00f3bek pisma Ho\u0142owni, to znaczy, \u017ce nie jest dobrze.<\/p>\n<p>   <img decoding=\"async\" src=\"https:\/\/www.europesays.com\/pl\/wp-content\/uploads\/2025\/11\/B9Ck9lBaHR0cHM6Ly9vY2RuLmV1L3B1bHNjbXMvTURBXy84YWRhZDE1NGIyNjYwYjc4ODZiOGNiOGIxYzc1NzMzYy5qcGeRlQLNB.jpeg\" height=\"627\" width=\"940\" alt=\"Premier Donald Tusk  i Szymon Ho\u0142ownia na sali plenarnej Sejmu, 17 pa\u017adziernika 2025 r.\" loading=\"lazy\" class=\"ods-c-image__img ods-c-image__img--viewport-width\"\/><\/p>\n<p>Premier Donald Tusk  i Szymon Ho\u0142ownia na sali plenarnej Sejmu, 17 pa\u017adziernika 2025 r.Radek Pietruszka \/ PAP<\/p>\n<p> PiS nie chce komunisty Czarzastego na marsza\u0142ka Sejmu. Ale PiS g\u0142osowa\u0142o za wyborem komunisty Czarzastego na wicemarsza\u0142ka Sejmu<\/p>\n<p class=\"ods-c-paragraph \">Rozgrywk\u0119 z Ho\u0142owni\u0105 wygra\u0142 lider Lewicy W\u0142odzimierz Czarzasty \u2014 wszystko wskazuje na to, \u017ce to on zostanie marsza\u0142kiem Sejmu, tak jak to zosta\u0142o ustalone w umowie koalicyjnej 2 lata temu.<\/p>\n<p><img decoding=\"async\" src=\"https:\/\/www.europesays.com\/pl\/wp-content\/uploads\/2025\/11\/pHpk9lBaHR0cHM6Ly9vY2RuLmV1L3B1bHNjbXMvTURBXy84YmI3OTdhMjY3OTQyNzI0MzdlOTkzM2EzOTY3MzY3Mi5qcGeSlQPNA.jpeg\" height=\"743\" width=\"940\" alt=\"Szymon Ho\u0142ownia i W\u0142odzimierz Czarzasty podczas zmiany w sk\u0142adzie Rady Ministr\u00f3w w Pa\u0142acu Prezydenckim, 24 lipca 2025 r.\" loading=\"lazy\" class=\"ods-c-image__img ods-c-image__img--viewport-width\"\/><\/p>\n<p>Szymon Ho\u0142ownia i W\u0142odzimierz Czarzasty podczas zmiany w sk\u0142adzie Rady Ministr\u00f3w w Pa\u0142acu Prezydenckim, 24 lipca 2025 r.Pawe\u0142 Supernak \/ PAP<\/p>\n<p class=\"ods-c-paragraph \">Wszystko na to wskazuje, cho\u0107 ca\u0142kowitej pewno\u015bci nie ma, bo nie wiadomo jak zag\u0142osuje grupka pos\u0142\u00f3w Polski 2050, najbardziej oddanych Ho\u0142owni.<\/p>\n<p class=\"ods-c-paragraph \">Tak czy inaczej \u2014 Czarzasty postawi\u0142 na tward\u0105 lojalno\u015b\u0107 wobec Tuska i mu si\u0119 to op\u0142aca\u0142o. Je\u015bli Czarzasty zostanie marsza\u0142kiem, to na pewno b\u0119dzie \u015bci\u015blej wsp\u00f3\u0142pracowa\u0142 z Tuskiem, ni\u017c Ho\u0142ownia, kt\u00f3ry nie cierpi premiera. Nie ma te\u017c mowy, \u017ceby Czarzasty ob\u0142askawia\u0142 PiS \u2014 tak jak robi\u0142 Ho\u0142ownia po pora\u017cce wyborczej, gdy uzna\u0142, \u017ce potrzebuje poparcia Nawrockiego, by dosta\u0107 robot\u0119 w Genewie. Czarzasty niczego od PiS nie potrzebuje.<\/p>\n<p class=\"ods-c-paragraph \">Lider Lewicy nie jest \u0142asy na stanowiska, ale ma t\u0119 jedn\u0105 s\u0142abo\u015b\u0107: chce si\u0119 zapisa\u0107 w historii jako marsza\u0142ek Sejmu. Zabawny jest wyre\u017cyserowany <a href=\"https:\/\/wiadomosci.onet.pl\/kraj\/mariusz-blaszczak-ostro-o-wlodzimierzu-czarzastym-nazwal-go-komunista\/8mchljl\" id=\"66723e8d-6e43-4c3c-bafd-a818446a2895\" rel=\"nofollow noopener\" target=\"_blank\">oburz polityk\u00f3w PiS, kt\u00f3rzy protestuj\u0105 przeciwko wyborowi Czarzastego, bo to by\u0142y komunista<\/a>. Przypominamy wam towarzysze z PiS to, o czym pami\u0119ta\u0107 nie chcecie. W 2019 r. \u2014 po wygranych wyborach \u2014 zdecydowana wi\u0119kszo\u015b\u0107 z was zag\u0142osowa\u0142a za wyborem Czarzastego na wicemarsza\u0142ka Sejmu. W tym gronie byli czo\u0142owi antykomuni\u015bci: Ziobro, Morawiecki, Kami\u0144ski i Macierewicz. Tak, tak \u2014 ten sam Ziobro, kt\u00f3ry w swym raporcie z afery Rywina uzna\u0142 Czarzastego za element postkomunistycznej, skorumpowanej &#8222;grupy trzymaj\u0105cej w\u0142adz\u0119&#8221;. Dopiero w 2023 r., po utracie w\u0142adzy, zmienili\u015bcie zdanie i w kolejnej kadencji jak jeden m\u0105\u017c g\u0142osowali\u015bcie przeciwko Czarzastemu.<\/p>\n<p><img decoding=\"async\" src=\"https:\/\/www.europesays.com\/pl\/wp-content\/uploads\/2025\/11\/umRk9lBaHR0cHM6Ly9vY2RuLmV1L3B1bHNjbXMvTURBXy9jMjM5NjI3ODQ3ZjQ2OWY5NDQ1OGUzNzIxNDc2NjZmMi5qcGeRlQLNB.jpeg\" height=\"627\" width=\"940\" alt=\"Zbigniew Ziobro i Mateusz Morawiecki, 14 maja 2019 r.\" loading=\"lazy\" class=\"ods-c-image__img ods-c-image__img--viewport-width\"\/><\/p>\n<p>Zbigniew Ziobro i Mateusz Morawiecki, 14 maja 2019 r.Grzegorz BANASZAK\/REPORTER \/ East News<\/p>\n<p class=\"ods-c-paragraph \">Mamy te\u017c list\u0119 polityk\u00f3w PiS z przesz\u0142o\u015bci\u0105 w PZPR. Wy te\u017c j\u0105 macie, a wi\u0119c zerknijcie. Stanis\u0142aw Piotrowicz, Wojciech Jasi\u0144ski, Maciej \u0141opi\u0144ski, Krzysztof Czaba\u0144ski, Andrzej Kry\u017ce, a i paru agent\u00f3w SB by si\u0119 znalaz\u0142o.<\/p>\n<p>   <img decoding=\"async\" src=\"https:\/\/www.europesays.com\/pl\/wp-content\/uploads\/2025\/11\/yPfk9lBaHR0cHM6Ly9vY2RuLmV1L3B1bHNjbXMvTURBXy9lMDM1OGVmOTE5ZTIxZGFmYzhjMzI3YjFmZWE4OTJjYi5qcGeSlQPNA.jpeg\" height=\"514\" width=\"914\" alt=\"Antoni Macierewicz, Mariusz Kami\u0144ski na posiedzeniu Sejmu, 12 grudnia 2023 r.\" loading=\"lazy\" class=\"ods-c-image__img ods-c-image__img--viewport-width\"\/><\/p>\n<p>Antoni Macierewicz, Mariusz Kami\u0144ski na posiedzeniu Sejmu, 12 grudnia 2023 r.Piotr MoleckiEast News \/ East News<\/p>\n<p class=\"ods-c-paragraph \">Faktem jest, \u017ce Czarzasty to ostatni z dawnych komunist\u00f3w, kt\u00f3rzy w III RP zaszli na sam szczyt. Czy to si\u0119 Kaczy\u0144skiemu, Tuskowi i Czarzastemu podoba, czy nie \u2014 zbli\u017ca si\u0119 ich b\u00f3j ostatni. Faktem jest przy tym, \u017ce to Kaczy\u0144ski ma w swym obozie najwi\u0119cej kandydat\u00f3w na Brutus\u00f3w.<\/p>\n<p><img decoding=\"async\" src=\"https:\/\/www.europesays.com\/pl\/wp-content\/uploads\/2025\/11\/7pck9lBaHR0cHM6Ly9vY2RuLmV1L3B1bHNjbXMvTURBXy8zNGZjNTM5Nzg1Y2MxODI4ZmY1ZmU1MjFjYjdhZTJhOC5qcGeRlQLNB.jpeg\" height=\"627\" width=\"940\" alt=\"J\u00f3zef Oleksy i W\u0142odzimierz Czarzasty na 55. rocznicy powstania ZSP, 18 kwietnia 2005 r.\" loading=\"lazy\" class=\"ods-c-image__img ods-c-image__img--viewport-width\"\/><\/p>\n<p>J\u00f3zef Oleksy i W\u0142odzimierz Czarzasty na 55. rocznicy powstania ZSP, 18 kwietnia 2005 r.Tomasz Gzell \/ PAP<\/p>\n<p>  <script async src=\"https:\/\/platform.twitter.com\/widgets.js\" charset=\"utf-8\"><\/script><\/p>\n","protected":false},"excerpt":{"rendered":"Na marszu prezydent czu\u0142 si\u0119 jak ryba w wodzie. Ewidentnie maszeruj\u0105c w\u015br\u00f3d kiboli, konfederat\u00f3w i braunist\u00f3w by\u0142 w\u015br\u00f3d&hellip;\n","protected":false},"author":2,"featured_media":103600,"comment_status":"","ping_status":"","sticky":false,"template":"","format":"standard","meta":{"footnotes":""},"categories":[12],"tags":[211,56,32,33,212,36,37,27,422,43,1006,49,34,35,16788,10452,28,31,48,1382,25,46,529,42,38,40,39,41,11238,47,5485,204,29,30,26,203],"class_list":{"0":"post-103599","1":"post","2":"type-post","3":"status-publish","4":"format-standard","5":"has-post-thumbnail","7":"category-polska","8":"tag-_stan_wyjatkowy_","9":"tag-article_premium","10":"tag-breaking-news","11":"tag-breakingnews","12":"tag-donald_tusk","13":"tag-featured-news","14":"tag-featurednews","15":"tag-headlines","16":"tag-jaroslaw_kaczynski","17":"tag-karol_nawrocki","18":"tag-konfederacja","19":"tag-kraj","20":"tag-latest-news","21":"tag-latestnews","22":"tag-marsz_niepodleglosci","23":"tag-marszalek_sejmu","24":"tag-naglowki","25":"tag-najwazniejsze-artykuly","26":"tag-nat_styl","27":"tag-neosedziowie","28":"tag-news","29":"tag-omp","30":"tag-pis","31":"tag-pl","32":"tag-poland","33":"tag-polish","34":"tag-polska","35":"tag-polski","36":"tag-sad_i_sadownictwo","37":"tag-screening_general","38":"tag-sejm_rp","39":"tag-szymon_holownia","40":"tag-top-stories","41":"tag-topstories","42":"tag-wiadomosci","43":"tag-wlodzimierz_czarzasty"},"share_on_mastodon":{"url":"","error":"Validation failed: Text character limit of 500 exceeded"},"_links":{"self":[{"href":"https:\/\/www.europesays.com\/pl\/wp-json\/wp\/v2\/posts\/103599","targetHints":{"allow":["GET"]}}],"collection":[{"href":"https:\/\/www.europesays.com\/pl\/wp-json\/wp\/v2\/posts"}],"about":[{"href":"https:\/\/www.europesays.com\/pl\/wp-json\/wp\/v2\/types\/post"}],"author":[{"embeddable":true,"href":"https:\/\/www.europesays.com\/pl\/wp-json\/wp\/v2\/users\/2"}],"replies":[{"embeddable":true,"href":"https:\/\/www.europesays.com\/pl\/wp-json\/wp\/v2\/comments?post=103599"}],"version-history":[{"count":0,"href":"https:\/\/www.europesays.com\/pl\/wp-json\/wp\/v2\/posts\/103599\/revisions"}],"wp:featuredmedia":[{"embeddable":true,"href":"https:\/\/www.europesays.com\/pl\/wp-json\/wp\/v2\/media\/103600"}],"wp:attachment":[{"href":"https:\/\/www.europesays.com\/pl\/wp-json\/wp\/v2\/media?parent=103599"}],"wp:term":[{"taxonomy":"category","embeddable":true,"href":"https:\/\/www.europesays.com\/pl\/wp-json\/wp\/v2\/categories?post=103599"},{"taxonomy":"post_tag","embeddable":true,"href":"https:\/\/www.europesays.com\/pl\/wp-json\/wp\/v2\/tags?post=103599"}],"curies":[{"name":"wp","href":"https:\/\/api.w.org\/{rel}","templated":true}]}}