{"id":103617,"date":"2025-11-16T06:58:09","date_gmt":"2025-11-16T06:58:09","guid":{"rendered":"https:\/\/www.europesays.com\/pl\/103617\/"},"modified":"2025-11-16T06:58:09","modified_gmt":"2025-11-16T06:58:09","slug":"witolda-sadowego-nazywano-charonem-w-wieku-100-lat-dokonal-coming-outu-2","status":"publish","type":"post","link":"https:\/\/www.europesays.com\/pl\/103617\/","title":{"rendered":"Witolda Sadowego nazywano Charonem. W wieku 100 lat dokona\u0142 coming outu"},"content":{"rendered":"<p class=\"Paragraph_desktopParagraph__U31Gm\">Nied\u0142ugo potem kariera Witolda Sadowego nabra\u0142a rozp\u0119du. M\u0142ody aktor mia\u0142 okazj\u0119 rozwija\u0107 sw\u00f3j warsztat pod okiem takich s\u0142aw jak Aleksander Zelwerowicz czy Leon Schiller i Juliusz Osterwa. Wyst\u0119powa\u0142 na deskach teatr\u00f3w takich jak Teatr Polski, Teatr Rozmaito\u015bci (teraz TR Warszawa) czy Teatr Klasyczny (obecnie Studio). Jego ostatnim spektaklem by\u0142a rola w &#8222;Ga\u0142\u0105zce rozmarynu&#8221;. Gdy po jednym z przedstawie\u0144 w 1988 r. dowiedzia\u0142 si\u0119, \u017ce w Teatrze Rozmaito\u015bci wybuch\u0142 po\u017car, postanowi\u0142 przej\u015b\u0107 na emerytur\u0119.\n<\/p>\n<p>&#8222;Dostawa\u0142em jeszcze jakie\u015b propozycje, ale uzna\u0142em, \u017ce to ju\u017c nie ma sensu. Uzna\u0142em, \u017ce ten po\u017car to by\u0142 znak, \u017ceby zako\u0144czy\u0107 pewien etap w \u017cyciu&#8221; \u2014 przyzna\u0142 aktor na \u0142amach &#8222;Gazety Wyborczej&#8221;.\n<\/p>\n<p>Wci\u0105\u017c jednak pozostawa\u0142 w kontakcie ze \u015brodowiskiem artystycznym. Do ko\u0144ca \u017cycia jego pasj\u0105 by\u0142 teatr. Zdarza\u0142y si\u0119 sezony, w kt\u00f3rych nie opuszcza\u0142 \u017cadnej warszawskiej premiery.\n<\/p>\n<p>&#8222;Staram si\u0119 chodzi\u0107 na wszystko, w miar\u0119 mo\u017cliwo\u015bci. Nie zawsze mi si\u0119 podoba to, co dzisiejsi tw\u00f3rcy robi\u0105 z klasyk\u0105, nie zawsze si\u0119 z tym zgadzam, ale zdaj\u0119 sobie spraw\u0119, jak bardzo zmieni\u0142 si\u0119 teatr i spos\u00f3b grania. Sam si\u0119 \u0142api\u0119 na tym, \u017ce to, co kiedy\u015b wydawa\u0142o mi si\u0119 mistrzostwem, dzi\u015b ju\u017c mi tak nie imponuje, a czasem zwyczajnie nudzi&#8221; \u2014 opowiada\u0142 w &#8222;Gazecie Wyborczej&#8221;.<\/p>\n","protected":false},"excerpt":{"rendered":"Nied\u0142ugo potem kariera Witolda Sadowego nabra\u0142a rozp\u0119du. M\u0142ody aktor mia\u0142 okazj\u0119 rozwija\u0107 sw\u00f3j warsztat pod okiem takich s\u0142aw&hellip;\n","protected":false},"author":2,"featured_media":103618,"comment_status":"","ping_status":"","sticky":false,"template":"","format":"standard","meta":{"footnotes":""},"categories":[22],"tags":[122,2728,246,67,261,8781,53,52,68,51,55,42,38,40,39,41,123,47,50,12304,3369],"class_list":{"0":"post-103617","1":"post","2":"type-post","3":"status-publish","4":"format-standard","5":"has-post-thumbnail","7":"category-rozrywka","8":"tag-entertainment","9":"tag-evergreen","10":"tag-inspire_me","11":"tag-intextvideo_splayer","12":"tag-kultura","13":"tag-lgbt_lgbtiq_lgbt","14":"tag-new_header","15":"tag-onet3","16":"tag-onet3d","17":"tag-onet3d_2i","18":"tag-phx","19":"tag-pl","20":"tag-poland","21":"tag-polish","22":"tag-polska","23":"tag-polski","24":"tag-rozrywka","25":"tag-screening_general","26":"tag-v2021","27":"tag-witold_sadowy","28":"tag-zycie_gwiazd"},"share_on_mastodon":{"url":"https:\/\/pubeurope.com\/@pl\/115558082327140734","error":""},"_links":{"self":[{"href":"https:\/\/www.europesays.com\/pl\/wp-json\/wp\/v2\/posts\/103617","targetHints":{"allow":["GET"]}}],"collection":[{"href":"https:\/\/www.europesays.com\/pl\/wp-json\/wp\/v2\/posts"}],"about":[{"href":"https:\/\/www.europesays.com\/pl\/wp-json\/wp\/v2\/types\/post"}],"author":[{"embeddable":true,"href":"https:\/\/www.europesays.com\/pl\/wp-json\/wp\/v2\/users\/2"}],"replies":[{"embeddable":true,"href":"https:\/\/www.europesays.com\/pl\/wp-json\/wp\/v2\/comments?post=103617"}],"version-history":[{"count":0,"href":"https:\/\/www.europesays.com\/pl\/wp-json\/wp\/v2\/posts\/103617\/revisions"}],"wp:featuredmedia":[{"embeddable":true,"href":"https:\/\/www.europesays.com\/pl\/wp-json\/wp\/v2\/media\/103618"}],"wp:attachment":[{"href":"https:\/\/www.europesays.com\/pl\/wp-json\/wp\/v2\/media?parent=103617"}],"wp:term":[{"taxonomy":"category","embeddable":true,"href":"https:\/\/www.europesays.com\/pl\/wp-json\/wp\/v2\/categories?post=103617"},{"taxonomy":"post_tag","embeddable":true,"href":"https:\/\/www.europesays.com\/pl\/wp-json\/wp\/v2\/tags?post=103617"}],"curies":[{"name":"wp","href":"https:\/\/api.w.org\/{rel}","templated":true}]}}