{"id":103678,"date":"2025-11-16T07:58:08","date_gmt":"2025-11-16T07:58:08","guid":{"rendered":"https:\/\/www.europesays.com\/pl\/103678\/"},"modified":"2025-11-16T07:58:08","modified_gmt":"2025-11-16T07:58:08","slug":"spiecie-prezydenckiego-ministra-z-ambasadorem-niemiec-poszlo-o-reparacje","status":"publish","type":"post","link":"https:\/\/www.europesays.com\/pl\/103678\/","title":{"rendered":"Spi\u0119cie prezydenckiego ministra z ambasadorem Niemiec. Posz\u0142o o reparacje"},"content":{"rendered":"<p class=\"Paragraph_desktopParagraph__U31Gm\">W sobot\u0119 na platformie X prezydencki minister w\u0142\u0105czy\u0142 si\u0119 w dyskusj\u0119 mi\u0119dzy ambasadorem Niemiec a europos\u0142em PiS Arkadiuszem Mularczykiem, by\u0142ym wiceszefem MSZ i pe\u0142nomocnikiem rz\u0105du PiS ds. odszkodowa\u0144 za straty wojenne. Raport o stratach poniesionych przez Polsk\u0119 w wyniku agresji i okupacji niemieckiej w czasie II wojny \u015bwiatowej, przygotowany pod przewodnictwem Mularczyka, zosta\u0142 zaprezentowany 1 wrze\u015bnia 2022 r.<\/p>\n<p class=\"VideoPlayerText_videoPlayerText__iDwyz\">Dalszy ci\u0105g materia\u0142u pod wideo<\/p>\n<ul class=\"OchatFollowUps_wrapper__1ry7X\">\n<li class=\"OchatFollowUps_item__Dhyly OchatFollowUps_itemDesktop__R6aBv\">Jaki raport zosta\u0142 zaprezentowany przez Mularczyka?<\/li>\n<li class=\"OchatFollowUps_item__Dhyly OchatFollowUps_itemDesktop__R6aBv\">Co powiedzia\u0142 Mularczyk o d\u0142ugach Niemiec wobec Polski?<\/li>\n<li class=\"OchatFollowUps_item__Dhyly OchatFollowUps_itemDesktop__R6aBv\">Jakie s\u0105 reakcje Przydacza na wpis ambasadora Bergera?<\/li>\n<li class=\"OchatFollowUps_item__Dhyly OchatFollowUps_itemDesktop__R6aBv\">Jakie odszkodowania domaga\u0142a si\u0119 Polska od Niemiec?<\/li>\n<\/ul>\n<p>Spi\u0119cie europos\u0142a PiS z ambasadorem Niemiec <\/p>\n<p class=\"Paragraph_desktopParagraph__U31Gm\">Mularczyk napisa\u0142 do Bergera, \u017ce ch\u0119tnie mu ten raport przeka\u017ce. Wed\u0142ug europos\u0142a dokument jasno ukazuje skal\u0119 zniszcze\u0144 oraz nierozliczony d\u0142ug Niemiec wobec Polski. &#8222;Jest to kluczowy element zrozumienia, jakie kroki s\u0105 niezb\u0119dne po stronie Niemiec, aby budowa\u0107 prawdziwe, partnerskie i odpowiedzialne relacje polsko-niemieckie&#8221; \u2014 doda\u0142 Mularczyk.<\/p>\n<p class=\"Paragraph_desktopParagraph__U31Gm\">Ambasador odpowiedzia\u0142 europos\u0142owi wpisem: &#8222;Szanowny panie po\u015ble, myli si\u0119 pan, s\u0105dz\u0105c, \u017ce pa\u0144ski \u00bbraport\u00ab i pa\u0144ski aktywizm b\u0119d\u0105 kszta\u0142towa\u0107 przysz\u0142o\u015b\u0107 naszych relacji. Ci\u0105g\u0142e podzia\u0142y kreowane przez ludzi takich jak pan, pomagaj\u0105 jedynie Putinowi&#8221;.<\/p>\n<p>Starcie prezydenckiego ministra z ambasadorem Niemiec. Posz\u0142o o reparacje <\/p>\n<p class=\"Paragraph_desktopParagraph__U31Gm\">Na ten wpis zareagowa\u0142 Przydacz. &#8222;Je\u015bli co\u015b pomaga\u0142o Putinowi przez ca\u0142e lata, to istnienie gazoci\u0105g\u00f3w Nord Stream I i II, kt\u00f3rego tak zdecydowanie broni\u0142 Pan Ambasador (wtedy jako wiceminister) podczas kilku naszych oficjalnych rozm\u00f3w. Prosz\u0119 wi\u0119c uprzejmie powstrzyma\u0107 si\u0119 od korzystania z tego argumentu&#8221; \u2014 podkre\u015bli\u0142.<\/p>\n<p class=\"Paragraph_desktopParagraph__U31Gm\">Doda\u0142, \u017ce je\u015bli za\u015b chodzi o podzia\u0142y, &#8222;to nic tak Polak\u00f3w nie \u0142\u0105czy, jak reakcja na niemieckie besserwisserstwo&#8221;.<\/p>\n<p class=\"Paragraph_desktopParagraph__U31Gm\">&#8222;I mam dla Pana dobr\u0105 informacj\u0119, ten Raport istnieje i b\u0119dzie wp\u0142ywa\u0142 na kszta\u0142t relacji polsko-niemieckich. Dop\u00f3ki Niemcy nie rozlicz\u0105 si\u0119 w pe\u0142ni ze zbrodni i zniszcze\u0144, jakich dopu\u015bci\u0142y si\u0119 na moim Narodzie i Pa\u0144stwie&#8221; \u2014 zaznaczy\u0142 prezydencki minister.<\/p>\n<p>Odszkodowania dla polskich ofiar II wojny \u015bwiatowej <\/p>\n<p class=\"Paragraph_desktopParagraph__U31Gm\">Temat odszkodowa\u0144 dla ofiar II wojny \u015bwiatowej jest ca\u0142y czas przedmiotem rozm\u00f3w polskiego rz\u0105du ze stron\u0105 niemieck\u0105. Zapowied\u017a wsparcia dla \u017cyj\u0105cych jeszcze Polak\u00f3w poszkodowanych w II wojnie \u015bwiatowej pad\u0142a podczas pierwszych od 2018 r. polsko-niemieckich konsultacji mi\u0119dzyrz\u0105dowych, do kt\u00f3rych dosz\u0142o na pocz\u0105tku lipca ub.r., jednak szczeg\u00f3\u0142y tej pomocy pozosta\u0142y niesprecyzowane.<\/p>\n<p class=\"Paragraph_desktopParagraph__U31Gm\">3 pa\u017adziernika 2022 r. minister spraw zagranicznych w rz\u0105dzie PiS Zbigniew Rau podpisa\u0142 not\u0119 dyplomatyczn\u0105 do strony niemieckiej, dotycz\u0105c\u0105 odszkodowa\u0144 wojennych. Polska domaga\u0142a si\u0119 w niej m.in. odszkodowania za straty materialne i niematerialne w wysoko\u015bci 6 bln 220 mld 609 mln z\u0142 i zrekompensowania szk\u00f3d. 3 stycznia 2023 r. MSZ przekaza\u0142o wtedy, \u017ce resort dyplomacji RFN udzieli\u0142 odpowiedzi na t\u0119 not\u0119, uznaj\u0105c, \u017ce sprawa reparacji i odszkodowa\u0144 za straty wojenne pozostaje zamkni\u0119ta, a rz\u0105d niemiecki nie zamierza podejmowa\u0107 negocjacji w tej sprawie.<\/p>\n","protected":false},"excerpt":{"rendered":"W sobot\u0119 na platformie X prezydencki minister w\u0142\u0105czy\u0142 si\u0119 w dyskusj\u0119 mi\u0119dzy ambasadorem Niemiec a europos\u0142em PiS Arkadiuszem&hellip;\n","protected":false},"author":2,"featured_media":103679,"comment_status":"","ping_status":"","sticky":false,"template":"","format":"standard","meta":{"footnotes":""},"categories":[12],"tags":[32,33,36,37,27,8476,67,34,35,45,28,31,53,25,773,7974,52,68,51,55,42,38,40,39,41,772,47,29,30,65,50,26],"class_list":{"0":"post-103678","1":"post","2":"type-post","3":"status-publish","4":"format-standard","5":"has-post-thumbnail","7":"category-polska","8":"tag-breaking-news","9":"tag-breakingnews","10":"tag-featured-news","11":"tag-featurednews","12":"tag-headlines","13":"tag-iii_rzesza","14":"tag-intextvideo_splayer","15":"tag-latest-news","16":"tag-latestnews","17":"tag-marcin_przydacz","18":"tag-naglowki","19":"tag-najwazniejsze-artykuly","20":"tag-new_header","21":"tag-news","22":"tag-niemcy_rfn_republika_federalna_niemiec","23":"tag-nord_stream_rurociagi","24":"tag-onet3","25":"tag-onet3d","26":"tag-onet3d_2i","27":"tag-phx","28":"tag-pl","29":"tag-poland","30":"tag-polish","31":"tag-polska","32":"tag-polski","33":"tag-reparacje_wojenne","34":"tag-screening_general","35":"tag-top-stories","36":"tag-topstories","37":"tag-update_me","38":"tag-v2021","39":"tag-wiadomosci"},"share_on_mastodon":{"url":"","error":"Validation failed: Text character limit of 500 exceeded"},"_links":{"self":[{"href":"https:\/\/www.europesays.com\/pl\/wp-json\/wp\/v2\/posts\/103678","targetHints":{"allow":["GET"]}}],"collection":[{"href":"https:\/\/www.europesays.com\/pl\/wp-json\/wp\/v2\/posts"}],"about":[{"href":"https:\/\/www.europesays.com\/pl\/wp-json\/wp\/v2\/types\/post"}],"author":[{"embeddable":true,"href":"https:\/\/www.europesays.com\/pl\/wp-json\/wp\/v2\/users\/2"}],"replies":[{"embeddable":true,"href":"https:\/\/www.europesays.com\/pl\/wp-json\/wp\/v2\/comments?post=103678"}],"version-history":[{"count":0,"href":"https:\/\/www.europesays.com\/pl\/wp-json\/wp\/v2\/posts\/103678\/revisions"}],"wp:featuredmedia":[{"embeddable":true,"href":"https:\/\/www.europesays.com\/pl\/wp-json\/wp\/v2\/media\/103679"}],"wp:attachment":[{"href":"https:\/\/www.europesays.com\/pl\/wp-json\/wp\/v2\/media?parent=103678"}],"wp:term":[{"taxonomy":"category","embeddable":true,"href":"https:\/\/www.europesays.com\/pl\/wp-json\/wp\/v2\/categories?post=103678"},{"taxonomy":"post_tag","embeddable":true,"href":"https:\/\/www.europesays.com\/pl\/wp-json\/wp\/v2\/tags?post=103678"}],"curies":[{"name":"wp","href":"https:\/\/api.w.org\/{rel}","templated":true}]}}