{"id":103742,"date":"2025-11-16T08:54:09","date_gmt":"2025-11-16T08:54:09","guid":{"rendered":"https:\/\/www.europesays.com\/pl\/103742\/"},"modified":"2025-11-16T08:54:09","modified_gmt":"2025-11-16T08:54:09","slug":"ostrzezenia-imgw-deszcz-ze-sniegiem-i-gololedz-alerty-w-kilku-wojewodztwach","status":"publish","type":"post","link":"https:\/\/www.europesays.com\/pl\/103742\/","title":{"rendered":"Ostrze\u017cenia IMGW. Deszcz ze \u015bniegiem i go\u0142oled\u017a. Alerty w kilku wojew\u00f3dztwach"},"content":{"rendered":"<p>Instytut Meteorologii i Gospodarki Wodnej wyda\u0142 ostrze\u017cenia I stopnia przed opadami marzn\u0105cymi dla p\u00f3\u0142nocno-wschodnich wojew\u00f3dztw.\u00a0<\/p>\n<p>\u00a0<\/p>\n<p>Ostrze\u017cenia obowi\u0105zuj\u0105 na terenie cz\u0119\u015bci woj. pomorskiego, mazowieckiego, lubelskiego, warmi\u0144sko-mazurskiego oraz podlaskiego. Obowi\u0105zuj\u0105 one do godz. 10.<\/p>\n<p>\u00a0<\/p>\n<p>W powiatach e\u0142ckim, gi\u017cyckim, go\u0142dapski, oleckim i w\u0119gorzewskim w woj. warmi\u0144sko-mazurskim oraz powiatach augustowskim, sejne\u0144skim, sok\u00f3lskim, suwalskim i w mie\u015bcie Suwa\u0142ki w woj. podlaskim ostrze\u017cenie b\u0119dzie obowi\u0105zywa\u0107 od godz. 10 do godz. 13.<\/p>\n<p>\u00a0<\/p>\n<blockquote class=\"twitter-tweet\"><p>&#13;<\/p>\n<p dir=\"ltr\" lang=\"pl\">\ud83c\udf27\ufe0f Dzie\u0144 dobry w niedziel\u0119!<br \/>Du\u017ce zachmurzenie, miejscami na po\u0142udniu i SW przeja\u015bnienia. Okresami deszcz, na NE rano \u015bnieg\/deszcz ze \u015bniegiem i mo\u017cliwa go\u0142oled\u017a. Na N opady chwilami intensywne (10\u201315 mm).<br \/>\ud83c\udf21\ufe0f 2\u201312\u00b0C<br \/>\ud83d\udca8 Wiatr s\u0142aby\/umiarkowany<a href=\"https:\/\/twitter.com\/hashtag\/pogoda?src=hash&amp;ref_src=twsrc%5Etfw\" rel=\"nofollow noopener\" target=\"_blank\">#pogoda<\/a> <a href=\"https:\/\/twitter.com\/hashtag\/niedziela?src=hash&amp;ref_src=twsrc%5Etfw\" rel=\"nofollow noopener\" target=\"_blank\">#niedziela<\/a> <a href=\"https:\/\/twitter.com\/hashtag\/prognoza?src=hash&amp;ref_src=twsrc%5Etfw\" rel=\"nofollow noopener\" target=\"_blank\">#prognoza<\/a> <a href=\"https:\/\/t.co\/G1xVBkLaBE\" rel=\"nofollow\">pic.twitter.com\/G1xVBkLaBE<\/a><\/p>\n<p>&#13;<br \/>\n\u2014 IMGW-PIB METEO POLSKA (@IMGWmeteo) <a href=\"https:\/\/twitter.com\/IMGWmeteo\/status\/1989939494498250830?ref_src=twsrc%5Etfw\" rel=\"nofollow noopener\" target=\"_blank\">November 16, 2025<\/a><\/p><\/blockquote>\n<p>W niedziel\u0119 prognozowane s\u0105 s\u0142abe opady deszczu ze \u015bniegiem i deszczu, przej\u015bciowo marzn\u0105cego, kt\u00f3re b\u0119d\u0105 powodowa\u0142y go\u0142oled\u017a.<\/p>\n<p>\u00a0<\/p>\n<p>ZOBACZ: <a href=\"https:\/\/www.polsatnews.pl\/wiadomosc\/2025-10-14\/idzie-mrozna-zima-zachowanie-wiru-polarnego-nie-zostawia-zludzen\/\" rel=\"nofollow noopener\" target=\"_blank\">Idzie mro\u017ana zima. Zachowanie wiru polarnego nie zostawia z\u0142udze\u0144<\/a><\/p>\n<p>\u00a0<\/p>\n<p>Ostrze\u017cenie I stopnia przewiduje warunki sprzyjaj\u0105ce wyst\u0105pieniu niebezpiecznych zjawisk meteorologicznych, mog\u0105cych powodowa\u0107 straty materialne oraz zagro\u017cenie zdrowia i \u017cycia.\u00a0<\/p>\n<p>Nad wschodni\u0105 i po\u0142udniowo-wschodni\u0105 cz\u0119\u015bci\u0105 Europy nadal zalega s\u0142abn\u0105cy uk\u0142ad wy\u017cowy. Reszt\u0119 kontynentu zdominuj\u0105 liczne ni\u017ce z frontami atmosferycznymi. Polska od po\u0142udniowego zachodu dostanie si\u0119 pod wp\u0142yw zatoki ni\u017cowej z pofalowanym frontem ch\u0142odnym. Na froncie tym utworzy si\u0119 p\u0142ytki o\u015brodek ni\u017cowy, kt\u00f3ry w ci\u0105gu dnia przemie\u015bci si\u0119 przez p\u00f3\u0142nocn\u0105 cz\u0119\u015b\u0107 kraju. Nap\u0142ywa\u0107 b\u0119dzie wilgotne powietrze polarne morskie, kt\u00f3re przej\u015bciowo b\u0119dzie wypiera\u0107 z p\u00f3\u0142nocy kraju ch\u0142odniejsze powietrze pochodzenia arktycznego.<\/p>\n<p>\u00a0<\/p>\n<p>W niedziel\u0119 w Polsce przewiduje si\u0119\u00a0zachmurzenie du\u017ce i ca\u0142kowite, wi\u0119ksze przeja\u015bnienia oraz rozpogodzenia miejscami na po\u0142udniu i po\u0142udniowym zachodzie. Okresami wyst\u0105pi\u0105 opady deszczu, pocz\u0105tkowo na p\u00f3\u0142nocnym wschodzie tak\u017ce deszczu ze \u015bniegiem i \u015bniegu, a przej\u015bciowo niewykluczone tam r\u00f3wnie\u017c opady marzn\u0105ce powoduj\u0105ce go\u0142oled\u017a. Na p\u00f3\u0142nocy kraju opady b\u0119d\u0105 chwilami intensywne i tam prognozowana ich suma miejscami do oko\u0142o 10-15 mm.<\/p>\n<p>\u00a0<\/p>\n<p>Temperatura maksymalna wyniesie od 2 st. C; 5 st. C na p\u00f3\u0142nocy, oko\u0142o 8 st. C w centrum do 10 st. C na po\u0142udniu i 12 st. C na po\u0142udniowym zachodzie. Wiatr s\u0142aby i umiarkowany, w rejonach podg\u00f3rskich miejscami porywisty, lokalnie na Podkarpaciu w porywach do 55 km\/h, z kierunk\u00f3w po\u0142udniowych, w drugiej po\u0142owie dnia od p\u00f3\u0142nocnego zachodu przechodz\u0105cy na p\u00f3\u0142nocno-zachodni. Wysoko w Sudetach wiatr w porywach do 85 km\/h.<\/p>\n<p>\u00a0<\/p>\n<p>Widzia\u0142e\u015b co\u015b wa\u017cnego? Przy\u015blij zdj\u0119cie, film lub napisz, co si\u0119 sta\u0142o. Skorzystaj z naszej <a href=\"https:\/\/www.polsatnews.pl\/platforma-widzow\/\" target=\"_blank\" rel=\"noopener noreferrer nofollow\">Wrzutni<\/a><\/p>\n<p>                <img decoding=\"async\" src=\"https:\/\/www.europesays.com\/pl\/wp-content\/uploads\/2025\/11\/ip9rp646n52donzrk2ez49qzoa63du3b.jpg\" alt=\"\" itemprop=\"contentUrl\" style=\"position:absolute; width: 100%; max-height: 100%;\"\/><video controls=\"\" controlslist=\"nodownload\" poster=\"https:\/\/www.europesays.com\/pl\/wp-content\/uploads\/2025\/11\/ip9rp646n52donzrk2ez49qzoa63du3b.jpg\" class=\"videoPlayer player6854404 news__video\" data-id=\"6854404\">Twoja przegl\u0105darka nie wspiera odtwarzacza wideo&#8230;<\/video><\/p>\n<p>&#13;<br \/>\n                    \t\t\t\t\t\t\t\t\t\t\t\t\tan&#13;<br \/>\n\t\t\t\t\/\t\t\t\t\t\tPAP&#13;<br \/>\n\t\t\t\t\/\t\t\t\t\t\tpolsatnews.pl&#13;<br \/>\n\t\t\t\t\t&#13;\n                \t<\/p>\n<p>                <a class=\"news__read-more-button\" href=\"https:\/\/www.polsatnews.pl\/\" rel=\"nofollow noopener\" target=\"_blank\">Czytaj wi\u0119cej<\/a><br \/>\n\t\t\t<script async src=\"https:\/\/platform.twitter.com\/widgets.js\" charset=\"utf-8\"><\/script><\/p>\n","protected":false},"excerpt":{"rendered":"Instytut Meteorologii i Gospodarki Wodnej wyda\u0142 ostrze\u017cenia I stopnia przed opadami marzn\u0105cymi dla p\u00f3\u0142nocno-wschodnich wojew\u00f3dztw.\u00a0 \u00a0 Ostrze\u017cenia obowi\u0105zuj\u0105&hellip;\n","protected":false},"author":2,"featured_media":103743,"comment_status":"","ping_status":"","sticky":false,"template":"","format":"standard","meta":{"footnotes":""},"categories":[12],"tags":[32,33,36,37,27,34,35,28,31,25,42,38,40,39,41,29,30,26],"class_list":{"0":"post-103742","1":"post","2":"type-post","3":"status-publish","4":"format-standard","5":"has-post-thumbnail","7":"category-polska","8":"tag-breaking-news","9":"tag-breakingnews","10":"tag-featured-news","11":"tag-featurednews","12":"tag-headlines","13":"tag-latest-news","14":"tag-latestnews","15":"tag-naglowki","16":"tag-najwazniejsze-artykuly","17":"tag-news","18":"tag-pl","19":"tag-poland","20":"tag-polish","21":"tag-polska","22":"tag-polski","23":"tag-top-stories","24":"tag-topstories","25":"tag-wiadomosci"},"share_on_mastodon":{"url":"https:\/\/pubeurope.com\/@pl\/115558538668715627","error":""},"_links":{"self":[{"href":"https:\/\/www.europesays.com\/pl\/wp-json\/wp\/v2\/posts\/103742","targetHints":{"allow":["GET"]}}],"collection":[{"href":"https:\/\/www.europesays.com\/pl\/wp-json\/wp\/v2\/posts"}],"about":[{"href":"https:\/\/www.europesays.com\/pl\/wp-json\/wp\/v2\/types\/post"}],"author":[{"embeddable":true,"href":"https:\/\/www.europesays.com\/pl\/wp-json\/wp\/v2\/users\/2"}],"replies":[{"embeddable":true,"href":"https:\/\/www.europesays.com\/pl\/wp-json\/wp\/v2\/comments?post=103742"}],"version-history":[{"count":0,"href":"https:\/\/www.europesays.com\/pl\/wp-json\/wp\/v2\/posts\/103742\/revisions"}],"wp:featuredmedia":[{"embeddable":true,"href":"https:\/\/www.europesays.com\/pl\/wp-json\/wp\/v2\/media\/103743"}],"wp:attachment":[{"href":"https:\/\/www.europesays.com\/pl\/wp-json\/wp\/v2\/media?parent=103742"}],"wp:term":[{"taxonomy":"category","embeddable":true,"href":"https:\/\/www.europesays.com\/pl\/wp-json\/wp\/v2\/categories?post=103742"},{"taxonomy":"post_tag","embeddable":true,"href":"https:\/\/www.europesays.com\/pl\/wp-json\/wp\/v2\/tags?post=103742"}],"curies":[{"name":"wp","href":"https:\/\/api.w.org\/{rel}","templated":true}]}}