{"id":103813,"date":"2025-11-16T09:44:16","date_gmt":"2025-11-16T09:44:16","guid":{"rendered":"https:\/\/www.europesays.com\/pl\/103813\/"},"modified":"2025-11-16T09:44:16","modified_gmt":"2025-11-16T09:44:16","slug":"matty-cash-bez-ogrodek-po-meczu-z-holandia-mielismy-pecha","status":"publish","type":"post","link":"https:\/\/www.europesays.com\/pl\/103813\/","title":{"rendered":"Matty Cash bez ogr\u00f3dek po meczu z Holandi\u0105. &#8222;Mieli\u015bmy pecha&#8221;"},"content":{"rendered":"\n<p class=\"contentpart contentpart--default contentpart--text\" data-position=\"1\">Remis 1:1 z Holandi\u0105 na PGE Narodowym w Warszawie to wynik, kt\u00f3ry pozostawia niedosyt, ale te\u017c daje nadziej\u0119 przed nadchodz\u0105cymi bara\u017cami. Po meczu g\u0142os zabra\u0142 <a href=\"https:\/\/sportowefakty.wp.pl\/pilka-nozna\/matty-cash\" rel=\"nofollow noopener\" target=\"_blank\">Matty Cash<\/a>, kt\u00f3ry nie ukrywa\u0142 frustracji, ale i dumy z postawy <a href=\"https:\/\/sportowefakty.wp.pl\/pilka-nozna\/polska\" rel=\"nofollow noopener\" target=\"_blank\">reprezentacji Polski<\/a>.<\/p>\n<p class=\"contentpart contentpart--default contentpart--text\" data-position=\"2\">&#8211; My\u015bl\u0119, \u017ce by\u0142o sporo sytuacji, wiesz&#8230; Gdyby jedna z nich si\u0119 uda\u0142a &#8211; na przyk\u0142ad ta, po kt\u00f3rej strzelili\u015bmy gola &#8211; a potem mo\u017ce jeszcze jedna, to by\u0142by zupe\u0142nie inny mecz. My\u015bl\u0119, \u017ce mieli\u015bmy pecha, \u017ce nie strzelili\u015bmy wi\u0119cej, bo stworzyli\u015bmy okazje. No i naprawd\u0119 szkoda straconej bramki, bo nie s\u0105dz\u0119, \u017ceby oni mieli wiele sytuacji &#8211; mo\u017ce jedn\u0105 w pierwszej po\u0142owie, jedn\u0105 lub dwie w drugiej. Ale og\u00f3lnie mo\u017cemy by\u0107 dumni z siebie, chocia\u017c oczywi\u015bcie jeste\u015bmy wkurzeni, \u017ce nie wygrali\u015bmy. No ale to pi\u0142ka no\u017cna &#8211; zaznaczy\u0142 pi\u0142karz w strefie mieszanej.<\/p>\n<p> <img role=\"presentation\" src=\"https:\/\/std.wpcdn.pl\/images\/adv\/placeholder_wp.svg\" loading=\"lazy\" alt=\"\" decoding=\"async\"\/>  <\/p>\n<p class=\"contentpart contentpart--default contentpart--text\" data-position=\"3\">ZOBACZ WIDEO: Bramkarz popisa\u0142 si\u0119 kapitalnym trafieniem w Argentynie<\/p>\n<p class=\"contentpart contentpart--default contentpart--text\" data-position=\"5\">Cash nie kry\u0142 uznania dla fan\u00f3w zgromadzonych na trybunach Narodowego. Ich doping by\u0142 s\u0142yszalny przy ka\u017cdej akcji Bia\u0142o-Czerwonych.\u00a0&#8211; Polscy kibice w pi\u0105tek wieczorem, naprawd\u0119 si\u0119 spisali. Ich wsparcie by\u0142o niesamowite. Dzi\u0119kujemy im &#8211; stworzyli dla nas \u015bwietn\u0105 atmosfer\u0119. My\u015bl\u0119, \u017ce pokazali\u015bmy, \u017ce potrafimy zagra\u0107 pozytywnie. Szkoda, bo gdyby\u015bmy wygrali, to by\u0142oby &#8222;wow&#8221;, a potem mo\u017ce kolejna szansa i kolejne pi\u0142karskie marzenie &#8211; je\u015bli wygramy z Malt\u0105, a Holandia zremisuje albo przegra. Ale og\u00f3lnie &#8211; jestem dumny z ka\u017cdego. Teraz patrzymy na bara\u017ce. Musimy jako\u015b spr\u00f3bowa\u0107 dosta\u0107 si\u0119 na mundial &#8211; m\u00f3wi\u0142 reprezentant Polski.<\/p>\n<p class=\"contentpart contentpart--default contentpart--text\" data-position=\"6\">Selekcjoner zdecydowa\u0142 si\u0119 na ofensywne ustawienie, co od razu zauwa\u017cyli kibice i eksperci. Jak ocenia to pi\u0142karz, kt\u00f3ry na co dzie\u0144 wyst\u0119puje w Premier League? &#8211;\u00a0Tak, by\u0142o ca\u0142kiem dobrze. Potrzebowali\u015bmy zwyci\u0119stwa, wi\u0119c trener zdecydowa\u0142 si\u0119 wystawi\u0107 wi\u0119cej ofensywnych graczy. My\u015bl\u0119, \u017ce to by\u0142o uzasadnione &#8211; celem by\u0142o zdobycie bramki i wygrana. Dlatego mo\u017ce by\u0142o wi\u0119cej atakuj\u0105cych. Og\u00f3lnie zagrali\u015bmy dobrze &#8211; mieli\u015bmy du\u017co posiadania pi\u0142ki i wi\u0119cej okazji ni\u017c Holandia. Uwa\u017cam, \u017ce stworzyli\u015bmy wi\u0119cej szans ni\u017c oni &#8211; analizowa\u0142.<\/p>\n<p> <img role=\"presentation\" src=\"https:\/\/std.wpcdn.pl\/images\/adv\/placeholder_wp.svg\" loading=\"lazy\" alt=\"\" decoding=\"async\"\/>  <\/p>\n<p class=\"contentpart contentpart--default contentpart--text\" data-position=\"7\">Polacy szanse na bezpo\u015bredni awans na mistrzostwa \u015bwiata maj\u0105 tylko iluzoryczne, ale droga przez bara\u017ce jest otwarta. Reprezentacja ma ju\u017c do\u015bwiadczenie w tej formule i &#8211; jak podkre\u015bla Matty Cash &#8211; wie, jak walczy\u0107 w takich warunkach. &#8211;\u00a0Mamy dobry bilans w bara\u017cach, wi\u0119c musimy zrobi\u0107 wszystko, zebra\u0107 wszystkich razem, zesp\u00f3\u0142, kibic\u00f3w, \u00a0i spr\u00f3bowa\u0107 si\u0119 dosta\u0107 na mistrzostwa \u015bwiata &#8211; zako\u0144czy\u0142 zawodnik.<\/p>\n","protected":false},"excerpt":{"rendered":"Remis 1:1 z Holandi\u0105 na PGE Narodowym w Warszawie to wynik, kt\u00f3ry pozostawia niedosyt, ale te\u017c daje nadziej\u0119&hellip;\n","protected":false},"author":2,"featured_media":103814,"comment_status":"","ping_status":"","sticky":false,"template":"","format":"standard","meta":{"footnotes":""},"categories":[5],"tags":[32,33,467,36,37,27,541,34,35,3482,28,31,25,269,42,38,40,39,41,537,539,29,30,26],"class_list":{"0":"post-103813","1":"post","2":"type-post","3":"status-publish","4":"format-standard","5":"has-post-thumbnail","7":"category-naglowki","8":"tag-breaking-news","9":"tag-breakingnews","10":"tag-eliminacje-ms-2026","11":"tag-featured-news","12":"tag-featurednews","13":"tag-headlines","14":"tag-kadra-polski","15":"tag-latest-news","16":"tag-latestnews","17":"tag-matty-cash","18":"tag-naglowki","19":"tag-najwazniejsze-artykuly","20":"tag-news","21":"tag-pilka-nozna","22":"tag-pl","23":"tag-poland","24":"tag-polish","25":"tag-polska","26":"tag-polski","27":"tag-reprezentacja-polski","28":"tag-reprezentacje","29":"tag-top-stories","30":"tag-topstories","31":"tag-wiadomosci"},"share_on_mastodon":{"url":"https:\/\/pubeurope.com\/@pl\/115558735311327783","error":""},"_links":{"self":[{"href":"https:\/\/www.europesays.com\/pl\/wp-json\/wp\/v2\/posts\/103813","targetHints":{"allow":["GET"]}}],"collection":[{"href":"https:\/\/www.europesays.com\/pl\/wp-json\/wp\/v2\/posts"}],"about":[{"href":"https:\/\/www.europesays.com\/pl\/wp-json\/wp\/v2\/types\/post"}],"author":[{"embeddable":true,"href":"https:\/\/www.europesays.com\/pl\/wp-json\/wp\/v2\/users\/2"}],"replies":[{"embeddable":true,"href":"https:\/\/www.europesays.com\/pl\/wp-json\/wp\/v2\/comments?post=103813"}],"version-history":[{"count":0,"href":"https:\/\/www.europesays.com\/pl\/wp-json\/wp\/v2\/posts\/103813\/revisions"}],"wp:featuredmedia":[{"embeddable":true,"href":"https:\/\/www.europesays.com\/pl\/wp-json\/wp\/v2\/media\/103814"}],"wp:attachment":[{"href":"https:\/\/www.europesays.com\/pl\/wp-json\/wp\/v2\/media?parent=103813"}],"wp:term":[{"taxonomy":"category","embeddable":true,"href":"https:\/\/www.europesays.com\/pl\/wp-json\/wp\/v2\/categories?post=103813"},{"taxonomy":"post_tag","embeddable":true,"href":"https:\/\/www.europesays.com\/pl\/wp-json\/wp\/v2\/tags?post=103813"}],"curies":[{"name":"wp","href":"https:\/\/api.w.org\/{rel}","templated":true}]}}