{"id":103856,"date":"2025-11-16T10:13:07","date_gmt":"2025-11-16T10:13:07","guid":{"rendered":"https:\/\/www.europesays.com\/pl\/103856\/"},"modified":"2025-11-16T10:13:07","modified_gmt":"2025-11-16T10:13:07","slug":"szymon-marciniak-sedzia-kluczowego-meczu-dla-polakow-w-el-ms-przeglad-sportowy-onet","status":"publish","type":"post","link":"https:\/\/www.europesays.com\/pl\/103856\/","title":{"rendered":"Szymon Marciniak s\u0119dzi\u0105 kluczowego meczu dla Polak\u00f3w w el. M\u015a! &#8211; Przegl\u0105d Sportowy Onet"},"content":{"rendered":"<ol>\n<li><a href=\"https:\/\/news.google.com\/rss\/articles\/CBMizwFBVV95cUxPaUp6d0ZOUklxNFNERHNFX1NnaXNPR3VXLWQybk9CdkpHdWxBUjk4cnlrN1JQTTc4TFdsdnN4UmNEa0FSOHFWbWl4d2YtMWd0YXBmb3lKWUJ4R1F3d0RXaG9IZktQSDEyRWN3ZXRfT2pZeTNqU3ZkWnFZTkg1Q3U5d0lMOVktOTk1YnZ3NVdYWmRPc1pZc2E5d1hzdGNORjFEOVJfNjd3ZFF3bDVySGQweldOU3pPZVVXekVXdFBjMGx1TTZoZWJldHh4WEttNXc?oc=5\" target=\"_blank\" rel=\"nofollow noopener\">Szymon Marciniak s\u0119dzi\u0105 kluczowego meczu dla Polak\u00f3w w el. M\u015a!<\/a>&nbsp;&nbsp;Przegl\u0105d Sportowy Onet<\/li>\n<li><a href=\"https:\/\/news.google.com\/rss\/articles\/CBMixwFBVV95cUxQQlBxOUVzSTRUY3pNODZFQUFHV1d4R2FURmdjWkpHNzRLaE9OVXZFcEt0TkRob1pweXJUbl9LenJvV2tyMHRIVEI0MzdsUHpNLTRzSjBKN0IzWDMzWUs5UEFXd0xKMGZQcmYybENTUGhaWk9YYV9JVHZxeGZ1SFpvc3FCWDh3RTBaclJGREczeGd5R1hXY2JFNDlwNlVZVHB1NFZTSHZ1bXlOTERaWV9fdURpaHM4VFZBbEdqWXdFRXozRW5oa1pV?oc=5\" target=\"_blank\" rel=\"nofollow noopener\">Zaskakuj\u0105ca decyzja UEFA. Marciniak poprowadzi mecz, kt\u00f3ry ma znaczenie dla Polski<\/a>&nbsp;&nbsp;SportoweFakty<\/li>\n<li><a href=\"https:\/\/news.google.com\/rss\/articles\/CBMijgFBVV95cUxNSFVmLXZHSEVnNnYyZDRVZ0NENHdaNTBQd0tEWExtNXlzVlBaQWlyYXdQWHEtSmt1UVotSVI1VkVhUExjX2ZpZDBwM1hINEpwcU1qZFJKV0FOVkN1ZzcwWUd1MEdyLWdHYXJzcWRTWi15Mm9vZTRPOTJVWGVqWW9MZDg2YW9ySGRaanBFbGZR?oc=5\" target=\"_blank\" rel=\"nofollow noopener\">Szymon Marciniak s\u0119dzi\u0105 hitowego starcia. Poprowadzi mecz o mundial<\/a>&nbsp;&nbsp;weszlo.com<\/li>\n<li><a href=\"https:\/\/news.google.com\/rss\/articles\/CBMiogFBVV95cUxNaVBZNXFmWHBFYzY1dWNhRUVnVThlS3QwNWhrNWZUMDV2THFHOVE3M3RtdGMzekRaalR1MWFQUWs0X2w1TGpYbThYRnJWdTVUbG5oM2lKWFhaR1Q2VjgzdFFLbEZLSGh5NkE2SklSWlZ4Mm9Zb2FZbEhueGVOXzE5T3VDeDAyQmQ0OXc0R29remh0b1gteEFYNWtsZFhzaXZjLXc?oc=5\" target=\"_blank\" rel=\"nofollow noopener\">Polscy arbitrzy poprowadz\u0105 ostatnie mecze eliminacji!<\/a>&nbsp;&nbsp;Pi\u0142kaNo\u017cna.pl<\/li>\n<\/ol>\n","protected":false},"excerpt":{"rendered":"Szymon Marciniak s\u0119dzi\u0105 kluczowego meczu dla Polak\u00f3w w el. M\u015a!&nbsp;&nbsp;Przegl\u0105d Sportowy Onet Zaskakuj\u0105ca decyzja UEFA. Marciniak poprowadzi mecz,&hellip;\n","protected":false},"author":2,"featured_media":103857,"comment_status":"","ping_status":"","sticky":false,"template":"","format":"standard","meta":{"footnotes":""},"categories":[24],"tags":[2787,304,67,42,38,40,39,41,136,128,355,47,127,135,126,5780,130],"class_list":{"0":"post-103856","1":"post","2":"type-post","3":"status-publish","4":"format-standard","5":"has-post-thumbnail","7":"category-sport","8":"tag-dania","9":"tag-eres","10":"tag-intextvideo_splayer","11":"tag-pl","12":"tag-poland","13":"tag-polish","14":"tag-polska","15":"tag-polski","16":"tag-ps_detal_new","17":"tag-psv2","18":"tag-reprezentacja_polski","19":"tag-screening_general","20":"tag-sport","21":"tag-sport_sport","22":"tag-sports","23":"tag-szymon_marciniak","24":"tag-wiadomosci_sportowe"},"share_on_mastodon":{"url":"https:\/\/pubeurope.com\/@pl\/115558849307066151","error":""},"_links":{"self":[{"href":"https:\/\/www.europesays.com\/pl\/wp-json\/wp\/v2\/posts\/103856","targetHints":{"allow":["GET"]}}],"collection":[{"href":"https:\/\/www.europesays.com\/pl\/wp-json\/wp\/v2\/posts"}],"about":[{"href":"https:\/\/www.europesays.com\/pl\/wp-json\/wp\/v2\/types\/post"}],"author":[{"embeddable":true,"href":"https:\/\/www.europesays.com\/pl\/wp-json\/wp\/v2\/users\/2"}],"replies":[{"embeddable":true,"href":"https:\/\/www.europesays.com\/pl\/wp-json\/wp\/v2\/comments?post=103856"}],"version-history":[{"count":0,"href":"https:\/\/www.europesays.com\/pl\/wp-json\/wp\/v2\/posts\/103856\/revisions"}],"wp:featuredmedia":[{"embeddable":true,"href":"https:\/\/www.europesays.com\/pl\/wp-json\/wp\/v2\/media\/103857"}],"wp:attachment":[{"href":"https:\/\/www.europesays.com\/pl\/wp-json\/wp\/v2\/media?parent=103856"}],"wp:term":[{"taxonomy":"category","embeddable":true,"href":"https:\/\/www.europesays.com\/pl\/wp-json\/wp\/v2\/categories?post=103856"},{"taxonomy":"post_tag","embeddable":true,"href":"https:\/\/www.europesays.com\/pl\/wp-json\/wp\/v2\/tags?post=103856"}],"curies":[{"name":"wp","href":"https:\/\/api.w.org\/{rel}","templated":true}]}}