{"id":103894,"date":"2025-11-16T10:33:19","date_gmt":"2025-11-16T10:33:19","guid":{"rendered":"https:\/\/www.europesays.com\/pl\/103894\/"},"modified":"2025-11-16T10:33:19","modified_gmt":"2025-11-16T10:33:19","slug":"zatrzymania-po-meczu-polska-holandia-nowe-dane-z-policji","status":"publish","type":"post","link":"https:\/\/www.europesays.com\/pl\/103894\/","title":{"rendered":"Zatrzymania po meczu Polska-Holandia. Nowe dane z policji"},"content":{"rendered":"<p class=\"ods-c-paragraph \">Podkomisarz Jacek Wi\u015bniewski ze sto\u0142ecznej policji w rozmowie z Polskim Radiem przekaza\u0142, \u017ce policja zatrzyma\u0142a po meczu 22 osoby. 19 z nich mia\u0142o przy sobie \u015brodki odurzaj\u0105ce, a trzy osoby naruszy\u0142y ustaw\u0119 bezpiecze\u0144stwie imprez masowych.<\/p>\n<p> Ile os\u00f3b zosta\u0142o zatrzymanych po meczu Polska-Holandia? <\/p>\n<p> Co mia\u0142a wi\u0119kszo\u015b\u0107 zatrzymanych przy sobie? <\/p>\n<p> Ile os\u00f3b naruszy\u0142o ustaw\u0119 o bezpiecze\u0144stwie imprez masowych? <\/p>\n<p> Dlaczego s\u0119dzia przerwa\u0142 gr\u0119 podczas meczu? <\/p>\n<p class=\"ods-c-paragraph \">\u2014 Poza tym zatrzymano pi\u0119\u0107 os\u00f3b poszukiwanych do odbycia kary w areszcie \u015bledczym lub zak\u0142adzie karnym \u2014 doda\u0142 policjant.<\/p>\n<p class=\"ods-c-paragraph \">Funkcjonariusz przekaza\u0142 r\u00f3wnie\u017c, \u017ce policja prowadzi post\u0119powanie w zwi\u0105zku z odpaleniem \u015brodk\u00f3w pirotechnicznych i wrzuceniem na teren murawy w czasie trwania i na terenie imprezy masowej.<\/p>\n<p class=\"ods-c-paragraph \">W 58. minucie w\u0142oski s\u0119dzia Maurizio Mariani musia\u0142 przerwa\u0107 gr\u0119, gdy\u017c z sektora za polsk\u0105 bramk\u0105, gdzie zasiadali najbardziej zagorzali sympatycy bia\u0142o-czerwonych, na boisko polecia\u0142o kilkana\u015bcie rac.<\/p>\n","protected":false},"excerpt":{"rendered":"Podkomisarz Jacek Wi\u015bniewski ze sto\u0142ecznej policji w rozmowie z Polskim Radiem przekaza\u0142, \u017ce policja zatrzyma\u0142a po meczu 22&hellip;\n","protected":false},"author":2,"featured_media":103895,"comment_status":"","ping_status":"","sticky":false,"template":"","format":"standard","meta":{"footnotes":""},"categories":[5],"tags":[32,33,36,37,27,34,35,28,31,48,25,46,42,38,414,40,39,41,47,29,30,435,26],"class_list":{"0":"post-103894","1":"post","2":"type-post","3":"status-publish","4":"format-standard","5":"has-post-thumbnail","7":"category-naglowki","8":"tag-breaking-news","9":"tag-breakingnews","10":"tag-featured-news","11":"tag-featurednews","12":"tag-headlines","13":"tag-latest-news","14":"tag-latestnews","15":"tag-naglowki","16":"tag-najwazniejsze-artykuly","17":"tag-nat_styl","18":"tag-news","19":"tag-omp","20":"tag-pl","21":"tag-poland","22":"tag-policja","23":"tag-polish","24":"tag-polska","25":"tag-polski","26":"tag-screening_general","27":"tag-top-stories","28":"tag-topstories","29":"tag-warszawa","30":"tag-wiadomosci"},"share_on_mastodon":{"url":"https:\/\/pubeurope.com\/@pl\/115558927921213356","error":""},"_links":{"self":[{"href":"https:\/\/www.europesays.com\/pl\/wp-json\/wp\/v2\/posts\/103894","targetHints":{"allow":["GET"]}}],"collection":[{"href":"https:\/\/www.europesays.com\/pl\/wp-json\/wp\/v2\/posts"}],"about":[{"href":"https:\/\/www.europesays.com\/pl\/wp-json\/wp\/v2\/types\/post"}],"author":[{"embeddable":true,"href":"https:\/\/www.europesays.com\/pl\/wp-json\/wp\/v2\/users\/2"}],"replies":[{"embeddable":true,"href":"https:\/\/www.europesays.com\/pl\/wp-json\/wp\/v2\/comments?post=103894"}],"version-history":[{"count":0,"href":"https:\/\/www.europesays.com\/pl\/wp-json\/wp\/v2\/posts\/103894\/revisions"}],"wp:featuredmedia":[{"embeddable":true,"href":"https:\/\/www.europesays.com\/pl\/wp-json\/wp\/v2\/media\/103895"}],"wp:attachment":[{"href":"https:\/\/www.europesays.com\/pl\/wp-json\/wp\/v2\/media?parent=103894"}],"wp:term":[{"taxonomy":"category","embeddable":true,"href":"https:\/\/www.europesays.com\/pl\/wp-json\/wp\/v2\/categories?post=103894"},{"taxonomy":"post_tag","embeddable":true,"href":"https:\/\/www.europesays.com\/pl\/wp-json\/wp\/v2\/tags?post=103894"}],"curies":[{"name":"wp","href":"https:\/\/api.w.org\/{rel}","templated":true}]}}