{"id":103931,"date":"2025-11-16T11:00:29","date_gmt":"2025-11-16T11:00:29","guid":{"rendered":"https:\/\/www.europesays.com\/pl\/103931\/"},"modified":"2025-11-16T11:00:29","modified_gmt":"2025-11-16T11:00:29","slug":"operator-elektrocieplowni-bedzin-padnie-przez-ets-ue","status":"publish","type":"post","link":"https:\/\/www.europesays.com\/pl\/103931\/","title":{"rendered":"Operator elektrociep\u0142owni B\u0119dzin padnie przez ETS UE?"},"content":{"rendered":"\n<p>&#13;<br \/>\nG\u0142\u00f3wny Inspektor Ochrony \u015arodowiska uzna\u0142, \u017ce\u00a0operator elektrociep\u0142owni B\u0119dzin w\u00a0wojew\u00f3dztwie \u015bl\u0105skim ma\u00a0zap\u0142aci\u0107 250 milion\u00f3w z\u0142otych kary. Chodzi o\u00a0uchylanie si\u0119 od\u00a0p\u0142acenia sztucznego unijnego podatku wynikaj\u0105cego z\u00a0systemu handlu uprawnieniami do\u00a0emisji dwutlenku w\u0119gla ETS. &#13;\n<\/p>\n<p>Elektrociep\u0142ownia B\u0119dzin mo\u017ce upa\u015b\u0107 przez ETS <\/p>\n<p>&#13;<br \/>\nW swojej decyzji GIO\u015a uzna\u0142, \u017ce\u00a0sp\u00f3\u0142ka musi przestrzega\u0107 zasady &#8222;zanieczyszczaj\u0105cy p\u0142aci&#8221;. Przypomnijmy wi\u0119c \u2013\u00a0p\u0142ac\u0105 odbiorcy energii, czyli zwykli Polacy, kt\u00f3rym elektrociep\u0142ownia zapewnia ogrzewanie, tyle \u017ce\u00a0ze\u00a0<a href=\"https:\/\/dorzeczy.pl\/ekonomia\/801708\/ets-w-polsce-prad-bedzie-sie-stawal-dobrem-luksusowym.html\" rel=\"nofollow noopener\" target=\"_blank\">\u017ar\u00f3de\u0142 energii, kt\u00f3re nie\u00a0pasuj\u0105 do\u00a0rygor\u00f3w tzw. polityki klimatycznej Unii Europejskiej<\/a> \u2013\u00a0stabilnych paliw kopalnych. \u0179r\u00f3d\u0142a te\u00a0s\u0105 wysoko opodatkowane, podczas gdy \u017ar\u00f3d\u0142a niestabilne \u2013\u00a0fotowoltaika i\u00a0wiatraki, s\u0105 dofinansowywane i\u00a0faworyzowane przez w\u0142adze. &#13;\n<\/p>\n<p>&#13;<br \/>\nKara za\u00a0brak uprawnie\u0144 tylko za\u00a02020 rok wynosi 247 mln z\u0142otych. Sp\u00f3\u0142ka musi te\u017c dokupi\u0107 &#8222;zaleg\u0142e&#8221; certyfikaty, co\u00a0oznacza kolejne olbrzymie koszty. &#13;\n<\/p>\n<p>Zagro\u017cone dostawy ogrzewania w\u00a0regionie <\/p>\n<p>&#13;<br \/>\nG\u0142os zabrali zarz\u0105dcy elektrociep\u0142owni EC Zag\u0142\u0119bie D\u0105browskie. Na\u00a0zak\u0142adzie mo\u017cna znale\u017a\u0107 has\u0142a ostrzegaj\u0105ce przed konsekwencjami decyzji GIO\u015a wynikaj\u0105cej z\u00a0radykalnej polityki w\u0142adz Unii Europejskiej. To\u00a0mi\u0119dzy innymi &#8222;247 mln kary to\u00a0wyrok dla\u00a0mieszka\u0144c\u00f3w Zag\u0142\u0119bia&#8221; oraz\u00a0&#8222;Zag\u0142\u0119bie nie\u00a0zas\u0142uguje na\u00a0zimne kaloryfery&#8221;. Pracownicy sp\u00f3\u0142ki protestowali te\u017c na\u00a0ostatnim <a href=\"https:\/\/dorzeczy.pl\/kraj\/801564\/duzy-protest-gornikow-i-hutnikow-walczymy-o-slaski-przemysl.html\" rel=\"nofollow noopener\" target=\"_blank\">marszu gwia\u017adzistym w\u00a0centrum Katowic<\/a>. &#13;\n<\/p>\n<p>&#13;<br \/>\nJako ZA\u0141OGA pokazali\u015bmy jedno\u015b\u0107 i\u00a0determinacj\u0119 w\u00a0walce o\u00a0przysz\u0142o\u015b\u0107 naszego zak\u0142adu, naszych rodzin i\u00a0lokalnych spo\u0142eczno\u015bci. Nie\u00a0chodzi o\u00a0polityk\u0119. Chodzi o\u00a0odpowiedzialno\u015b\u0107 za\u00a0ludzi i\u00a0o\u00a0bezpiecze\u0144stwo energetyczne, kt\u00f3re jest wsp\u00f3lnym dobrem \u2013\u00a0napisa\u0142a EC Zag\u0142\u0119bie D\u0105browskie w\u00a0mediach spo\u0142eczno\u015bciowych. &#13;\n<\/p>\n<p>&#13;<br \/>\nDecyzja spotka\u0142a si\u0119 r\u00f3wnie\u017c z\u00a0ostrym sprzeciwem zwi\u0105zk\u00f3w zawodowych i\u00a0samorz\u0105d\u00f3w. W\u00a0pismach do\u00a0GIO\u015a i\u00a0innych instytucji podkre\u015blaj\u0105 oni, \u017ce\u00a0egzekucja kary mo\u017ce doprowadzi\u0107 do\u00a0upad\u0142o\u015bci sp\u00f3\u0142ki i\u00a0zagrozi\u0107 dostawom ciep\u0142a dla\u00a0tysi\u0119cy rodzin w\u00a0regionie. Prezydent Sosnowca Arkadiusz Ch\u0119ci\u0144ski ostrzega, \u017ce\u00a0nawet ewentualne nakazanie kontynuowania dzia\u0142alno\u015bci przez syndyka by\u0142oby trudne ze\u00a0wzgl\u0119du na\u00a0sytuacj\u0119 finansow\u0105 &#13;\n<\/p>\n<p>&#8222;Chcieli\u015bcie Unii? No to\u00a0j\u0105 macie&#8221;<\/p>\n<p>&#13;<br \/>\nDo sprawy odni\u00f3s\u0142 si\u0119 publicysta m.in. &#8222;Do\u00a0Rzeczy&#8221; i\u00a0autor <a href=\"https:\/\/dorzeczy.pl\/strefa-partnerow\/659254\/sabotaz-klimatyczny.html\" rel=\"nofollow noopener\" target=\"_blank\">ksi\u0105\u017cki &#8222;Sabota\u017c klimatyczny<\/a>. Jak transformacja energetyczna rujnuje nasze \u017cycie&#8221; Tomasz Cukiernik. &#13;\n<\/p>\n<p>&#13;<br \/>\n&#8222;Egzekucja kary finansowej za\u00a0niewykupienie absurdalnych certyfikat\u00f3w ETS przez Elektrociep\u0142owni\u0119 Zag\u0142\u0119bie D\u0105browskie w\u00a0wysoko\u015bci 248 mln z\u0142\u00a0doprowadzi do\u00a0konieczno\u015bci og\u0142oszenia upad\u0142o\u015bci sp\u00f3\u0142ki. Grozi to\u00a0wstrzymaniem dostaw ciep\u0142a dla\u00a0mieszka\u0144c\u00f3w Sosnowca, B\u0119dzina i\u00a0Czeladzi jeszcze w\u00a0tym sezonie grzewczym! Sp\u00f3\u0142ka \u0142\u0105cznie od\u00a0Wojew\u00f3dzkiego Inspektora Ochrony \u015arodowiska dosta\u0142a trzy kary za\u00a0lata 2020\u20132022 w\u00a0\u0142\u0105cznej kwocie ok. 740 mln z\u0142! Na\u00a0razie wymagalna jest ta\u00a0jedna. Chcieli\u015bcie Unii? No to\u00a0j\u0105 macie! Tylko polexit!&#8221; \u2013\u00a0napisa\u0142 w\u00a0mediach spo\u0142eczno\u015bciowych. &#13;\n<\/p>\n<p>&#13;<br \/>\nCzytaj te\u017c:<br \/><a href=\"https:\/\/dorzeczy.pl\/kraj\/806190\/warzecha-ets-jest-dla-polski-morderczy-dwa-glowne-powody.html\" rel=\"follow nofollow noopener\" data-schema=\"DORZECZY\" data-image=\"https:\/\/img.dorzeczy.pl\/_thumb\/57\/27\/0d8c2a589bd06c760605b7b7d156.jpeg\" target=\"_blank\">Warzecha przypomina: ETS jest dla\u00a0Polski morderczy g\u0142\u00f3wnie z\u00a0dw\u00f3ch powod\u00f3w<\/a>Czytaj te\u017c:<br \/><a href=\"https:\/\/dorzeczy.pl\/ekonomia\/806205\/tak-dodatkowo-wzrosna-ceny-z-ets2-ue-astronomiczne-kwoty.html\" rel=\"follow nofollow noopener\" data-schema=\"DORZECZY\" data-image=\"https:\/\/img.dorzeczy.pl\/_thumb\/97\/86\/9ba5a9301386b0ab88b580ab30ca.jpeg\" target=\"_blank\">Tak dodatkowo wzrosn\u0105 ceny je\u015bli Polska wejdzie w\u00a0ETS2. Astronomiczne kwoty<\/a>&#13;<\/p>\n","protected":false},"excerpt":{"rendered":"&#13; G\u0142\u00f3wny Inspektor Ochrony \u015arodowiska uzna\u0142, \u017ce\u00a0operator elektrociep\u0142owni B\u0119dzin w\u00a0wojew\u00f3dztwie \u015bl\u0105skim ma\u00a0zap\u0142aci\u0107 250 milion\u00f3w z\u0142otych kary. Chodzi o\u00a0uchylanie&hellip;\n","protected":false},"author":2,"featured_media":103932,"comment_status":"","ping_status":"","sticky":false,"template":"","format":"standard","meta":{"footnotes":""},"categories":[12],"tags":[6830,32,33,6570,98,22827,105,22824,16451,36,37,111,27,49,34,35,28,31,25,9315,102,42,38,40,39,41,23164,29,30,23163,104,26],"class_list":{"0":"post-103931","1":"post","2":"type-post","3":"status-publish","4":"format-standard","5":"has-post-thumbnail","7":"category-polska","8":"tag-bedzin","9":"tag-breaking-news","10":"tag-breakingnews","11":"tag-do-rzeczy","12":"tag-dorzeczy","13":"tag-ec-zaglebie-dabrowskie","14":"tag-ekonomia","15":"tag-elektrocieplownia-bedzin","16":"tag-ets","17":"tag-featured-news","18":"tag-featurednews","19":"tag-grzegorz-grzymowicz","20":"tag-headlines","21":"tag-kraj","22":"tag-latest-news","23":"tag-latestnews","24":"tag-naglowki","25":"tag-najwazniejsze-artykuly","26":"tag-news","27":"tag-ogrzewanie","28":"tag-opinie","29":"tag-pl","30":"tag-poland","31":"tag-polish","32":"tag-polska","33":"tag-polski","34":"tag-tomasz-cukiernik","35":"tag-top-stories","36":"tag-topstories","37":"tag-unia","38":"tag-unia-europejska","39":"tag-wiadomosci"},"share_on_mastodon":{"url":"https:\/\/pubeurope.com\/@pl\/115559034005901115","error":""},"_links":{"self":[{"href":"https:\/\/www.europesays.com\/pl\/wp-json\/wp\/v2\/posts\/103931","targetHints":{"allow":["GET"]}}],"collection":[{"href":"https:\/\/www.europesays.com\/pl\/wp-json\/wp\/v2\/posts"}],"about":[{"href":"https:\/\/www.europesays.com\/pl\/wp-json\/wp\/v2\/types\/post"}],"author":[{"embeddable":true,"href":"https:\/\/www.europesays.com\/pl\/wp-json\/wp\/v2\/users\/2"}],"replies":[{"embeddable":true,"href":"https:\/\/www.europesays.com\/pl\/wp-json\/wp\/v2\/comments?post=103931"}],"version-history":[{"count":0,"href":"https:\/\/www.europesays.com\/pl\/wp-json\/wp\/v2\/posts\/103931\/revisions"}],"wp:featuredmedia":[{"embeddable":true,"href":"https:\/\/www.europesays.com\/pl\/wp-json\/wp\/v2\/media\/103932"}],"wp:attachment":[{"href":"https:\/\/www.europesays.com\/pl\/wp-json\/wp\/v2\/media?parent=103931"}],"wp:term":[{"taxonomy":"category","embeddable":true,"href":"https:\/\/www.europesays.com\/pl\/wp-json\/wp\/v2\/categories?post=103931"},{"taxonomy":"post_tag","embeddable":true,"href":"https:\/\/www.europesays.com\/pl\/wp-json\/wp\/v2\/tags?post=103931"}],"curies":[{"name":"wp","href":"https:\/\/api.w.org\/{rel}","templated":true}]}}