{"id":103978,"date":"2025-11-16T11:35:11","date_gmt":"2025-11-16T11:35:11","guid":{"rendered":"https:\/\/www.europesays.com\/pl\/103978\/"},"modified":"2025-11-16T11:35:11","modified_gmt":"2025-11-16T11:35:11","slug":"tak-zimno-w-tym-sezonie-jeszcze-nie-bylo-do-polski-nadciaga-dwucyfrowy-mroz-onet","status":"publish","type":"post","link":"https:\/\/www.europesays.com\/pl\/103978\/","title":{"rendered":"Tak zimno w tym sezonie jeszcze nie by\u0142o. Do Polski nadci\u0105ga dwucyfrowy mr\u00f3z &#8211; Onet"},"content":{"rendered":"<ol>\n<li><a href=\"https:\/\/news.google.com\/rss\/articles\/CBMixAFBVV95cUxPbzBjdFc0NDU2cnhZSTlVbDhVMzc2NWgyQzdPZ3hBRXVCMW1pOVdjbmlrVjlrTWI2ODRJdTg4MHpJdTQzaTJYWElSZmlaZjhDekROcHh2eHlnbXczVnNXLXFrd3E4REFFZU5LM1lERHctaGdQMUpHWEN5QldnVGxvQk9RQUY3MGdNV2RRaFpsSm1BLTJoZGEyemxBYjUwcjV1d1BIX3VBdmpPOWt2cVlWdWI3aHNfS3lnek5EcC1XSXJkUUpL?oc=5\" target=\"_blank\" rel=\"nofollow noopener\">Tak zimno w tym sezonie jeszcze nie by\u0142o. Do Polski nadci\u0105ga dwucyfrowy mr\u00f3z<\/a>&nbsp;&nbsp;Onet<\/li>\n<li><a href=\"https:\/\/news.google.com\/rss\/articles\/CBMiqAFBVV95cUxOREFnMUZBNzlBckJwNzRieWd5WU94ZEFmY195WUFObFZJLV9ycFpXSXR4Qm1vLXlaVklOOXozSE9WTGNMaDNwRXhPeGZmTWs1QzlOZ0p5eTJpWVJ5UHNrb3VyVGJaNEpDMXpMeEZKalU1VFRwV0VBT1plVzRFSlRZRmwxWmJpZlRQZXNHUzdFMGJmUjhPY21ncVI4c3Y5Q2NJbTVtN3YxV2s?oc=5\" target=\"_blank\" rel=\"nofollow noopener\">W prognozach atak mrozu. Mo\u017cliwe spadki temperatury poni\u017cej -10 st. C<\/a>&nbsp;&nbsp;Onet Wiadomo\u015bci<\/li>\n<li><a href=\"https:\/\/news.google.com\/rss\/articles\/CBMisgFBVV95cUxOcm1ITmxfVmRLb0k0LTMwZmZVTHJETjNEa053R1cxV0NpN1ktVzZmdW13RUtUX0tyTlc1NmdyYjRUQmdjV2ZRS2F1dFQ5M0FKUjZYc0t6YXcwZHh3R09IMVg3RWwxeE5KcXhlLVhaMmU5MG1zcGFOcGJpdWZHVHlodGdmNGRQeHhfc2hzZVFMQm1zbHR5dTRVRUhzMllWVlV5cWZYWnFxRVpLRk9aUW9hamxB?oc=5\" target=\"_blank\" rel=\"nofollow noopener\">Zmiana w pogodzie, pierwszy \u015bnieg w tym roku. Zosta\u0142y godziny<\/a>&nbsp;&nbsp;Wydarzenia w INTERIA.PL<\/li>\n<li><a href=\"https:\/\/news.google.com\/rss\/articles\/CBMipAFBVV95cUxNX3lwZk55M0NFdEZSV19tekcybGg3Z0lSYlNiMXpKazMybnhhcTlWS2N0djNzOXQ4LXQzT2Q2RS1zY1NXeVRZTVN3TTRHbWd4LVF1SG55dG10UjZmczd5aExHZDFVenY2ejI1ckwxZGhCQkJiQlcyRENNZHFybDU5V2tKNzlyR0ZxTVFmUWtzSG5CQ2VnU2JGSzBaQVEyenN2NVM5Mg?oc=5\" target=\"_blank\" rel=\"nofollow noopener\">Pogoda na 5 dni. Podmuch zimy na horyzoncie. Miejscami spadnie \u015bnieg<\/a>&nbsp;&nbsp;TVN24<\/li>\n<li><a href=\"https:\/\/news.google.com\/rss\/articles\/CBMi_wFBVV95cUxPeXB1MTNic3ktWEsxV3FrRVlsNGNLeFBqOGFPOFlkcGdLMkdEYzBkX2syMC1LLUx4SHBsN0hzeF9QbGZtTklwWS1QUnN2WE9MWVRTQ3ZiOUJrSnJvc3NSZnBqVF96VDBCc1hybDhGYkZXaG82SGhMWGxUN3hqM0dEdzhyaVl5aWs1Ry0wNS1Fdm1kR0RlS2RuN3h3V0k4WnMwLVB1MWFIM1dPRDJNWWhlN192ckRnY21IS1dvWElPSTVyYmdUbjhoWFRGVWVxS1Z4dTlsX0FkeEMyOEtBbTJfdDh4UUxDTTF6dXpEb1dNR3FEZzVYSEdiSm9jRDF5R28?oc=5\" target=\"_blank\" rel=\"nofollow noopener\">Pocz\u0105tek zimy, pierwsze opady \u015bniegu i przymrozki nawet do -5 stopni Celsjusza w Polsce. Oto prognoza pogody<\/a>&nbsp;&nbsp;Wiadomo\u015bci z kraju i ze \u015bwiata &#8211; Dziennik.pl<\/li>\n<\/ol>\n","protected":false},"excerpt":{"rendered":"Tak zimno w tym sezonie jeszcze nie by\u0142o. Do Polski nadci\u0105ga dwucyfrowy mr\u00f3z&nbsp;&nbsp;Onet W prognozach atak mrozu. Mo\u017cliwe&hellip;\n","protected":false},"author":2,"featured_media":103979,"comment_status":"","ping_status":"","sticky":false,"template":"","format":"standard","meta":{"footnotes":""},"categories":[12],"tags":[32,33,36,37,27,34,35,6987,28,31,53,25,52,68,51,55,42,78,38,40,39,41,47,1652,29,30,65,50,26,7441],"class_list":{"0":"post-103978","1":"post","2":"type-post","3":"status-publish","4":"format-standard","5":"has-post-thumbnail","7":"category-polska","8":"tag-breaking-news","9":"tag-breakingnews","10":"tag-featured-news","11":"tag-featurednews","12":"tag-headlines","13":"tag-latest-news","14":"tag-latestnews","15":"tag-mroz","16":"tag-naglowki","17":"tag-najwazniejsze-artykuly","18":"tag-new_header","19":"tag-news","20":"tag-onet3","21":"tag-onet3d","22":"tag-onet3d_2i","23":"tag-phx","24":"tag-pl","25":"tag-pogoda","26":"tag-poland","27":"tag-polish","28":"tag-polska","29":"tag-polski","30":"tag-screening_general","31":"tag-temperatura","32":"tag-top-stories","33":"tag-topstories","34":"tag-update_me","35":"tag-v2021","36":"tag-wiadomosci","37":"tag-zima"},"share_on_mastodon":{"url":"https:\/\/pubeurope.com\/@pl\/115559171536029973","error":""},"_links":{"self":[{"href":"https:\/\/www.europesays.com\/pl\/wp-json\/wp\/v2\/posts\/103978","targetHints":{"allow":["GET"]}}],"collection":[{"href":"https:\/\/www.europesays.com\/pl\/wp-json\/wp\/v2\/posts"}],"about":[{"href":"https:\/\/www.europesays.com\/pl\/wp-json\/wp\/v2\/types\/post"}],"author":[{"embeddable":true,"href":"https:\/\/www.europesays.com\/pl\/wp-json\/wp\/v2\/users\/2"}],"replies":[{"embeddable":true,"href":"https:\/\/www.europesays.com\/pl\/wp-json\/wp\/v2\/comments?post=103978"}],"version-history":[{"count":0,"href":"https:\/\/www.europesays.com\/pl\/wp-json\/wp\/v2\/posts\/103978\/revisions"}],"wp:featuredmedia":[{"embeddable":true,"href":"https:\/\/www.europesays.com\/pl\/wp-json\/wp\/v2\/media\/103979"}],"wp:attachment":[{"href":"https:\/\/www.europesays.com\/pl\/wp-json\/wp\/v2\/media?parent=103978"}],"wp:term":[{"taxonomy":"category","embeddable":true,"href":"https:\/\/www.europesays.com\/pl\/wp-json\/wp\/v2\/categories?post=103978"},{"taxonomy":"post_tag","embeddable":true,"href":"https:\/\/www.europesays.com\/pl\/wp-json\/wp\/v2\/tags?post=103978"}],"curies":[{"name":"wp","href":"https:\/\/api.w.org\/{rel}","templated":true}]}}