{"id":103986,"date":"2025-11-16T11:40:19","date_gmt":"2025-11-16T11:40:19","guid":{"rendered":"https:\/\/www.europesays.com\/pl\/103986\/"},"modified":"2025-11-16T11:40:19","modified_gmt":"2025-11-16T11:40:19","slug":"znany-polski-producent-agd-nie-boi-sie-chinszczyzny-zadbal-tez-o-energie","status":"publish","type":"post","link":"https:\/\/www.europesays.com\/pl\/103986\/","title":{"rendered":"Znany polski producent AGD nie boi si\u0119 chi\u0144szczyzny. Zadba\u0142 te\u017c o energi\u0119"},"content":{"rendered":"<p><a class=\"atomsListingArticleTileWithSeparatedLink__img\" href=\"https:\/\/strefabiznesu.pl\/nadchodzi-galopada-cen-w-sklepach-jezdzcow-apokalipsy-jest-czterech\/ar\/c3p2-28168731\" title=\"Nadchodzi galopada cen w sklepach. Je&#x17A;d&#x17A;c&#xF3;w apokalipsy jest czterech\" data-event-name=\"atomsListingArticleTileWithSeparatedLink\" data-event-type=\"click\" data-event-position-el=\"image\" data-event-params=\"url=%2Fnadchodzi-galopada-cen-w-sklepach-jezdzcow-apokalipsy-jest-czterech%2Far%2Fc3p2-28168731\" aria-hidden=\"true\" focusable=\"false\" tabindex=\"-1\" rel=\"nofollow noopener\" target=\"_blank\"><img decoding=\"async\" class=\"atomsListingArticleTileWithSeparatedLink__tileImg\" loading=\"lazy\" src=\"https:\/\/www.europesays.com\/pl\/wp-content\/uploads\/2025\/11\/ilf0a276dc_652321961_medium.jpg\" data-image-type=\"articles\" alt=\"Nadchodzi galopada cen w sklepach. Je&#x17A;d&#x17A;c&#xF3;w apokalipsy jest czterech\"\/><\/a><a class=\"atomsListingArticleTileWithSeparatedLink__titleLink\" href=\"https:\/\/strefabiznesu.pl\/nadchodzi-galopada-cen-w-sklepach-jezdzcow-apokalipsy-jest-czterech\/ar\/c3p2-28168731\" title=\"Nadchodzi galopada cen w sklepach. Je&#x17A;d&#x17A;c&#xF3;w apokalipsy jest czterech\" data-event-name=\"atomsListingArticleTileWithSeparatedLink\" data-event-type=\"click\" data-event-params=\"url=%2Fnadchodzi-galopada-cen-w-sklepach-jezdzcow-apokalipsy-jest-czterech%2Far%2Fc3p2-28168731\" rel=\"nofollow noopener\" target=\"_blank\">Nadchodzi galopada cen w sklepach. Je\u017ad\u017ac\u00f3w apokalipsy jest czterech<\/a><\/p>\n<p class=\"atomsListingArticleTileWithSeparatedLink__lead\">Po miesi\u0105cach nieustannych podwy\u017cek ceny lekko wyhamowa\u0142y. Z raportu UCE Research i Uniwersytet\u00f3w WSB Merito wynika, \u017ce w pa\u017adzierniku codzienne zakupy Polak\u00f3w&#8230;<\/p>\n<p>\n            13 listopada 2025, 8:05\n          <\/p>\n<p><a class=\"atomsListingArticleTileWithSeparatedLink__img\" href=\"https:\/\/strefabiznesu.pl\/popyt-na-stal-do-pociskow-moze-znaczaco-wzrosnac-polska-spolka-chce-ugryzc-30-proc-rynku\/ar\/c3p2-28168453\" title=\"Popyt na stal do pocisk&#xF3;w mo&#x17C;e znacz&#x105;co wzrosn&#x105;&#x107;. Polska sp&#xF3;&#x142;ka chce ugry&#x17A;&#x107; 30 proc. rynku\" data-event-name=\"atomsListingArticleTileWithSeparatedLink\" data-event-type=\"click\" data-event-position-el=\"image\" data-event-params=\"url=%2Fpopyt-na-stal-do-pociskow-moze-znaczaco-wzrosnac-polska-spolka-chce-ugryzc-30-proc-rynku%2Far%2Fc3p2-28168453\" aria-hidden=\"true\" focusable=\"false\" tabindex=\"-1\" rel=\"nofollow noopener\" target=\"_blank\"><img decoding=\"async\" class=\"atomsListingArticleTileWithSeparatedLink__tileImg\" loading=\"lazy\" src=\"https:\/\/www.europesays.com\/pl\/wp-content\/uploads\/2025\/11\/il20251112_949335917_medium.jpg\" data-image-type=\"articles\" alt=\"Popyt na stal do pocisk&#xF3;w mo&#x17C;e znacz&#x105;co wzrosn&#x105;&#x107;. Polska sp&#xF3;&#x142;ka chce ugry&#x17A;&#x107; 30 proc. rynku\"\/><\/a><a class=\"atomsListingArticleTileWithSeparatedLink__titleLink\" href=\"https:\/\/strefabiznesu.pl\/popyt-na-stal-do-pociskow-moze-znaczaco-wzrosnac-polska-spolka-chce-ugryzc-30-proc-rynku\/ar\/c3p2-28168453\" title=\"Popyt na stal do pocisk&#xF3;w mo&#x17C;e znacz&#x105;co wzrosn&#x105;&#x107;. Polska sp&#xF3;&#x142;ka chce ugry&#x17A;&#x107; 30 proc. rynku\" data-event-name=\"atomsListingArticleTileWithSeparatedLink\" data-event-type=\"click\" data-event-params=\"url=%2Fpopyt-na-stal-do-pociskow-moze-znaczaco-wzrosnac-polska-spolka-chce-ugryzc-30-proc-rynku%2Far%2Fc3p2-28168453\" rel=\"nofollow noopener\" target=\"_blank\">Popyt na stal do pocisk\u00f3w mo\u017ce znacz\u0105co wzrosn\u0105\u0107. Polska sp\u00f3\u0142ka chce ugry\u017a\u0107 30 proc. rynku<\/a><\/p>\n<p class=\"atomsListingArticleTileWithSeparatedLink__lead\">Cognor Holding zanotowa\u0142 rosn\u0105cy trend w zakresie produkcji amunicji, co wed\u0142ug zarz\u0105du sp\u00f3\u0142ki mo\u017ce prze\u0142o\u017cy\u0107 si\u0119 na wzrost zam\u00f3wie\u0144 od producent\u00f3w w Polsce i&#8230;<\/p>\n<p>\n            12 listopada 2025, 22:44\n          <\/p>\n<p><a class=\"atomsListingArticleTileWithSeparatedLink__img atomsListingArticleTileWithSeparatedLink__img--withGallery\" href=\"https:\/\/strefabiznesu.pl\/wygladaja-tak-samo-ale-sa-z-chin-klienci-nie-kryja-wzburzenia\/ar\/c3p2-28128091\" title=\"Wygl&#x105;daj&#x105; tak samo, ale s&#x105; z Chin. Klienci nie kryj&#x105; wzburzenia\" data-icon-variant=\"withGallery\" data-event-name=\"atomsListingArticleTileWithSeparatedLink\" data-event-type=\"click\" data-event-position-el=\"image\" data-event-params=\"url=%2Fwygladaja-tak-samo-ale-sa-z-chin-klienci-nie-kryja-wzburzenia%2Far%2Fc3p2-28128091\" aria-hidden=\"true\" focusable=\"false\" tabindex=\"-1\" rel=\"nofollow noopener\" target=\"_blank\"><img decoding=\"async\" class=\"atomsListingArticleTileWithSeparatedLink__tileImg\" loading=\"lazy\" src=\"https:\/\/www.europesays.com\/pl\/wp-content\/uploads\/2025\/11\/il7f49a7cf_665220501_medium.jpg\" data-image-type=\"articles\" alt=\"Wygl&#x105;daj&#x105; tak samo, ale s&#x105; z Chin. Klienci nie kryj&#x105; wzburzenia\"\/><\/a><a class=\"atomsListingArticleTileWithSeparatedLink__titleLink\" href=\"https:\/\/strefabiznesu.pl\/wygladaja-tak-samo-ale-sa-z-chin-klienci-nie-kryja-wzburzenia\/ar\/c3p2-28128091\" title=\"Wygl&#x105;daj&#x105; tak samo, ale s&#x105; z Chin. Klienci nie kryj&#x105; wzburzenia\" data-event-name=\"atomsListingArticleTileWithSeparatedLink\" data-event-type=\"click\" data-event-params=\"url=%2Fwygladaja-tak-samo-ale-sa-z-chin-klienci-nie-kryja-wzburzenia%2Far%2Fc3p2-28128091\" rel=\"nofollow noopener\" target=\"_blank\">Wygl\u0105daj\u0105 tak samo, ale s\u0105 z Chin. Klienci nie kryj\u0105 wzburzenia<\/a><\/p>\n<p class=\"atomsListingArticleTileWithSeparatedLink__lead\">Polscy konsumenci alarmuj\u0105, \u017ce w elektromarketach coraz cz\u0119\u015bciej pojawiaj\u0105 si\u0119 urz\u0105dzenia znanej marki AGD produkowane w Chinach, mimo \u017ce do tej pory kojarzy\u0142y&#8230;<\/p>\n<p>\n            12 listopada 2025, 13:16\n          <\/p>\n<p><a class=\"atomsListingArticleTileWithSeparatedLink__img\" href=\"https:\/\/strefabiznesu.pl\/masowe-ciecia-zatrudnienia-w-branzy-motoryzacyjnej-35-tysiecy-osob-straci-prace\/ar\/c3p2-28166043\" title=\"Masowe ci&#x119;cia zatrudnienia w bran&#x17C;y motoryzacyjnej.  35 tysi&#x119;cy os&#xF3;b straci prac&#x119;\" data-event-name=\"atomsListingArticleTileWithSeparatedLink\" data-event-type=\"click\" data-event-position-el=\"image\" data-event-params=\"url=%2Fmasowe-ciecia-zatrudnienia-w-branzy-motoryzacyjnej-35-tysiecy-osob-straci-prace%2Far%2Fc3p2-28166043\" aria-hidden=\"true\" focusable=\"false\" tabindex=\"-1\" rel=\"nofollow noopener\" target=\"_blank\"><img decoding=\"async\" class=\"atomsListingArticleTileWithSeparatedLink__tileImg\" loading=\"lazy\" src=\"https:\/\/www.europesays.com\/pl\/wp-content\/uploads\/2025\/11\/il7b118f9d_667990023_medium.jpg\" data-image-type=\"articles\" alt=\"Masowe ci&#x119;cia zatrudnienia w bran&#x17C;y motoryzacyjnej.  35 tysi&#x119;cy os&#xF3;b straci prac&#x119;\"\/><\/a><a class=\"atomsListingArticleTileWithSeparatedLink__titleLink\" href=\"https:\/\/strefabiznesu.pl\/masowe-ciecia-zatrudnienia-w-branzy-motoryzacyjnej-35-tysiecy-osob-straci-prace\/ar\/c3p2-28166043\" title=\"Masowe ci&#x119;cia zatrudnienia w bran&#x17C;y motoryzacyjnej.  35 tysi&#x119;cy os&#xF3;b straci prac&#x119;\" data-event-name=\"atomsListingArticleTileWithSeparatedLink\" data-event-type=\"click\" data-event-params=\"url=%2Fmasowe-ciecia-zatrudnienia-w-branzy-motoryzacyjnej-35-tysiecy-osob-straci-prace%2Far%2Fc3p2-28166043\" rel=\"nofollow noopener\" target=\"_blank\">Masowe ci\u0119cia zatrudnienia w bran\u017cy motoryzacyjnej.  35 tysi\u0119cy os\u00f3b straci prac\u0119<\/a><\/p>\n<p class=\"atomsListingArticleTileWithSeparatedLink__lead\">Volkswagen og\u0142osi\u0142 plan masowych zwolnie\u0144 obejmuj\u0105cych nawet 35\u202ftysi\u0119cy pracownik\u00f3w na ca\u0142ym \u015bwiecie. Koncern, kt\u00f3ry stoi w obliczu rosn\u0105cej presji&#8230;<\/p>\n<p>\n            12 listopada 2025, 11:55\n          <\/p>\n<p><a class=\"atomsListingArticleTileWithSeparatedLink__img\" href=\"https:\/\/strefabiznesu.pl\/amerykanski-gigant-ucieka-z-chin-tak-zmienia-sie-branza-motoryzacyjna\/ar\/c3p2-28165317\" title=\"Ameryka&#x144;ski gigant ucieka z Chin. Tak zmienia si&#x119; bran&#x17C;a motoryzacyjna\" data-event-name=\"atomsListingArticleTileWithSeparatedLink\" data-event-type=\"click\" data-event-position-el=\"image\" data-event-params=\"url=%2Famerykanski-gigant-ucieka-z-chin-tak-zmienia-sie-branza-motoryzacyjna%2Far%2Fc3p2-28165317\" aria-hidden=\"true\" focusable=\"false\" tabindex=\"-1\" rel=\"nofollow noopener\" target=\"_blank\"><img decoding=\"async\" class=\"atomsListingArticleTileWithSeparatedLink__tileImg\" loading=\"lazy\" src=\"https:\/\/www.europesays.com\/pl\/wp-content\/uploads\/2025\/11\/il20251112_949243391_medium.jpg\" data-image-type=\"articles\" alt=\"Ameryka&#x144;ski gigant ucieka z Chin. Tak zmienia si&#x119; bran&#x17C;a motoryzacyjna\"\/><\/a><a class=\"atomsListingArticleTileWithSeparatedLink__titleLink\" href=\"https:\/\/strefabiznesu.pl\/amerykanski-gigant-ucieka-z-chin-tak-zmienia-sie-branza-motoryzacyjna\/ar\/c3p2-28165317\" title=\"Ameryka&#x144;ski gigant ucieka z Chin. Tak zmienia si&#x119; bran&#x17C;a motoryzacyjna\" data-event-name=\"atomsListingArticleTileWithSeparatedLink\" data-event-type=\"click\" data-event-params=\"url=%2Famerykanski-gigant-ucieka-z-chin-tak-zmienia-sie-branza-motoryzacyjna%2Far%2Fc3p2-28165317\" rel=\"nofollow noopener\" target=\"_blank\">Ameryka\u0144ski gigant ucieka z Chin. Tak zmienia si\u0119 bran\u017ca motoryzacyjna<\/a><\/p>\n<p class=\"atomsListingArticleTileWithSeparatedLink__lead\">General Motors poleci\u0142 kilku tysi\u0105com swoich dostawc\u00f3w usuni\u0119cie komponent\u00f3w pochodz\u0105cych z Chin. To kolejny sygna\u0142, \u017ce geopolityczne napi\u0119cia wp\u0142ywaj\u0105&#8230;<\/p>\n<p>\n            12 listopada 2025, 9:35\n          <\/p>\n<p><a class=\"atomsListingArticleTileWithSeparatedLink__img\" href=\"https:\/\/strefabiznesu.pl\/ruszyla-fala-zwolnien-180-osob-moze-stracic-prace-tylko-w-jednej-z-firm\/ar\/c3p2-28151057\" title=\"Ruszy&#x142;a fala zwolnie&#x144;. 180 os&#xF3;b mo&#x17C;e straci&#x107; prac&#x119; tylko w jednej z firm\" data-event-name=\"atomsListingArticleTileWithSeparatedLink\" data-event-type=\"click\" data-event-position-el=\"image\" data-event-params=\"url=%2Fruszyla-fala-zwolnien-180-osob-moze-stracic-prace-tylko-w-jednej-z-firm%2Far%2Fc3p2-28151057\" aria-hidden=\"true\" focusable=\"false\" tabindex=\"-1\" rel=\"nofollow noopener\" target=\"_blank\"><img decoding=\"async\" class=\"atomsListingArticleTileWithSeparatedLink__tileImg\" loading=\"lazy\" src=\"https:\/\/www.europesays.com\/pl\/wp-content\/uploads\/2025\/11\/il20251106_948453789,size,640x427,crop,104.0000x217.0000x1004.0000x526.0000,h,658867.jpg\" data-image-type=\"articles\" alt=\"Ruszy&#x142;a fala zwolnie&#x144;. 180 os&#xF3;b mo&#x17C;e straci&#x107; prac&#x119; tylko w jednej z firm\"\/><\/a><a class=\"atomsListingArticleTileWithSeparatedLink__titleLink\" href=\"https:\/\/strefabiznesu.pl\/ruszyla-fala-zwolnien-180-osob-moze-stracic-prace-tylko-w-jednej-z-firm\/ar\/c3p2-28151057\" title=\"Ruszy&#x142;a fala zwolnie&#x144;. 180 os&#xF3;b mo&#x17C;e straci&#x107; prac&#x119; tylko w jednej z firm\" data-event-name=\"atomsListingArticleTileWithSeparatedLink\" data-event-type=\"click\" data-event-params=\"url=%2Fruszyla-fala-zwolnien-180-osob-moze-stracic-prace-tylko-w-jednej-z-firm%2Far%2Fc3p2-28151057\" rel=\"nofollow noopener\" target=\"_blank\">Ruszy\u0142a fala zwolnie\u0144. 180 os\u00f3b mo\u017ce straci\u0107 prac\u0119 tylko w jednej z firm<\/a><\/p>\n<p class=\"atomsListingArticleTileWithSeparatedLink__lead\">Ci\u0119cia zatrudnienia s\u0105 mo\u017cliwe w LG Electronics. Prac\u0119 mo\u017ce tam straci\u0107 nawet 180 os\u00f3b. &#8211; Zostali\u015bmy poinformowani, \u017ce chc\u0105 to zrobi\u0107 szybko, wi\u0119c gdzie\u015b do&#8230;<\/p>\n<p>\n            6 listopada 2025, 15:30\n          <\/p>\n","protected":false},"excerpt":{"rendered":"Nadchodzi galopada cen w sklepach. Je\u017ad\u017ac\u00f3w apokalipsy jest czterech Po miesi\u0105cach nieustannych podwy\u017cek ceny lekko wyhamowa\u0142y. Z raportu&hellip;\n","protected":false},"author":2,"featured_media":103987,"comment_status":"","ping_status":"","sticky":false,"template":"","format":"standard","meta":{"footnotes":""},"categories":[16],"tags":[23172,23173,113,112,6837,23171,42,38,40,39,41],"class_list":{"0":"post-103986","1":"post","2":"type-post","3":"status-publish","4":"format-standard","5":"has-post-thumbnail","7":"category-biznes","8":"tag-agd","9":"tag-amica","10":"tag-biznes","11":"tag-business","12":"tag-gpw","13":"tag-michal-rakowski","14":"tag-pl","15":"tag-poland","16":"tag-polish","17":"tag-polska","18":"tag-polski"},"share_on_mastodon":{"url":"https:\/\/pubeurope.com\/@pl\/115559191450805720","error":""},"_links":{"self":[{"href":"https:\/\/www.europesays.com\/pl\/wp-json\/wp\/v2\/posts\/103986","targetHints":{"allow":["GET"]}}],"collection":[{"href":"https:\/\/www.europesays.com\/pl\/wp-json\/wp\/v2\/posts"}],"about":[{"href":"https:\/\/www.europesays.com\/pl\/wp-json\/wp\/v2\/types\/post"}],"author":[{"embeddable":true,"href":"https:\/\/www.europesays.com\/pl\/wp-json\/wp\/v2\/users\/2"}],"replies":[{"embeddable":true,"href":"https:\/\/www.europesays.com\/pl\/wp-json\/wp\/v2\/comments?post=103986"}],"version-history":[{"count":0,"href":"https:\/\/www.europesays.com\/pl\/wp-json\/wp\/v2\/posts\/103986\/revisions"}],"wp:featuredmedia":[{"embeddable":true,"href":"https:\/\/www.europesays.com\/pl\/wp-json\/wp\/v2\/media\/103987"}],"wp:attachment":[{"href":"https:\/\/www.europesays.com\/pl\/wp-json\/wp\/v2\/media?parent=103986"}],"wp:term":[{"taxonomy":"category","embeddable":true,"href":"https:\/\/www.europesays.com\/pl\/wp-json\/wp\/v2\/categories?post=103986"},{"taxonomy":"post_tag","embeddable":true,"href":"https:\/\/www.europesays.com\/pl\/wp-json\/wp\/v2\/tags?post=103986"}],"curies":[{"name":"wp","href":"https:\/\/api.w.org\/{rel}","templated":true}]}}