{"id":103988,"date":"2025-11-16T11:41:08","date_gmt":"2025-11-16T11:41:08","guid":{"rendered":"https:\/\/www.europesays.com\/pl\/103988\/"},"modified":"2025-11-16T11:41:08","modified_gmt":"2025-11-16T11:41:08","slug":"rosjanin-zwiazany-z-fsb-zatrzymany-w-tajlandii-podejrzany-o-udzial-w-void-blizzard","status":"publish","type":"post","link":"https:\/\/www.europesays.com\/pl\/103988\/","title":{"rendered":"Rosjanin zwi\u0105zany z FSB zatrzymany w Tajlandii. Podejrzany o udzia\u0142 w Void Blizzard"},"content":{"rendered":"<p class=\"ods-c-paragraph \">Jak ustali\u0142 niezale\u017cny rosyjski serwis Agenctwo, jedyn\u0105 osob\u0105 o takim imieniu i nazwisku oraz w tym wieku jest by\u0142y pracownik Akademii Kryptografii przy rosyjskiej Federalnej S\u0142u\u017cbie Bezpiecze\u0144stwa (FSB), kt\u00f3ry pracowa\u0142 r\u00f3wnie\u017c w znanej firmie Kaspersky Lab, centrum informacyjnym rosyjskiego Ministerstwa Sytuacji Nadzwyczajnych oraz w pa\u0144stwowym koncernie Rostek.<\/p>\n<p> Jakie zarzuty postawiono Denisowi Obriezko? <\/p>\n<p> Kiedy dok\u0142adnie zatrzymano Rosjanina? <\/p>\n<p> Jakie instytucje by\u0142y celem grupy Void Blizzard? <\/p>\n<p> Gdzie pracowa\u0142 Denis Obriezko przed aresztowaniem? <\/p>\n<p class=\"ods-c-paragraph \">Jak poinformowa\u0142a telewizja CNN, 35-letni Denis Obriezko zosta\u0142 zatrzymany 6 listopada podczas wsp\u00f3lnej operacji FBI i w\u0142adz kr\u00f3lestwa Tajlandii. W\u0142adze poinformowa\u0142y, \u017ce chodzi o &#8222;hakera \u015bwiatowej klasy&#8221;, podejrzanego o cyberataki na instytucje rz\u0105dowe w USA i w Europie.<\/p>\n<p class=\"ods-c-paragraph \">Tajlandzka policja poinformowa\u0142a r\u00f3wnie\u017c, \u017ce m\u0119\u017cczyzna jest podejrzany o przynale\u017cno\u015b\u0107 do grupy hakerskiej Void Blizzard. O\u015brodek analityczny Microsoft Threat Intelligence (MTI) zauwa\u017cy\u0142, \u017ce cele haker\u00f3w z tej grupy pokrywaj\u0105 si\u0119 z celami innych grup powi\u0105zanych z rosyjskimi s\u0142u\u017cbami specjalnymi, takich jak Seashell Blizzard, Forest Blizzard, Midnight Blizzard i Secret Blizzard. G\u0142\u00f3wnym obszarem specjalizacji grupy by\u0142y instytucje rz\u0105dowe, o\u015brodki wojskowe, transport, media, organizacje pozarz\u0105dowe i sektor opieki zdrowotnej w Stanach Zjednoczonych i Europie, w tym w Ukrainie. Void Blizzard sta\u0142o si\u0119 znane we wrze\u015bniu 2024 r., kiedy grupa wykrad\u0142a dane 63 tys. pracownik\u00f3w holenderskiej policji.<\/p>\n<p class=\"ods-c-paragraph \">Wed\u0142ug naszych ustale\u0144 Obriezko od 2015 r. do maja 2017 r. pracowa\u0142 w Akademii Kryptografii Federacji Rosyjskiej. Ta pa\u0144stwowa instytucja zosta\u0142a za\u0142o\u017cona w 1992 r. &#8222;w celu rozwoju kryptografii, ochrony informacji i specjalnych \u015brodk\u00f3w \u0142\u0105czno\u015bci&#8221;. Dzia\u0142a w sktrukturach FSB.<\/p>\n<p class=\"ods-c-paragraph \">W latach 2017\u20132019 Obriezko pracowa\u0142 w <a href=\"https:\/\/www.komputerswiat.pl\/aktualnosci\/aplikacje\/rosyjski-antywirus-wycofany-ze-sprzedazy-w-usa-kaspersky-znika-ze-sklepow\/d3tssnw\" id=\"a08cf401-1661-47bf-bc40-dca4ed922c60\" rel=\"nofollow noopener\" target=\"_blank\">Kaspersky Lab<\/a> jako starszy specjalista. W 2020 r. obj\u0105\u0142 stanowisko zast\u0119pcy dyrektora centrum informacyjno-analitycznego Ministerstwa Sytuacji Nadzwyczajnych. \ufe0fR\u00f3wnolegle ze stanowiskiem w ministerstwie Obriezko rozpocz\u0105\u0142 prac\u0119 w firmie informatycznej Jutek-NN. G\u0142\u00f3wna dzia\u0142alno\u015b\u0107 firmy zwi\u0105zana jest z &#8222;projektowaniem i opracowywaniem zaawansowanych technologicznie rozwi\u0105za\u0144 w sektorze pa\u0144stwowym&#8221;. W firmy zatrudnieni s\u0105 pracownicy m.in. z Koncernu Ka\u0142asznikowa i Naukowo-Badawczego Centrum Obliczeniowego Administracji Prezydenta. Jednym ze wsp\u00f3\u0142w\u0142a\u015bcicieli Jutek-NN jest sp\u00f3\u0142ka RT-Projektowe Technologie, kt\u00f3ra nale\u017cy do Rosteku i zosta\u0142a wpisana na list\u0119 sankcji USA, Ukrainy i Nowej Zelandii na pocz\u0105tku wojny.<\/p>\n","protected":false},"excerpt":{"rendered":"Jak ustali\u0142 niezale\u017cny rosyjski serwis Agenctwo, jedyn\u0105 osob\u0105 o takim imieniu i nazwisku oraz w tym wieku jest&hellip;\n","protected":false},"author":2,"featured_media":103989,"comment_status":"","ping_status":"","sticky":false,"template":"","format":"standard","meta":{"footnotes":""},"categories":[14],"tags":[32,33,11017,27,23174,23175,34,35,28,31,48,25,46,40,41,87,47,80,15848,29,30,26,82,83,84],"class_list":{"0":"post-103988","1":"post","2":"type-post","3":"status-publish","4":"format-standard","5":"has-post-thumbnail","7":"category-swiat","8":"tag-breaking-news","9":"tag-breakingnews","10":"tag-hakerzy","11":"tag-headlines","12":"tag-kaspersky_lab","13":"tag-kryptologia","14":"tag-latest-news","15":"tag-latestnews","16":"tag-naglowki","17":"tag-najwazniejsze-artykuly","18":"tag-nat_styl","19":"tag-news","20":"tag-omp","21":"tag-polish","22":"tag-polski","23":"tag-rosja","24":"tag-screening_general","25":"tag-swiat","26":"tag-tajlandia","27":"tag-top-stories","28":"tag-topstories","29":"tag-wiadomosci","30":"tag-world","31":"tag-world-news","32":"tag-worldnews"},"share_on_mastodon":{"url":"https:\/\/pubeurope.com\/@pl\/115559195254778277","error":""},"_links":{"self":[{"href":"https:\/\/www.europesays.com\/pl\/wp-json\/wp\/v2\/posts\/103988","targetHints":{"allow":["GET"]}}],"collection":[{"href":"https:\/\/www.europesays.com\/pl\/wp-json\/wp\/v2\/posts"}],"about":[{"href":"https:\/\/www.europesays.com\/pl\/wp-json\/wp\/v2\/types\/post"}],"author":[{"embeddable":true,"href":"https:\/\/www.europesays.com\/pl\/wp-json\/wp\/v2\/users\/2"}],"replies":[{"embeddable":true,"href":"https:\/\/www.europesays.com\/pl\/wp-json\/wp\/v2\/comments?post=103988"}],"version-history":[{"count":0,"href":"https:\/\/www.europesays.com\/pl\/wp-json\/wp\/v2\/posts\/103988\/revisions"}],"wp:featuredmedia":[{"embeddable":true,"href":"https:\/\/www.europesays.com\/pl\/wp-json\/wp\/v2\/media\/103989"}],"wp:attachment":[{"href":"https:\/\/www.europesays.com\/pl\/wp-json\/wp\/v2\/media?parent=103988"}],"wp:term":[{"taxonomy":"category","embeddable":true,"href":"https:\/\/www.europesays.com\/pl\/wp-json\/wp\/v2\/categories?post=103988"},{"taxonomy":"post_tag","embeddable":true,"href":"https:\/\/www.europesays.com\/pl\/wp-json\/wp\/v2\/tags?post=103988"}],"curies":[{"name":"wp","href":"https:\/\/api.w.org\/{rel}","templated":true}]}}