{"id":104135,"date":"2025-11-16T13:15:13","date_gmt":"2025-11-16T13:15:13","guid":{"rendered":"https:\/\/www.europesays.com\/pl\/104135\/"},"modified":"2025-11-16T13:15:13","modified_gmt":"2025-11-16T13:15:13","slug":"tyle-potrwa-przerwa-sebastiana-szymanskiego-opusci-hit-weszlo-com","status":"publish","type":"post","link":"https:\/\/www.europesays.com\/pl\/104135\/","title":{"rendered":"Tyle potrwa przerwa Sebastiana Szyma\u0144skiego. Opu\u015bci hit &#8211; weszlo.com"},"content":{"rendered":"<ol>\n<li><a href=\"https:\/\/news.google.com\/rss\/articles\/CBMigAFBVV95cUxNNHJoaFVvYzduV3BnMFhyVFlwNFl6Q0VyZnN6OVBETlZkdEpTVHh5ZENTMTNRTjNySEplWXBWbTVQRnhmRkpKM2ZEZ2t1Um43U3ZKdWkyM09GdFdfY3F3WERZWW9zSjNSZEUtc3d5WWpOX19nY0gwODFYREFTVlY5aQ?oc=5\" target=\"_blank\" rel=\"nofollow noopener\">Tyle potrwa przerwa Sebastiana Szyma\u0144skiego. Opu\u015bci hit<\/a>&nbsp;&nbsp;weszlo.com<\/li>\n<li><a href=\"https:\/\/news.google.com\/rss\/articles\/CBMi0gFBVV95cUxOVXpyQnV2VmtrM0YzTGJTWWRzTnc5aVpPZHhEQ05VOTV2YWlCUGpNTDRGODduRXhlTzgyUkVqdS1wSEtkd0JpTHpQY0RMVUlaVTRuQV85ZDNCQVl1Nkk1N0RyS3kxTmVublRxM3Vlb3hMMElGYWZjbFQ5eXdEMnNUVVVKQWpzc2NGTElySXRzd0RlTGF5MlN4b2hCZ1k2T2RZREdTTkc1WVdxOWdfeVRicGlDZmFOMUNrRWV1MnNlbWlXWGRaNFRia0EwMURyUXBvNWc?oc=5\" target=\"_blank\" rel=\"nofollow noopener\">Urban straci\u0142 pi\u0142karza, jest oficjalny komunikat. To musia\u0142o si\u0119 tak sko\u0144czy\u0107<\/a>&nbsp;&nbsp;Sport w INTERIA.PL<\/li>\n<li><a href=\"https:\/\/news.google.com\/rss\/articles\/CBMiqwFBVV95cUxPSXQ4SHdTT1I1RTFWUnd3TUg0TURycUZuRW54UmdYQWdvSjRzYW5XLWdDckxBX3g2YWJ4MkV6alFyVldPZjk1VkpXZTFqOW5RT2w4ZmVkWk9wZHM2Q3V2cm9sM2lsOVZaaWh0bllRVGpmSkZ5SG96dXJ4X3dOREdGNW1GcVV4ejVWWWtoclNZcHY3NVRhR3RDYTVhcWtPR2JVSmlqemhwOWFEUWM?oc=5\" target=\"_blank\" rel=\"nofollow noopener\">Opu\u015bci presti\u017cowy mecz. Podali, ile potrwa pauza Szyma\u0144skiego<\/a>&nbsp;&nbsp;SportoweFakty<\/li>\n<li><a href=\"https:\/\/news.google.com\/rss\/articles\/CBMi1AFBVV95cUxQaFl6UUtyMlgyeTR2S2Qzano1UUJDengwdDVNMnBYSlB6cUo0YWVWa0JKd09mc3BzQUlhSmNHaEtIdVRBd2pLcG9RQnBJMmR0cS1LemotQkxETEE1dDU3MnVaRHpTZjJMcGR3YmhDOWJXbUFHMklSZWVBNTRtcVpFdEkycnpDODZuRXBYdmV6aGt0VG45Y1ZoVnJUSGh5RlZ4ekZicFE3OUpSaTlzWDBsLXU5QldScHBZZGdYRTRMYnhqb1V0MXN5LS1LaEJhYUVQMFNMZA?oc=5\" target=\"_blank\" rel=\"nofollow noopener\">Pojawi\u0142 si\u0119 nowy problem dla Jana Urbana. Tu\u017c po meczu z Holandi\u0105<\/a>&nbsp;&nbsp;Przegl\u0105d Sportowy Onet<\/li>\n<li><a href=\"https:\/\/news.google.com\/rss\/articles\/CBMiqgFBVV95cUxQdGxyVS1EUTFLSkt0YTBmWXBqXzZiNzVPWkJOMTJiM1lxazlwb1NZZzlTaC1sWEtIMjhnZFRKTjNzYmZTNnJaS2VKVzdrTy1xZi0wTmRNRzloOHNzdUN5WjZtTktmUEQzdzFINlgtSE1VX0ROMTVkLThNcDhsT3RzamNpOVdON1ZRakxtWWFEVEx2S0p0cTVpZlF1Qk1KMnlOZWtQQjlhbUU1Zw?oc=5\" target=\"_blank\" rel=\"nofollow noopener\">Media: Tyle mo\u017ce pauzowa\u0107 Szyma\u0144ski. Niepokoj\u0105ce doniesienia<\/a>&nbsp;&nbsp;Meczyki.pl<\/li>\n<\/ol>\n","protected":false},"excerpt":{"rendered":"Tyle potrwa przerwa Sebastiana Szyma\u0144skiego. Opu\u015bci hit&nbsp;&nbsp;weszlo.com Urban straci\u0142 pi\u0142karza, jest oficjalny komunikat. To musia\u0142o si\u0119 tak sko\u0144czy\u0107&nbsp;&nbsp;Sport&hellip;\n","protected":false},"author":2,"featured_media":104136,"comment_status":"","ping_status":"","sticky":false,"template":"","format":"standard","meta":{"footnotes":""},"categories":[24],"tags":[13404,42,38,40,39,41,5241,127,126],"class_list":{"0":"post-104135","1":"post","2":"type-post","3":"status-publish","4":"format-standard","5":"has-post-thumbnail","7":"category-sport","8":"tag-fenerbahce","9":"tag-pl","10":"tag-poland","11":"tag-polish","12":"tag-polska","13":"tag-polski","14":"tag-sebastian-szymanski","15":"tag-sport","16":"tag-sports"},"share_on_mastodon":{"url":"https:\/\/pubeurope.com\/@pl\/115559564852988153","error":""},"_links":{"self":[{"href":"https:\/\/www.europesays.com\/pl\/wp-json\/wp\/v2\/posts\/104135","targetHints":{"allow":["GET"]}}],"collection":[{"href":"https:\/\/www.europesays.com\/pl\/wp-json\/wp\/v2\/posts"}],"about":[{"href":"https:\/\/www.europesays.com\/pl\/wp-json\/wp\/v2\/types\/post"}],"author":[{"embeddable":true,"href":"https:\/\/www.europesays.com\/pl\/wp-json\/wp\/v2\/users\/2"}],"replies":[{"embeddable":true,"href":"https:\/\/www.europesays.com\/pl\/wp-json\/wp\/v2\/comments?post=104135"}],"version-history":[{"count":0,"href":"https:\/\/www.europesays.com\/pl\/wp-json\/wp\/v2\/posts\/104135\/revisions"}],"wp:featuredmedia":[{"embeddable":true,"href":"https:\/\/www.europesays.com\/pl\/wp-json\/wp\/v2\/media\/104136"}],"wp:attachment":[{"href":"https:\/\/www.europesays.com\/pl\/wp-json\/wp\/v2\/media?parent=104135"}],"wp:term":[{"taxonomy":"category","embeddable":true,"href":"https:\/\/www.europesays.com\/pl\/wp-json\/wp\/v2\/categories?post=104135"},{"taxonomy":"post_tag","embeddable":true,"href":"https:\/\/www.europesays.com\/pl\/wp-json\/wp\/v2\/tags?post=104135"}],"curies":[{"name":"wp","href":"https:\/\/api.w.org\/{rel}","templated":true}]}}