{"id":104214,"date":"2025-11-16T14:02:18","date_gmt":"2025-11-16T14:02:18","guid":{"rendered":"https:\/\/www.europesays.com\/pl\/104214\/"},"modified":"2025-11-16T14:02:18","modified_gmt":"2025-11-16T14:02:18","slug":"szokujace-248-mln-zl-kary-u-progu-zimy-blady-strach-padl-na-mieszkancow-trzech-znanych-miast-strefa-biznesu","status":"publish","type":"post","link":"https:\/\/www.europesays.com\/pl\/104214\/","title":{"rendered":"Szokuj\u0105ce 248 mln z\u0142 kary u progu zimy. Blady strach pad\u0142 na mieszka\u0144c\u00f3w trzech znanych miast &#8211; Strefa Biznesu"},"content":{"rendered":"<ol>\n<li><a href=\"https:\/\/news.google.com\/rss\/articles\/CBMizwFBVV95cUxQVng0SElqTW01YlU0SEJwM3FvMnhPU0NvQlVRQy12VFVSSGVMME5pdG44WkNZWV9raFY2bjRqd3BMWS1zUWY4OWI5WExvbXlDMkczRVRKMXVBZW9Ham5KS00yemgtQ3VyTlR3LVVrZ1NnOG1sN2xNN2VEcEM0S0cxSjdDNFhlM0FkVHQwNTBxZmFIdmRjQkFhY3llaklmNl9HUnY2TW5za1dQeFFHOXdCZXZBa3BCaGpCY2lQSEFONVVGTUduZkJpZmpwNWZHTjA?oc=5\" target=\"_blank\" rel=\"nofollow noopener\">Szokuj\u0105ce 248 mln z\u0142 kary u progu zimy. Blady strach pad\u0142 na mieszka\u0144c\u00f3w trzech znanych miast<\/a>&nbsp;&nbsp;Strefa Biznesu<\/li>\n<li><a href=\"https:\/\/news.google.com\/rss\/articles\/CBMiywFBVV95cUxOc2Y5Nm5vMXBleFpWeDVBeVhzTzZFVzJwMzlnQ205ZUUzY0FKc0RWTjhxelhqLWhTWW16YkViUFRQMUxVVFpiek96YWxPcHhNTHpEbGxlaWlQSkZVdHZ1cjZQa2JUdU5SaURsd2puZ0NxXzBRcndnUXVMcUhEZDI0TVF6SWNSMVRvaTZZejdjOExvUHd6dGJXM2JmdWxPNDE3R3dWMm1EUFdpX1dQbWtUWkV4NGpkRjN1OUN0T09ZVm5vTVVFZVoweU9SWQ?oc=5\" target=\"_blank\" rel=\"nofollow noopener\">Ogromna kara dla EC B\u0119dzin. Sp\u00f3\u0142ce grozi upadek. Mieszka\u0144cy zostan\u0105 bez ciep\u0142a?<\/a>&nbsp;&nbsp;Money.pl<\/li>\n<li><a href=\"https:\/\/news.google.com\/rss\/articles\/CBMitAFBVV95cUxNMUFqX1dsTFpNU051cWNnXzBvYW1JM2NDOHpzSlFmYVRLQ1hxYUNGb3JUNDNvVEk1LWRUMF9CY1NScG9WSElHLXlvNnRPR0tRRHlhTVBORnpfalRKUm9KRE5RTWhac2duNzcwOTl0RnlyMFJXeW4zVFJNekJNZk85RHE1N3FDWVBUQURUWXlzS0ZFaENHN0xwRTVxWUtqMFVrWk5JX19mMFZkaEZHd2FmNWR4QlA?oc=5\" target=\"_blank\" rel=\"nofollow noopener\">Prawie \u0107wier\u0107 miliarda z\u0142 kary dla operatora elektrociep\u0142owni. Co z mieszka\u0144cami?<\/a>&nbsp;&nbsp;RMF24<\/li>\n<li><a href=\"https:\/\/news.google.com\/rss\/articles\/CBMitgFBVV95cUxNRVdUbUVNaUxSNnJ5Q1V5YzRTd1ZQZkRGZzJ5WHN1R3o0QS1Sc2VQdGpLR1Q2c01VeEJvdXd5cGl5WktEZHdHU2ZFOURJaHlFZE9sLVNHZ0RsUFc0YzdwWW93bVU4bzhMOWE0aVJPRjFvcFZRc0I2TjRGTlZkSGdIeERNMTRKc05JSHVWSkwwM182T25TbDBlcXNIYkJNblpUQmFLTDdoQUNnZkloVlRDaGpMVUFDdw?oc=5\" target=\"_blank\" rel=\"nofollow noopener\">Elektrociep\u0142ownia B\u0119dzin z wielomilionow\u0105 kar\u0105. Samorz\u0105d apeluje o wstrzymanie wykonalno\u015bci<\/a>&nbsp;&nbsp;Biznes Interia<\/li>\n<li><a href=\"https:\/\/news.google.com\/rss\/articles\/CBMizwFBVV95cUxOTXBkMWd5eXNpOGMtcjJPMTEtampfQzhVV3NFcTBmNjV4ZmQ3Q3NUdTR6anU4U1VMbjIxd1lfdW00dFdwUGpnZlY1WmZWVF9vN3lPOGJqdHd3NDAwNUVsZGNKZ05SWkEwWVluRjU2WGlyLUJRNkFuZ3pqa0oxSzZPNFZoaXhtcU9PcWZfWmFQNzJ0enhtUlduSUJZc3NDZDQ0d2lReUk5a0J5RXRLellTODlsTDRKblNveGR6Q1ctTVZGMENyNlhGZnZLUnl5U2s?oc=5\" target=\"_blank\" rel=\"nofollow noopener\">Regulacyjny absurd, czyli kara dla EC Zag\u0142\u0119bie D\u0105browskie. &#8222;Uderza przede wszystkim w mieszka\u0144c\u00f3w&#8221;<\/a>&nbsp;&nbsp;wnp.pl<\/li>\n<\/ol>\n","protected":false},"excerpt":{"rendered":"Szokuj\u0105ce 248 mln z\u0142 kary u progu zimy. Blady strach pad\u0142 na mieszka\u0144c\u00f3w trzech znanych miast&nbsp;&nbsp;Strefa Biznesu Ogromna&hellip;\n","protected":false},"author":2,"featured_media":104215,"comment_status":"","ping_status":"","sticky":false,"template":"","format":"standard","meta":{"footnotes":""},"categories":[12],"tags":[32,33,22827,23217,36,37,27,34,35,28,31,25,42,38,40,39,41,29,30,26],"class_list":{"0":"post-104214","1":"post","2":"type-post","3":"status-publish","4":"format-standard","5":"has-post-thumbnail","7":"category-polska","8":"tag-breaking-news","9":"tag-breakingnews","10":"tag-ec-zaglebie-dabrowskie","11":"tag-euets","12":"tag-featured-news","13":"tag-featurednews","14":"tag-headlines","15":"tag-latest-news","16":"tag-latestnews","17":"tag-naglowki","18":"tag-najwazniejsze-artykuly","19":"tag-news","20":"tag-pl","21":"tag-poland","22":"tag-polish","23":"tag-polska","24":"tag-polski","25":"tag-top-stories","26":"tag-topstories","27":"tag-wiadomosci"},"share_on_mastodon":{"url":"https:\/\/pubeurope.com\/@pl\/115559749768982017","error":""},"_links":{"self":[{"href":"https:\/\/www.europesays.com\/pl\/wp-json\/wp\/v2\/posts\/104214","targetHints":{"allow":["GET"]}}],"collection":[{"href":"https:\/\/www.europesays.com\/pl\/wp-json\/wp\/v2\/posts"}],"about":[{"href":"https:\/\/www.europesays.com\/pl\/wp-json\/wp\/v2\/types\/post"}],"author":[{"embeddable":true,"href":"https:\/\/www.europesays.com\/pl\/wp-json\/wp\/v2\/users\/2"}],"replies":[{"embeddable":true,"href":"https:\/\/www.europesays.com\/pl\/wp-json\/wp\/v2\/comments?post=104214"}],"version-history":[{"count":0,"href":"https:\/\/www.europesays.com\/pl\/wp-json\/wp\/v2\/posts\/104214\/revisions"}],"wp:featuredmedia":[{"embeddable":true,"href":"https:\/\/www.europesays.com\/pl\/wp-json\/wp\/v2\/media\/104215"}],"wp:attachment":[{"href":"https:\/\/www.europesays.com\/pl\/wp-json\/wp\/v2\/media?parent=104214"}],"wp:term":[{"taxonomy":"category","embeddable":true,"href":"https:\/\/www.europesays.com\/pl\/wp-json\/wp\/v2\/categories?post=104214"},{"taxonomy":"post_tag","embeddable":true,"href":"https:\/\/www.europesays.com\/pl\/wp-json\/wp\/v2\/tags?post=104214"}],"curies":[{"name":"wp","href":"https:\/\/api.w.org\/{rel}","templated":true}]}}