{"id":104321,"date":"2025-11-16T15:26:09","date_gmt":"2025-11-16T15:26:09","guid":{"rendered":"https:\/\/www.europesays.com\/pl\/104321\/"},"modified":"2025-11-16T15:26:09","modified_gmt":"2025-11-16T15:26:09","slug":"znany-politolog-trafil-do-szpitala-lekarz-od-razu-zauwazyl","status":"publish","type":"post","link":"https:\/\/www.europesays.com\/pl\/104321\/","title":{"rendered":"Znany politolog trafi\u0142 do szpitala. &#8222;Lekarz od razu zauwa\u017cy\u0142&#8221;"},"content":{"rendered":"<p class=\"ods-c-paragraph \">Marek Migalski jest znanym politologiem oraz wyk\u0142adowc\u0105 akademickim \u2014 pracuje na Uniwersytecie \u015al\u0105skim. W przesz\u0142o\u015bci by\u0142 pos\u0142em do Parlamentu Europejskiego, do kt\u00f3rego dosta\u0142 si\u0119 w 2009 r. Ostatnio znalaz\u0142 si\u0119 jednak w centrum medialnego skandalu \u2014 <a href=\"https:\/\/wiadomosci.onet.pl\/kraj\/kontrowersyjne-slowa-po-smierci-pilota-f-16-uczelnia-ukarala-marka-migalskiego\/qsdehqx\" id=\"163d1d41-d63c-430f-9960-126a698beccf\" rel=\"nofollow noopener\" target=\"_blank\">ogromne kontrowersje wywo\u0142a\u0142y jego s\u0142owa na temat zmar\u0142ego pilota F-16<\/a>, majora Macieja &#8222;Slaby&#8221; Krakowiana.<\/p>\n<p class=\"ods-c-paragraph \">&#8222;Wszyscy wszystkim sk\u0142adaj\u0105 kondolencje i wyra\u017caj\u0105 \u017cal, ale\u2026 pilot, kt\u00f3ry zgin\u0105\u0142, pope\u0142ni\u0142 jaki\u015b niewyobra\u017calny b\u0142\u0105d. To, \u017ce nie \u017cyje, to jego sprawa, ale facet rozwali\u0142 samolot za kilkadziesi\u0105t milion\u00f3w, na kt\u00f3ry wszyscy si\u0119 sk\u0142adali\u015bmy!&#8221; \u2014 napisa\u0142 w\u00f3wczas na platformie X. Wspomniany uniwersytet stanowczo zareagowa\u0142 na wpis, pot\u0119piaj\u0105c jego tre\u015b\u0107.<\/p>\n<p>Dalszy ci\u0105g artyku\u0142u pod materia\u0142em wideo<\/p>\n<p> Jaki nowotw\u00f3r wykryto u Marka Migalskiego? <\/p>\n<p> Kiedy odb\u0119dzie si\u0119 operacja Marka Migalskiego? <\/p>\n<p> Co zarekomendowa\u0142 Marek Migalski internautom? <\/p>\n<p> Na jakim etapie wykryto nowotw\u00f3r u Marka Migalskiego? <\/p>\n<p>  Znany politolog trafi\u0142 do szpitala. &#8222;Lekarz od razu zauwa\u017cy\u0142&#8221;<\/p>\n<p class=\"ods-c-paragraph \">Teraz okaza\u0142o si\u0119, \u017ce Marek Migalski trafi\u0142 do szpitala. Podczas bada\u0144 wykryto u niego nowotw\u00f3r jelita grubego, w zwi\u0105zku z czym b\u0119dzie musia\u0142 przej\u015b\u0107 piln\u0105 operacj\u0119.<\/p>\n<blockquote class=\"ods-o-quota\">\n<p class=\"ods-o-quota__paragraph\">Mam raka jelita grubego. Pojutrze czeka mnie operacja usuni\u0119cia du\u017cej cz\u0119\u015bci esicy. Ten wpis jest po to, \u017ceby\u015bcie unikn\u0119li mojego losu.<\/p>\n<\/blockquote>\n<p class=\"ods-c-paragraph \">&#8222;Wszystko zacz\u0119\u0142o si\u0119 kilka tygodni temu, gdy poszed\u0142em na kolonoskopi\u0119. Nic mnie nie bola\u0142o, ale postanowi\u0142em zbada\u0107 si\u0119 \u00bbjust in case\u00ab [z ang. \u2014 na wszelki wypadek, red.]. Mia\u0142em nadziej\u0119, \u017ce po badaniu us\u0142ysz\u0119, i\u017c mam pi\u0119kne, czyste wn\u0119trze i \u017ce widzimy si\u0119 za dziesi\u0119\u0107 lat \u2014 wszak prawie nie jem mi\u0119sa, jestem aktywny sportowo, zajadam si\u0119 warzywami i owocami&#8221; \u2014 czytamy w obszernym wpisie.<\/p>\n<blockquote class=\"ods-o-quota\">\n<p class=\"ods-o-quota__paragraph\">Niestety, lekarz od razu zauwa\u017cy\u0142, i\u017c mam zmiany onkologiczne i \u017ce prawdopodobnie potrzebna b\u0119dzie operacja. Nie myli\u0142 si\u0119. Doda\u0142, \u017ce gdybym przyszed\u0142 do niego pi\u0119\u0107 lat wcze\u015bniej, po prostu w czasie kolonoskopii usun\u0105\u0142by mi polipa i by\u0142oby po sprawie<\/p>\n<\/blockquote>\n<p class=\"ods-c-paragraph \">&#8222;Zapyta\u0142em, co by si\u0119 sta\u0142o, gdybym przyszed\u0142 za pi\u0119\u0107 lat. Powiedzia\u0142, \u017ce prawdopodobnie do takiego spotkania ju\u017c by nie dosz\u0142o&#8221; \u2014 kontynuowa\u0142.<\/p>\n<p class=\"ods-c-paragraph \">&#8222;To z\u0142o\u015bliwy nowotw\u00f3r, ale o niskiej emisyjno\u015bci (low grade) i wykryty na do\u015b\u0107 wczesnym etapie. Jest wi\u0119c szansa, \u017ce po operacji, rehabilitacji i chemii, za kilka miesi\u0119cy wr\u00f3c\u0119 do dawnego trybu \u017cycia i b\u0119d\u0119 jedynie monitorowa\u0142, czy nie mam w swoim jak\u017ce bogatym wn\u0119trzu jakiego\u015b nowego ogniska rakowego&#8221; \u2014 przekaza\u0142.<\/p>\n<p class=\"ods-c-paragraph \">Nast\u0119pnie zaapelowa\u0142 do internaut\u00f3w, aby pami\u0119tali o regularnych badaniach, dzi\u0119ki kt\u00f3rym mo\u017cna wcze\u015bniej wykry\u0107 chorob\u0119, a tym samym szybciej rozpocz\u0105\u0107 leczenie. &#8222;Ja za kilka dni b\u0119d\u0119 wiedzia\u0142, czy zd\u0105\u017cy\u0142em w ostatnim momencie. Mam nadziej\u0119, \u017ce tak. Trzymajcie si\u0119 i (oby) do rych\u0142ego zobaczenia!&#8221; \u2014 podsumowa\u0142.<\/p>\n<p><img decoding=\"async\" src=\"https:\/\/www.europesays.com\/pl\/wp-content\/uploads\/2025\/11\/FgCk9lBaHR0cHM6Ly9vY2RuLmV1L3B1bHNjbXMvTURBXy9jMjc4ZjhjMTYxZDdmMjkxZWU0M2UwZjE4YjczY2UzZS5qcGeRlQLNA.jpeg\" height=\"529\" width=\"940\" alt=\"Marek Migalski\" loading=\"lazy\" class=\"ods-c-image__img ods-c-image__img--vertical\"\/><\/p>\n<p>Marek MigalskiAndras Szilagyi \/ MW Media<\/p>\n<p class=\"ods-c-paragraph \">Dzi\u0119kujemy, \u017ce przeczyta\u0142a\u015b\/e\u015b nasz artyku\u0142 do ko\u0144ca.\u202fW serwisie Plejada.pl ka\u017cdego dnia piszemy o najwa\u017cniejszych wydarzeniach show-biznesowych.\u202fB\u0105d\u017a na bie\u017c\u0105co!\u202f<a rel=\"nofollow noopener\" href=\"https:\/\/news.google.com\/publications\/CAAiEF0PeAlb7W1llpV_mwV2rL4qFAgKIhBdD3gJW-1tZZaVf5sFdqy-?hl=pl&amp;gl=PL&amp;ceid=PL%3Apl\" id=\"590c5944-efe8-48d4-acb9-9c51e342c725\" target=\"_blank\">Obserwuj<\/a>\u202fPlejad\u0119 w Wiadomo\u015bciach Google. Odwied\u017a nas tak\u017ce na\u202f<a rel=\"nofollow noopener\" href=\"https:\/\/www.facebook.com\/plejadapl\" id=\"30ba7e5d-ed2b-4cf7-a1b5-00c9ec7b0433\" target=\"_blank\">Facebooku<\/a>,\u202f<a rel=\"nofollow noopener\" href=\"https:\/\/www.instagram.com\/plejadapl\/\" id=\"b48bf0ed-e3af-4e94-b718-40bca060305b\" target=\"_blank\">Instagramie<\/a>,\u202f<a rel=\"nofollow noopener\" href=\"https:\/\/www.youtube.com\/c\/plejada\" id=\"010f6f16-2ab6-40be-b402-547fc47e2c04\" target=\"_blank\">YouTubie<\/a>\u202foraz\u202f<a rel=\"nofollow noopener\" href=\"https:\/\/www.tiktok.com\/@plejada_pl\" id=\"27482e66-ad9c-472a-bd08-6fc4254ac0ab\" target=\"_blank\">TikToku<\/a>.<\/p>\n<p class=\"ods-c-paragraph \">Chcesz podzieli\u0107 si\u0119 ciekawym newsem lub zaproponowa\u0107 temat? Skontaktuj si\u0119 z nami, pisz\u0105c maila na adres:\u202f<a rel=\"nofollow noopener\" href=\"https:\/\/plejada.pl\/newsy\/znany-politolog-trafil-do-szpitala-lekarz-od-razu-zauwazyl\/mailto:plejada@redakcjaonet.pl\" id=\"3c226b1c-b50b-4e40-a42a-b86f2cd6b17b\" target=\"_blank\">plejada@redakcjaonet.pl<\/a>.<\/p>\n<p><script async src=\"\/\/www.instagram.com\/embed.js\"><\/script><script async src=\"\/\/www.tiktok.com\/embed.js\"><\/script><\/p>\n","protected":false},"excerpt":{"rendered":"Marek Migalski jest znanym politologiem oraz wyk\u0142adowc\u0105 akademickim \u2014 pracuje na Uniwersytecie \u015al\u0105skim. W przesz\u0142o\u015bci by\u0142 pos\u0142em do&hellip;\n","protected":false},"author":2,"featured_media":104322,"comment_status":"","ping_status":"","sticky":false,"template":"","format":"standard","meta":{"footnotes":""},"categories":[12],"tags":[32,33,36,37,27,34,35,16388,28,31,48,25,125,5354,46,42,38,40,39,41,20729,47,29,30,26],"class_list":{"0":"post-104321","1":"post","2":"type-post","3":"status-publish","4":"format-standard","5":"has-post-thumbnail","7":"category-polska","8":"tag-breaking-news","9":"tag-breakingnews","10":"tag-featured-news","11":"tag-featurednews","12":"tag-headlines","13":"tag-latest-news","14":"tag-latestnews","15":"tag-marek_migalski","16":"tag-naglowki","17":"tag-najwazniejsze-artykuly","18":"tag-nat_styl","19":"tag-news","20":"tag-newsy","21":"tag-ochrona_zdrowia","22":"tag-omp","23":"tag-pl","24":"tag-poland","25":"tag-polish","26":"tag-polska","27":"tag-polski","28":"tag-rewquiz_tst1","29":"tag-screening_general","30":"tag-top-stories","31":"tag-topstories","32":"tag-wiadomosci"},"share_on_mastodon":{"url":"https:\/\/pubeurope.com\/@pl\/115560080131072803","error":""},"_links":{"self":[{"href":"https:\/\/www.europesays.com\/pl\/wp-json\/wp\/v2\/posts\/104321","targetHints":{"allow":["GET"]}}],"collection":[{"href":"https:\/\/www.europesays.com\/pl\/wp-json\/wp\/v2\/posts"}],"about":[{"href":"https:\/\/www.europesays.com\/pl\/wp-json\/wp\/v2\/types\/post"}],"author":[{"embeddable":true,"href":"https:\/\/www.europesays.com\/pl\/wp-json\/wp\/v2\/users\/2"}],"replies":[{"embeddable":true,"href":"https:\/\/www.europesays.com\/pl\/wp-json\/wp\/v2\/comments?post=104321"}],"version-history":[{"count":0,"href":"https:\/\/www.europesays.com\/pl\/wp-json\/wp\/v2\/posts\/104321\/revisions"}],"wp:featuredmedia":[{"embeddable":true,"href":"https:\/\/www.europesays.com\/pl\/wp-json\/wp\/v2\/media\/104322"}],"wp:attachment":[{"href":"https:\/\/www.europesays.com\/pl\/wp-json\/wp\/v2\/media?parent=104321"}],"wp:term":[{"taxonomy":"category","embeddable":true,"href":"https:\/\/www.europesays.com\/pl\/wp-json\/wp\/v2\/categories?post=104321"},{"taxonomy":"post_tag","embeddable":true,"href":"https:\/\/www.europesays.com\/pl\/wp-json\/wp\/v2\/tags?post=104321"}],"curies":[{"name":"wp","href":"https:\/\/api.w.org\/{rel}","templated":true}]}}