{"id":104360,"date":"2025-11-16T15:52:13","date_gmt":"2025-11-16T15:52:13","guid":{"rendered":"https:\/\/www.europesays.com\/pl\/104360\/"},"modified":"2025-11-16T15:52:13","modified_gmt":"2025-11-16T15:52:13","slug":"sklepy-otwarte-przez-trzy-niedziele-w-miesiacu-pierwsza-taka-zmiana-od-lat","status":"publish","type":"post","link":"https:\/\/www.europesays.com\/pl\/104360\/","title":{"rendered":"Sklepy otwarte przez trzy niedziele w miesi\u0105cu. Pierwsza taka zmiana od lat"},"content":{"rendered":"<p>\t\t\t\t\tOd 1 lutego 2025 roku obowi\u0105zuj\u0105 w Polsce nowe zasady dotycz\u0105ce handlu w niedziele &#8211; to najwi\u0119ksza zmiana od czasu wprowadzenia zakazu w 2018 roku. Rz\u0105d zwi\u0119kszy\u0142 liczb\u0119 niedziel handlowych i jednocze\u015bnie ustanowi\u0142 Wigili\u0119 dniem ustawowo wolnym od pracy.<\/p>\n<ul>&#13;<\/p>\n<li>Wi\u0119cej handlowych niedziel:\u00a0Od lutego 2025 r. sklepy mog\u0105 dzia\u0142a\u0107 w\u00a08 niedziele w roku, w tym a\u017c\u00a0trzy kolejne przed Bo\u017cym Narodzeniem.<\/li>\n<p>&#13;<\/p>\n<li>Wigilia (24 grudnia) sta\u0142a si\u0119 dniem ustawowo wolnym &#8211; \u017cadne sklepy nie b\u0119d\u0105 otwarte, tak\u017ce te, kt\u00f3re wcze\u015bniej dzia\u0142a\u0142y do po\u0142udnia.<\/li>\n<p>&#13;<\/p>\n<li>Za z\u0142amanie zakazu handlu w Wigili\u0119 lub niedziel\u0119 niehandlow\u0105 grozi\u00a0grzywna do 100 tys. z\u0142;<\/li>\n<p>&#13;<\/p>\n<li>Pracownicy mog\u0105 pracowa\u0107 maksymalnie w dw\u00f3ch grudniowych niedzielach.<\/li>\n<p>&#13;\n<\/ul>\n<p>        <a href=\"https:\/\/www.portalspozywczy.pl\/handel\/wiadomosci\/wszystko-jasne-dino-zdradza-co-naprawde-dzieje-sie-z-owocami-warzywami-i-kwiatami-w-sklepach,282802.html\" class=\"read-more-box-img-cnt\" rel=\"nofollow noopener\" target=\"_blank\"><br \/>\n        \t                <img decoding=\"async\" loading=\"lazy\" src=\"https:\/\/www.europesays.com\/pl\/wp-content\/uploads\/2025\/11\/191921_r0_300.jpg\" alt=\"Wszystko jasne. Dino zdradza, co naprawd\u0119 dzieje si\u0119 z owocami, warzywami i kwiatami w sklepach\" class=\"read-more-box-img\" width=\"150\" height=\"100\"\/><br \/>\n                    <\/a><\/p>\n<p>Grudzie\u0144 przyni\u00f3s\u0142 prze\u0142om w handlu w niedziele<\/p>\n<p>Nowelizacja przepis\u00f3w sprawi\u0142a, \u017ce w grudniu b\u0119dzie mo\u017cna zrobi\u0107 zakupy a\u017c w\u00a0trzy kolejne niedziele przed Bo\u017cym Narodzeniem &#8211; wcze\u015bniej by\u0142y tylko dwie. W praktyce oznacza to\u00a0osiem niedziel handlowych w ca\u0142ym 2025 roku, co ma u\u0142atwi\u0107 przygotowania \u015bwi\u0105teczne i roz\u0142adowa\u0107 t\u0142ok w sklepach.<\/p>\n<p>Wigilia, kt\u00f3ra przypada 24 grudnia, sta\u0142a si\u0119 natomiast\u00a0dniem wolnym od pracy dla wszystkich, r\u00f3wnie\u017c dla os\u00f3b zatrudnionych w handlu. Tego dnia zamkni\u0119te b\u0119d\u0105 wszystkie sklepy 0 tak\u017ce te, kt\u00f3re dot\u0105d mog\u0142y dzia\u0142a\u0107 do godziny 14.<\/p>\n<p>        <a href=\"https:\/\/www.portalspozywczy.pl\/handel\/wiadomosci\/siec-sklepow-rezygnuje-z-autonomicznych-placowek,282720.html\" class=\"read-more-box-img-cnt\" rel=\"nofollow noopener\" target=\"_blank\"><br \/>\n        \t                <img decoding=\"async\" loading=\"lazy\" src=\"https:\/\/www.europesays.com\/pl\/wp-content\/uploads\/2025\/11\/191827_r0_300.jpg\" alt=\"Sie\u0107 sklep\u00f3w rezygnuje z autonomicznych plac\u00f3wek\" class=\"read-more-box-img\" width=\"150\" height=\"100\"\/><br \/>\n                    <\/a><\/p>\n<p>Osiem niedziel handlowych w 2025 roku<\/p>\n<ul>&#13;<\/p>\n<li>26 stycznia<\/li>\n<p>&#13;<\/p>\n<li>13 i 27 kwietnia<\/li>\n<p>&#13;<\/p>\n<li>29 czerwca<\/li>\n<p>&#13;<\/p>\n<li>31 sierpnia<\/li>\n<p>&#13;<\/p>\n<li>7, 14 i 21 grudnia.<\/li>\n<p>&#13;\n<\/ul>\n<p>W pozosta\u0142e niedziele obowi\u0105zuje zakaz handlu. Nadal jednak czynne mog\u0105 by\u0107\u00a0sklepy, w kt\u00f3rych za lad\u0105 stoi w\u0142a\u015bciciel\u00a0(np. \u017babka), a tak\u017ce\u00a0stacje paliw, apteki, piekarnie, cukiernie, kwiaciarnie, sklepy na dworcach i lokale gastronomiczne.<\/p>\n<p>        <a href=\"https:\/\/www.portalspozywczy.pl\/handel\/wiadomosci\/warszawski-supermarket-otwarty-w-niehandlowe-niedziele-jak-sklep-omija-zakaz,282153.html\" class=\"read-more-box-img-cnt\" rel=\"nofollow noopener\" target=\"_blank\"><br \/>\n        \t                <img decoding=\"async\" loading=\"lazy\" src=\"https:\/\/www.europesays.com\/pl\/wp-content\/uploads\/2025\/11\/191243_r0_300.jpg\" alt=\"Warszawski supermarket otwarty w niehandlowe niedziele. Jak sklep omija zakaz?\" class=\"read-more-box-img\" width=\"150\" height=\"100\"\/><br \/>\n                    <\/a><\/p>\n<p>Nowe zasady dla pracownik\u00f3w\u00a0sklep\u00f3w<\/p>\n<p>Zgodnie z nowymi regulacjami, w grudniu pracownik handlu\u00a0nie mo\u017ce pracowa\u0107 wi\u0119cej ni\u017c w dw\u00f3ch niedzielach, nawet je\u015bli jego sklep jest otwarty. Ma to ograniczy\u0107 przeci\u0105\u017cenie pracownik\u00f3w w gor\u0105cym okresie przed\u015bwi\u0105tecznym.<\/p>\n<p>Za z\u0142amanie przepis\u00f3w grozi wysoka kara. Pa\u0144stwowa Inspekcja Pracy przypomina, \u017ce\u00a0za otwarcie sklepu w Wigili\u0119 lub niedziel\u0119 obj\u0119t\u0105 zakazem\u00a0przedsi\u0119biorcy grozi grzywna od\u00a01000 do nawet 100 000 z\u0142, a w przypadku uporczywego \u0142amania prawa &#8211; kara ograniczenia wolno\u015bci.<\/p>\n<p>Dyskusja o przysz\u0142o\u015bci zakazu handlu trwa<\/p>\n<p>Cho\u0107 zmiany dopiero wesz\u0142y w \u017cycie, w rz\u0105dzie nie ma pe\u0142nej zgody co do przysz\u0142o\u015bci zakazu handlu w niedziele. Minister finans\u00f3w i gospodarki\u00a0Andrzej Doma\u0144ski\u00a0w rozmowie z Radiem Zet przyzna\u0142, \u017ce popiera\u00a0cz\u0119\u015bciowy powr\u00f3t do niedziel handlowych.<\/p>\n<blockquote><p>&#13;<\/p>\n<p>Jestem zwolennikiem, aby niedziele handlowe w pewnym wymiarze wr\u00f3ci\u0142y. To kwestia do dyskusji politycznej, bo nie ma pe\u0142nej zgody w koalicji &#8211; powiedzia\u0142 Doma\u0144ski.<\/p>\n<p>&#13;\n<\/p><\/blockquote>\n","protected":false},"excerpt":{"rendered":"Od 1 lutego 2025 roku obowi\u0105zuj\u0105 w Polsce nowe zasady dotycz\u0105ce handlu w niedziele &#8211; to najwi\u0119ksza zmiana&hellip;\n","protected":false},"author":2,"featured_media":104361,"comment_status":"","ping_status":"","sticky":false,"template":"","format":"standard","meta":{"footnotes":""},"categories":[16],"tags":[664,17159,9789,9783,15068,9780,9786,15065,113,112,9781,9784,9778,15063,15066,17157,9787,42,38,40,39,41,9782,9785,9779,15064,15067,17158,9788],"class_list":{"0":"post-104360","1":"post","2":"type-post","3":"status-publish","4":"format-standard","5":"has-post-thumbnail","7":"category-biznes","8":"tag-typedefinedterm","9":"tag-1638-html","10":"tag-16812-html","11":"tag-37231-html","12":"tag-37487-html","13":"tag-50504-html","14":"tag-50564-html","15":"tag-67730-html","16":"tag-biznes","17":"tag-business","18":"tag-namehandel-w-niedziele","19":"tag-nameniedziela-bez-handlu","20":"tag-nameniedziela-handlowa","21":"tag-nameniedziele-handlowe-w-grudniu","22":"tag-namezakaz-handlu","23":"tag-namezakaz-handlu-w-dni-u015bwiu0105teczne","24":"tag-namezakaz-handlu-w-niedziele","25":"tag-pl","26":"tag-poland","27":"tag-polish","28":"tag-polska","29":"tag-polski","30":"tag-urlhttps-www-portalspozywczy-pl-tagi-handel-w-niedziele","31":"tag-urlhttps-www-portalspozywczy-pl-tagi-niedziela-bez-handlu","32":"tag-urlhttps-www-portalspozywczy-pl-tagi-niedziela-handlowa","33":"tag-urlhttps-www-portalspozywczy-pl-tagi-niedziele-handlowe-w-grudniu","34":"tag-urlhttps-www-portalspozywczy-pl-tagi-zakaz-handlu","35":"tag-urlhttps-www-portalspozywczy-pl-tagi-zakaz-handlu-w-dni-swiateczne","36":"tag-urlhttps-www-portalspozywczy-pl-tagi-zakaz-handlu-w-niedziele"},"share_on_mastodon":{"url":"","error":"Validation failed: Text character limit of 500 exceeded"},"_links":{"self":[{"href":"https:\/\/www.europesays.com\/pl\/wp-json\/wp\/v2\/posts\/104360","targetHints":{"allow":["GET"]}}],"collection":[{"href":"https:\/\/www.europesays.com\/pl\/wp-json\/wp\/v2\/posts"}],"about":[{"href":"https:\/\/www.europesays.com\/pl\/wp-json\/wp\/v2\/types\/post"}],"author":[{"embeddable":true,"href":"https:\/\/www.europesays.com\/pl\/wp-json\/wp\/v2\/users\/2"}],"replies":[{"embeddable":true,"href":"https:\/\/www.europesays.com\/pl\/wp-json\/wp\/v2\/comments?post=104360"}],"version-history":[{"count":0,"href":"https:\/\/www.europesays.com\/pl\/wp-json\/wp\/v2\/posts\/104360\/revisions"}],"wp:featuredmedia":[{"embeddable":true,"href":"https:\/\/www.europesays.com\/pl\/wp-json\/wp\/v2\/media\/104361"}],"wp:attachment":[{"href":"https:\/\/www.europesays.com\/pl\/wp-json\/wp\/v2\/media?parent=104360"}],"wp:term":[{"taxonomy":"category","embeddable":true,"href":"https:\/\/www.europesays.com\/pl\/wp-json\/wp\/v2\/categories?post=104360"},{"taxonomy":"post_tag","embeddable":true,"href":"https:\/\/www.europesays.com\/pl\/wp-json\/wp\/v2\/tags?post=104360"}],"curies":[{"name":"wp","href":"https:\/\/api.w.org\/{rel}","templated":true}]}}