{"id":104519,"date":"2025-11-16T18:18:14","date_gmt":"2025-11-16T18:18:14","guid":{"rendered":"https:\/\/www.europesays.com\/pl\/104519\/"},"modified":"2025-11-16T18:18:14","modified_gmt":"2025-11-16T18:18:14","slug":"the-voice-of-poland-marcin-spenner-o-trenerach-zywiol-ognia","status":"publish","type":"post","link":"https:\/\/www.europesays.com\/pl\/104519\/","title":{"rendered":"The Voice of Poland&#8221;: Marcin Spenner o trenerach. &#8222;\u017bywio\u0142 ognia"},"content":{"rendered":"<p class=\"typography ids-typeset-body ids-typeset-body--preset-large link paragraph ids-paragraph ids-paragraph--default\">Marcin Spenner da\u0142 si\u0119 pozna\u0107 szerszej publiczno\u015bci w 2012 roku, kiedy pojawi\u0142 si\u0119 w programie &#8222;X Factor&#8221;. Dotar\u0142 tam do fina\u0142u, w kt\u00f3rym przegra\u0142 z Dawidem Podsiad\u0142\u0105.<\/p>\n<p class=\"typography ids-typeset-body ids-typeset-body--preset-large link paragraph ids-paragraph ids-paragraph--default\">W 2019 roku ukaza\u0142 si\u0119 jego album <a href=\"https:\/\/teksciory.interia.pl\/marcin-spenner-na-czas-tekst-piosenki,t,669623.html\" target=\"_blank\" rel=\"nofollow noopener\">&#8222;Na czas&#8221;<\/a>, jednak karier\u0119 Spennera przerwa\u0142a pandemia. &#8222;W 2019 r. wyda\u0142em album o przewrotnym tytule 'Na Czas&#8217;, kt\u00f3ry niestety okaza\u0142 si\u0119 niew\u0142a\u015bciwy, poniewa\u017c zaraz potem przysz\u0142a pandemia i kolokwialnie m\u00f3wi\u0105c, zmiot\u0142o mnie z planszy&#8221; &#8211; m\u00f3wi\u0142 p\u00f3\u017aniej.<\/p>\n<p>Marcin Spenner o &#8222;The Voice of Poland&#8221;: &#8222;To najwy\u017cszy poziom&#8221;<\/p>\n<p class=\"typography ids-typeset-body ids-typeset-body--preset-large link paragraph ids-paragraph ids-paragraph--default\">Teraz postanowi\u0142 przypomnie\u0107 o sobie i spr\u00f3bowa\u0107 si\u0142 w\u00a0&#8222;The Voice of Poland&#8221;, gdzie trafi\u0142 do dru\u017cyny Tomsona i Barona. Ostatecznie po\u017cegna\u0142 si\u0119 z programem w \u0107wier\u0107fina\u0142ach.<\/p>\n<p class=\"typography ids-typeset-body ids-typeset-body--preset-large link paragraph ids-paragraph ids-paragraph--default\">&#8222;Program rz\u0105dzi si\u0119 swoimi zasadami, do pewnych rzeczy trzeba si\u0119 tutaj przyzwyczai\u0107, natomiast je\u015bli chodzi o sam poziom produkcji i realizacji, to jest najwy\u017cszy poziom&#8221; &#8211; m\u00f3wi\u0142 w rozmowie z Plejad\u0105.<\/p>\n<p class=\"typography ids-typeset-body ids-typeset-body--preset-large link paragraph ids-paragraph ids-paragraph--default\">&#8222;Na ch\u0142opak\u00f3w zawsze mo\u017cna liczy\u0107. Jeste\u015bmy w dru\u017cynie \u017cywio\u0142u ognia i to czu\u0107, tak\u017ce wsp\u00f3\u0142praca przebiega \u015bwietnie&#8221; &#8211; tak z kolei opisa\u0142 wsp\u00f3\u0142prac\u0119 z dru\u017cyn\u0105 Afromental.<\/p>\n<p class=\"typography ids-typeset-body ids-typeset-body--preset-large link paragraph ids-paragraph ids-paragraph--default\">Przypomijmy, \u017ce do kolejnego etapu z teamu Tomsona i Barona przeszli Mateusz Jagie\u0142\u0142o i Kinga Rutkowska.<\/p>\n<p>Marcin Spenner w &#8222;The Voice of Poland&#8221;. &#8222;Ka\u017cdy zas\u0142uguje na drug\u0105 szans\u0119&#8221;\u00a0TVP<\/p>\n<p><a class=\"ids-undecorated-link source ids-page-info--source__link\" href=\"https:\/\/www.interia.pl\" rel=\"nofollow noopener\" target=\"_blank\"><img decoding=\"async\" class=\"ids-image-holder__img\" loading=\"lazy\" alt=\"\" title=\"\" height=\"24px\" src=\"https:\/\/www.europesays.com\/pl\/wp-content\/uploads\/2025\/11\/1763129291_425_0009A60QQ5I2TYF7-C202-F4.webp.webp\"\/><\/a><\/p>\n<p>Masz sugestie, uwagi albo widzisz b\u0142\u0105d? Napisz do nas<\/p>\n","protected":false},"excerpt":{"rendered":"Marcin Spenner da\u0142 si\u0119 pozna\u0107 szerszej publiczno\u015bci w 2012 roku, kiedy pojawi\u0142 si\u0119 w programie &#8222;X Factor&#8221;. Dotar\u0142&hellip;\n","protected":false},"author":2,"featured_media":104520,"comment_status":"","ping_status":"","sticky":false,"template":"","format":"standard","meta":{"footnotes":""},"categories":[22],"tags":[122,42,38,40,39,41,123],"class_list":{"0":"post-104519","1":"post","2":"type-post","3":"status-publish","4":"format-standard","5":"has-post-thumbnail","7":"category-rozrywka","8":"tag-entertainment","9":"tag-pl","10":"tag-poland","11":"tag-polish","12":"tag-polska","13":"tag-polski","14":"tag-rozrywka"},"share_on_mastodon":{"url":"https:\/\/pubeurope.com\/@pl\/115560756257786796","error":""},"_links":{"self":[{"href":"https:\/\/www.europesays.com\/pl\/wp-json\/wp\/v2\/posts\/104519","targetHints":{"allow":["GET"]}}],"collection":[{"href":"https:\/\/www.europesays.com\/pl\/wp-json\/wp\/v2\/posts"}],"about":[{"href":"https:\/\/www.europesays.com\/pl\/wp-json\/wp\/v2\/types\/post"}],"author":[{"embeddable":true,"href":"https:\/\/www.europesays.com\/pl\/wp-json\/wp\/v2\/users\/2"}],"replies":[{"embeddable":true,"href":"https:\/\/www.europesays.com\/pl\/wp-json\/wp\/v2\/comments?post=104519"}],"version-history":[{"count":0,"href":"https:\/\/www.europesays.com\/pl\/wp-json\/wp\/v2\/posts\/104519\/revisions"}],"wp:featuredmedia":[{"embeddable":true,"href":"https:\/\/www.europesays.com\/pl\/wp-json\/wp\/v2\/media\/104520"}],"wp:attachment":[{"href":"https:\/\/www.europesays.com\/pl\/wp-json\/wp\/v2\/media?parent=104519"}],"wp:term":[{"taxonomy":"category","embeddable":true,"href":"https:\/\/www.europesays.com\/pl\/wp-json\/wp\/v2\/categories?post=104519"},{"taxonomy":"post_tag","embeddable":true,"href":"https:\/\/www.europesays.com\/pl\/wp-json\/wp\/v2\/tags?post=104519"}],"curies":[{"name":"wp","href":"https:\/\/api.w.org\/{rel}","templated":true}]}}