{"id":104621,"date":"2025-11-16T19:26:09","date_gmt":"2025-11-16T19:26:09","guid":{"rendered":"https:\/\/www.europesays.com\/pl\/104621\/"},"modified":"2025-11-16T19:26:09","modified_gmt":"2025-11-16T19:26:09","slug":"byla-83-minuta-meczu-el-ms-gdy-nadeszly-fatalne-wiesci-dla-polski-najgorszy-scenariusz","status":"publish","type":"post","link":"https:\/\/www.europesays.com\/pl\/104621\/","title":{"rendered":"By\u0142a 83. minuta meczu el. M\u015a, gdy nadesz\u0142y fatalne wie\u015bci dla Polski. Najgorszy scenariusz!"},"content":{"rendered":"<p class=\"Paragraph_desktopParagraph__Fd2e9\">Przed ostatni\u0105 przerw\u0105 na mecze reprezentacji mieli na koncie cztery punkty, a zagraj\u0105 w bara\u017cach o awans na mundial! <a href=\"https:\/\/przegladsportowy.onet.pl\/pilka-nozna\/eliminacje-ms\/niesamowite-zagraja-w-barazach-o-ms-decydujacy-gol-w-96-minucie\/yf4jhzw\" id=\"814102ce-6b76-493d-a13e-c8b56b8cb448\" rel=\"nofollow noopener\" target=\"_blank\">Irlandia zaskoczy\u0142a wszystkich, a na drugie miejsce wskoczy\u0142a&#8230; po ograniu Portugalii i golu w 96. minucie gry<\/a>! A to mia\u0142 by\u0107 dopiero pocz\u0105tek wielkich niedzielnych emocji w eliminacjach. I zn\u00f3w ogl\u0105dali\u015bmy bezpo\u015bredni\u0105 walk\u0119 o drugie miejsce w grupie. I to w Warszawie!<\/p>\n<p class=\"VideoPlayerText_videoPlayerText__zrtJk\">Dalszy ci\u0105g materia\u0142u pod wideo<\/p>\n<p class=\"Paragraph_desktopParagraph__Fd2e9\">W ko\u0144cu Francuzi byli ju\u017c pewni wyjazdu na mundial, a o gr\u0119 w bara\u017cach na stadionie Legii gra\u0142y reprezentacje Ukrainy i Islandii. Obie mia\u0142y na koncie po siedem punkt\u00f3w, ale znacznie lepszy bilans bramkowy mieli Islandczycy, wi\u0119c ich promowa\u0142 nawet remis. Kibice liczyli natomiast na powt\u00f3rk\u0119 z rozrywki, skoro w pierwszym meczu tych dru\u017cyn nasi s\u0105siedzi wygrali a\u017c 5:3!<\/p>\n<p class=\"Paragraph_desktopParagraph__Fd2e9\">Szybko okaza\u0142o si\u0119 jednak, \u017ce o powt\u00f3rk\u0119 z tak szalonego meczu mo\u017ce by\u0107 trudno. Obu zespo\u0142om zale\u017ca\u0142o na zwyci\u0119stwie, potrafi\u0142y stworzy\u0107 sobie okazj\u0119, ale zdecydowanie brakowa\u0142o im skuteczno\u015bci. Wystarczy wspomnie\u0107, \u017ce pierwszy celny strza\u0142 ogl\u0105dali\u015bmy&#8230; po 40 minutach gry!<\/p>\n<p class=\"Paragraph_desktopParagraph__Fd2e9\">Po efektownej serii kilku poda\u0144 na sprytny strza\u0142 pi\u0119t\u0105 zdecydowa\u0142 si\u0119 W\u0142adys\u0142aw Wanat, ale z bliska nie zdo\u0142a\u0142 zaskoczy\u0107 Eliasa Olafssona.<\/p>\n<p class=\"Paragraph_desktopParagraph__Fd2e9\">Do przerwy gole wi\u0119c nie pad\u0142y, taki wynik pasowa\u0142 Islandii, ale jedna bramka mog\u0142a zmieni\u0107 wszystko. A to spotkanie z zaciekawieniem mogli ogl\u0105da\u0107 Polacy, dla kt\u00f3rych by\u0142o to wa\u017cne spotkanie w kontek\u015bcie rozstawienia w bara\u017cach. W skr\u00f3cie \u2014 mog\u0142o zale\u017ce\u0107 nam na tym, \u017ceby to nie Ukraina zaj\u0119\u0142a drugie miejsce w grupie D, bo to przybli\u017ca\u0142oby nas do miejsca w pierwszym koszyku przed losowaniem.<\/p>\n<p>Ukraina walczy\u0142a do ko\u0144ca! Niesamowite sceny w Warszawie<\/p>\n<p class=\"Paragraph_desktopParagraph__Fd2e9\">Ukraina musia\u0142a ruszy\u0107 do przodu po przerwie i faktycznie obserwowali\u015bmy wi\u0119cej atak\u00f3w tej reprezentacji. Wynik si\u0119 jednak nie zmienia\u0142 i Serhij Rebrow zdecydowa\u0142 si\u0119 na zmiany, a na murawie pojawili si\u0119 Roman Jaremczuk i Myko\u0142a Szaparenko.<\/p>\n<p class=\"Paragraph_desktopParagraph__Fd2e9\">To nie przek\u0142ada\u0142o si\u0119 jednak na dogodne okazje. Ukrai\u0144cy faktycznie przewa\u017cali, ale niekoniecznie stwarzali sobie szanse, by zdoby\u0107 tak upragnionego gola. A w 77. minucie ich marzenia mog\u0142y dobiec ko\u0144ca! Po do\u015brodkowaniu z rzutu wolnego strzela\u0142 Victor Palsson, ale kapitalna interwencja Anatolija Trubina utrzyma\u0142a jeszcze Ukrai\u0144c\u00f3w w tym meczu!<\/p>\n<p class=\"Paragraph_desktopParagraph__Fd2e9\">A skoro Islandia nie wykorzysta\u0142a \u015bwietnej szansy, to na to odpowiedzieli rywale! Po rzucie ro\u017cnym \u015bwietnie w polu karnym odnalaz\u0142 si\u0119 O\u0142eksandr Zubkow i to Ukraina zagra w bara\u017cach! A nasi s\u0105siedzi ostatecznie wygrali 2:0, po golu O\u0142eksija Huculaka ju\u017c w doliczonym czasie gry!<\/p>\n<p class=\"Paragraph_desktopParagraph__Fd2e9\">A co to oznacza dla Polak\u00f3w? W skr\u00f3cie to, \u017ce teraz musimy trzyma\u0107 kciuki za Dani\u0119 i Austri\u0119.<\/p>\n<p class=\"Paragraph_desktopParagraph__Fd2e9\">Z grupy D na mistrzostwa \u015bwiata awansowa\u0142a Francja, kt\u00f3ra zdoby\u0142a 16 punkt\u00f3w. W bara\u017cach o awans na turniej zagraj\u0105 natomiast Ukrai\u0144cy.<\/p>\n","protected":false},"excerpt":{"rendered":"Przed ostatni\u0105 przerw\u0105 na mecze reprezentacji mieli na koncie cztery punkty, a zagraj\u0105 w bara\u017cach o awans na&hellip;\n","protected":false},"author":2,"featured_media":104622,"comment_status":"","ping_status":"","sticky":false,"template":"","format":"standard","meta":{"footnotes":""},"categories":[5],"tags":[32,33,8281,36,37,27,67,34,35,28,31,25,42,38,40,39,41,136,128,47,135,29,30,26],"class_list":{"0":"post-104621","1":"post","2":"type-post","3":"status-publish","4":"format-standard","5":"has-post-thumbnail","7":"category-naglowki","8":"tag-breaking-news","9":"tag-breakingnews","10":"tag-eliminacje_ms","11":"tag-featured-news","12":"tag-featurednews","13":"tag-headlines","14":"tag-intextvideo_splayer","15":"tag-latest-news","16":"tag-latestnews","17":"tag-naglowki","18":"tag-najwazniejsze-artykuly","19":"tag-news","20":"tag-pl","21":"tag-poland","22":"tag-polish","23":"tag-polska","24":"tag-polski","25":"tag-ps_detal_new","26":"tag-psv2","27":"tag-screening_general","28":"tag-sport_sport","29":"tag-top-stories","30":"tag-topstories","31":"tag-wiadomosci"},"share_on_mastodon":{"url":"https:\/\/pubeurope.com\/@pl\/115561023584946884","error":""},"_links":{"self":[{"href":"https:\/\/www.europesays.com\/pl\/wp-json\/wp\/v2\/posts\/104621","targetHints":{"allow":["GET"]}}],"collection":[{"href":"https:\/\/www.europesays.com\/pl\/wp-json\/wp\/v2\/posts"}],"about":[{"href":"https:\/\/www.europesays.com\/pl\/wp-json\/wp\/v2\/types\/post"}],"author":[{"embeddable":true,"href":"https:\/\/www.europesays.com\/pl\/wp-json\/wp\/v2\/users\/2"}],"replies":[{"embeddable":true,"href":"https:\/\/www.europesays.com\/pl\/wp-json\/wp\/v2\/comments?post=104621"}],"version-history":[{"count":0,"href":"https:\/\/www.europesays.com\/pl\/wp-json\/wp\/v2\/posts\/104621\/revisions"}],"wp:featuredmedia":[{"embeddable":true,"href":"https:\/\/www.europesays.com\/pl\/wp-json\/wp\/v2\/media\/104622"}],"wp:attachment":[{"href":"https:\/\/www.europesays.com\/pl\/wp-json\/wp\/v2\/media?parent=104621"}],"wp:term":[{"taxonomy":"category","embeddable":true,"href":"https:\/\/www.europesays.com\/pl\/wp-json\/wp\/v2\/categories?post=104621"},{"taxonomy":"post_tag","embeddable":true,"href":"https:\/\/www.europesays.com\/pl\/wp-json\/wp\/v2\/tags?post=104621"}],"curies":[{"name":"wp","href":"https:\/\/api.w.org\/{rel}","templated":true}]}}